{"id":78962,"date":"2025-07-17T08:05:12","date_gmt":"2025-07-17T11:05:12","guid":{"rendered":"https:\/\/www.tvnovelas.com.br\/tvnews\/?p=78962"},"modified":"2025-07-17T08:05:12","modified_gmt":"2025-07-17T11:05:12","slug":"vale-tudo-ivan-descobre-que-heleninha-o-monitora","status":"publish","type":"post","link":"https:\/\/www.tvnovelas.com.br\/tvnews\/vale-tudo-ivan-descobre-que-heleninha-o-monitora\/","title":{"rendered":"Vale Tudo: Ivan descobre que Heleninha o monitora"},"content":{"rendered":"<p><figure id=\"attachment_78963\" aria-describedby=\"caption-attachment-78963\" style=\"width: 728px\" class=\"wp-caption alignnone\"><img data-recalc-dims=\"1\" decoding=\"async\" src=\"https:\/\/i0.wp.com\/www.tvnovelas.com.br\/tvnews\/wp-content\/uploads\/2025\/07\/11536.jpg?resize=728%2C410&#038;ssl=1\" alt=\"Foto em Vale Tudo: Ivan descobre que Heleninha o monitora\" width=\"728\" height=\"410\" class=\"size-full wp-image-78963\" srcset=\"https:\/\/i0.wp.com\/www.tvnovelas.com.br\/tvnews\/wp-content\/uploads\/2025\/07\/11536.jpg?w=728&amp;ssl=1 728w, https:\/\/i0.wp.com\/www.tvnovelas.com.br\/tvnews\/wp-content\/uploads\/2025\/07\/11536.jpg?resize=250%2C141&amp;ssl=1 250w\" sizes=\"(max-width: 728px) 100vw, 728px\" \/><figcaption id=\"caption-attachment-78963\" class=\"wp-caption-text\">Vale Tudo: Ivan descobre que Heleninha o monitora<\/figcaption><\/figure><br \/>\n(Foto: TV Globo\/Vale Tudo)<br \/>\nEm Vale Tudo, Ivan (Renato G\u00f3es) descobrir\u00e1 que teve o celular \u201chackeado\u201d por Heleninha (Paolla Oliveira) e que a esposa estava com acesso \u00e0 localiza\u00e7\u00e3o em tempo real dele. Irado, ap\u00f3s uma briga com a pintora o empres\u00e1rio decidir\u00e1 sair da mans\u00e3o e para dormir na casa do pai.<\/p>\n<p>Heleninha ficar\u00e1 t\u00e3o desestabilizada que Celina (Malu Galli) se sentir\u00e1 no direito de intervir. A madame vai \u00e0 TCA para conversar com Ivan, numa tentativa de amolecer o cora\u00e7\u00e3o do marido da sobrinha.<\/p>\n<p>\u201cIvan, eu sei que essa volta pro Rio n\u00e3o est\u00e1 f\u00e1cil, mas&#8230; Volta pra casa hoje. A Heleninha est\u00e1 totalmente desesperada porque voc\u00ea disse que vai dormir no seu pai\u201d, vai pedir ela.<\/p>\n<p>\u201cCelina&#8230;\u201d, responder\u00e1 ele, com certo cansa\u00e7o de voltar a esse assunto.<\/p>\n<p>No fim das contas, num misto de peso na consci\u00eancia com pena, Ivan voltar\u00e1 para a mans\u00e3o. Mas, ao chegar no quarto de Heleninha, encontrar\u00e1 a pintora completamente embriagada.<\/p>\n<p>\u201cOlha, meu maridinho resolveu voltar pra casa e dar o ar da gra\u00e7a dele!? Que chique!\u201d, dir\u00e1 ela, para provoc\u00e1-lo.<br \/>\n\u201cEu n\u00e3o acredito nisso, Heleninha! Voc\u00ea bebeu?\u201d, questionar\u00e1 ele, sem acreditar na cena.<\/p>\n<p>\u201cN\u00e3o exagera\u201d, vai devolver ela, completamente alterada.<\/p>\n<p>\u201cN\u00e3o d\u00e1&#8230; pra mim n\u00e3o d\u00e1! Eu vou embora\u201d, anunciar\u00e1 Ivan.<br \/>\n<!--FIM--><br \/>\n<strong>Sobre a novela<\/strong><\/p>\n<p><a href=\"https:\/\/wp.me\/pfspD2-U7\" target=\"_blank\" rel=\"noopener\">Vale Tudo: Conflitos de princ\u00edpios e valores (Sinopse)<\/a><\/p>\n<p><a href=\"https:\/\/wp.me\/pfspD2-oI\" target=\"_blank\" rel=\"noopener\">Vale Tudo: Invers\u00e3o de valores no final dos anos 1980<\/a> (Sinopse)<\/p>\n<div style=\"font-size: 120%;\">\n<h3>Confira tamb\u00e9m<\/h3>\r\n<a href=\"https:\/\/tvnovelas.com.br\/novelas\/\" rel=\"noopener\" target=\"_blank\"><strong>Todos os resumos de novelas<\/strong><\/a><\/br>\r\n<a href=\"https:\/\/www.tvnovelas.com.br\/tvnews\/\" rel=\"noopener\" target=\"_blank\"><strong>\u00daltimas not\u00edcias das novelas<\/strong><\/a><\/br>\r\n<a href=\"https:\/\/www.tvnovelas.com.br\/filmes\/\" target=\"_blank\" rel=\"noopener noreferrer\"><strong>Programa\u00e7\u00e3o de filmes na TV aberta<\/strong><\/a><\/br>\r\n<a href=\"https:\/\/caetenews.com.br\/semana\/filmes-da-globo-na-sessao-da-tarde-desta-semana\/\" target=\"_blank\" rel=\"noopener\"><strong>Confira os filmes da semana na Sess\u00e3o da Tarde<\/strong><\/a><\/br>\r\n<a href=\"https:\/\/classindportal.mj.gov.br\/consulta-filmes\" target=\"_blank\" rel=\"noopener\"><strong>Consulte a classifica\u00e7\u00e3o indicativa dos filmes e novelas<\/strong><\/a><\/br>\n<\/div \n\n","protected":false},"excerpt":{"rendered":"<p>Vale Tudo: Ivan descobre que Heleninha o monitora&#8230; Em Vale Tudo, Ivan (Renato G\u00f3es) descobrir\u00e1 que teve o celular \u201chackeado\u201d por Heleninha&#8230;<\/p>\n","protected":false},"author":1,"featured_media":78963,"comment_status":"closed","ping_status":"closed","sticky":false,"template":"","format":"standard","meta":{"_uf_show_specific_survey":0,"_uf_disable_surveys":false,"_jetpack_memberships_contains_paid_content":false,"footnotes":"","_wp_rev_ctl_limit":""},"categories":[871],"tags":[5,64,801],"class_list":["post-78962","post","type-post","status-publish","format-standard","has-post-thumbnail","hentry","category-vale-tudo","tag-globo","tag-novelas","tag-vale-tudo","wpcat-871-id"],"aioseo_notices":[],"jetpack_featured_media_url":"https:\/\/i0.wp.com\/www.tvnovelas.com.br\/tvnews\/wp-content\/uploads\/2025\/07\/11536.jpg?fit=728%2C410&ssl=1","jetpack_shortlink":"https:\/\/wp.me\/pdP2BO-kxA","jetpack_sharing_enabled":true,"_links":{"self":[{"href":"https:\/\/www.tvnovelas.com.br\/tvnews\/wp-json\/wp\/v2\/posts\/78962","targetHints":{"allow":["GET"]}}],"collection":[{"href":"https:\/\/www.tvnovelas.com.br\/tvnews\/wp-json\/wp\/v2\/posts"}],"about":[{"href":"https:\/\/www.tvnovelas.com.br\/tvnews\/wp-json\/wp\/v2\/types\/post"}],"author":[{"embeddable":true,"href":"https:\/\/www.tvnovelas.com.br\/tvnews\/wp-json\/wp\/v2\/users\/1"}],"replies":[{"embeddable":true,"href":"https:\/\/www.tvnovelas.com.br\/tvnews\/wp-json\/wp\/v2\/comments?post=78962"}],"version-history":[{"count":1,"href":"https:\/\/www.tvnovelas.com.br\/tvnews\/wp-json\/wp\/v2\/posts\/78962\/revisions"}],"predecessor-version":[{"id":78964,"href":"https:\/\/www.tvnovelas.com.br\/tvnews\/wp-json\/wp\/v2\/posts\/78962\/revisions\/78964"}],"wp:featuredmedia":[{"embeddable":true,"href":"https:\/\/www.tvnovelas.com.br\/tvnews\/wp-json\/wp\/v2\/media\/78963"}],"wp:attachment":[{"href":"https:\/\/www.tvnovelas.com.br\/tvnews\/wp-json\/wp\/v2\/media?parent=78962"}],"wp:term":[{"taxonomy":"category","embeddable":true,"href":"https:\/\/www.tvnovelas.com.br\/tvnews\/wp-json\/wp\/v2\/categories?post=78962"},{"taxonomy":"post_tag","embeddable":true,"href":"https:\/\/www.tvnovelas.com.br\/tvnews\/wp-json\/wp\/v2\/tags?post=78962"}],"curies":[{"name":"wp","href":"https:\/\/api.w.org\/{rel}","templated":true}]}}