{"id":78977,"date":"2025-07-17T08:56:34","date_gmt":"2025-07-17T11:56:34","guid":{"rendered":"https:\/\/www.tvnovelas.com.br\/tvnews\/?p=78977"},"modified":"2025-07-17T08:56:34","modified_gmt":"2025-07-17T11:56:34","slug":"cafe-com-aroma-de-mulher-sebastiao-confessa-a-gaivota-que-ainda-a-ama","status":"publish","type":"post","link":"https:\/\/www.tvnovelas.com.br\/tvnews\/cafe-com-aroma-de-mulher-sebastiao-confessa-a-gaivota-que-ainda-a-ama\/","title":{"rendered":"Caf\u00e9 Com Aroma de Mulher: Sebasti\u00e3o confessa a Gaivota que ainda a ama"},"content":{"rendered":"<figure id=\"attachment_78978\" aria-describedby=\"caption-attachment-78978\" style=\"width: 728px\" class=\"wp-caption alignnone\"><img data-recalc-dims=\"1\" decoding=\"async\" class=\"wp-image-78978 size-full\" title=\"(Foto: Band\/Caf\u00e9 Com Aroma de Mulher)\" src=\"https:\/\/i0.wp.com\/www.tvnovelas.com.br\/tvnews\/wp-content\/uploads\/2025\/07\/11538.jpg?resize=728%2C408&#038;ssl=1\" alt=\"Foto em Caf\u00e9 Com Aroma de Mulher: Sebasti\u00e3o confessa a Gaivota que ainda a ama\" width=\"728\" height=\"408\" srcset=\"https:\/\/i0.wp.com\/www.tvnovelas.com.br\/tvnews\/wp-content\/uploads\/2025\/07\/11538.jpg?w=728&amp;ssl=1 728w, https:\/\/i0.wp.com\/www.tvnovelas.com.br\/tvnews\/wp-content\/uploads\/2025\/07\/11538.jpg?resize=250%2C140&amp;ssl=1 250w\" sizes=\"(max-width: 728px) 100vw, 728px\" \/><figcaption id=\"caption-attachment-78978\" class=\"wp-caption-text\">Caf\u00e9 Com Aroma de Mulher: Sebasti\u00e3o confessa a Gaivota que ainda a ama<\/figcaption><\/figure>\n<p>No cap\u00edtulo de Caf\u00e9 com Aroma de Mulher desta quinta-feira, dia 17 de julho, Sebasti\u00e3o toma uma atitude inesperada: confessa a Gaivota que ainda a ama, revelando seus sentimentos guardados h\u00e1 muito tempo.<\/p>\n<p>No entanto, ao observar o comportamento dela, percebe que Gaivota est\u00e1 envolvida com Le\u00f4nidas. A tens\u00e3o cresce entre os tr\u00eas, e Sebasti\u00e3o se v\u00ea dividido entre insistir em reconquistar Gaivota ou aceitar que ela seguiu em frente.<\/p>\n<p>Confira o resumo de hoje:<\/p>\n<h2 style=\"color: #9929ea;\">Resumo de quinta-feira, 17 de julho<\/h2>\n<p>Sebasti\u00e3o confessa a Gaivota que ainda a ama, por\u00e9m percebe que ela est\u00e1 com Leonidas. Ivan instrui Lucr\u00e9cia que vigie a melhor amiga com o objetivo de confirmar suas suspeitas. Marcela e Lemarcus reatam o namoro, enquanto Carlos decide vender o bar devido \u00e0s d\u00edvidas. Gaivota fica confusa com as palavras do ex-namorado e L\u00facia exp\u00f5e \u00e0 sogra o reencontro dos dois.<br \/>\n<!--FIM--><br \/>\n<strong>Sobre a novela<\/strong><br \/>\n<a href=\"https:\/\/wp.me\/pfspD2-UX\" target=\"_blank\" rel=\"noopener\">&#8216;Caf\u00e9 Com Aroma de Mulher&#8217;: Um amor proibido (Sinopse e personagens)<\/a><\/p>\n<div style=\"font-size: 120%;\"><h3>Confira tamb\u00e9m<\/h3>\r\n<a href=\"https:\/\/tvnovelas.com.br\/novelas\/\" rel=\"noopener\" target=\"_blank\"><strong>Todos os resumos de novelas<\/strong><\/a><\/br>\r\n<a href=\"https:\/\/www.tvnovelas.com.br\/tvnews\/\" rel=\"noopener\" target=\"_blank\"><strong>\u00daltimas not\u00edcias das novelas<\/strong><\/a><\/br>\r\n<a href=\"https:\/\/www.tvnovelas.com.br\/filmes\/\" target=\"_blank\" rel=\"noopener noreferrer\"><strong>Programa\u00e7\u00e3o de filmes na TV aberta<\/strong><\/a><\/br>\r\n<a href=\"https:\/\/caetenews.com.br\/semana\/filmes-da-globo-na-sessao-da-tarde-desta-semana\/\" target=\"_blank\" rel=\"noopener\"><strong>Confira os filmes da semana na Sess\u00e3o da Tarde<\/strong><\/a><\/br>\r\n<a href=\"https:\/\/classindportal.mj.gov.br\/consulta-filmes\" target=\"_blank\" rel=\"noopener\"><strong>Consulte a classifica\u00e7\u00e3o indicativa dos filmes e novelas<\/strong><\/a><\/br><\/div>\n","protected":false},"excerpt":{"rendered":"<p>Caf\u00e9 Com Aroma de Mulher: Sebasti\u00e3o confessa a Gaivota&#8230; No cap\u00edtulo de Caf\u00e9 com Aroma de Mulher desta quinta-feira, dia 17 de julho, Sebasti\u00e3o toma uma atitude&#8230;<\/p>\n","protected":false},"author":1,"featured_media":78978,"comment_status":"closed","ping_status":"closed","sticky":false,"template":"","format":"standard","meta":{"_uf_show_specific_survey":0,"_uf_disable_surveys":false,"_jetpack_memberships_contains_paid_content":false,"footnotes":"","_wp_rev_ctl_limit":""},"categories":[918],"tags":[43,919,64],"class_list":["post-78977","post","type-post","status-publish","format-standard","has-post-thumbnail","hentry","category-cafe-com-aroma-de-mulher","tag-band","tag-cafe-com-aroma-de-mulher","tag-novelas","wpcat-918-id"],"aioseo_notices":[],"jetpack_featured_media_url":"https:\/\/i0.wp.com\/www.tvnovelas.com.br\/tvnews\/wp-content\/uploads\/2025\/07\/11538.jpg?fit=728%2C408&ssl=1","jetpack_shortlink":"https:\/\/wp.me\/pdP2BO-kxP","jetpack_sharing_enabled":true,"_links":{"self":[{"href":"https:\/\/www.tvnovelas.com.br\/tvnews\/wp-json\/wp\/v2\/posts\/78977","targetHints":{"allow":["GET"]}}],"collection":[{"href":"https:\/\/www.tvnovelas.com.br\/tvnews\/wp-json\/wp\/v2\/posts"}],"about":[{"href":"https:\/\/www.tvnovelas.com.br\/tvnews\/wp-json\/wp\/v2\/types\/post"}],"author":[{"embeddable":true,"href":"https:\/\/www.tvnovelas.com.br\/tvnews\/wp-json\/wp\/v2\/users\/1"}],"replies":[{"embeddable":true,"href":"https:\/\/www.tvnovelas.com.br\/tvnews\/wp-json\/wp\/v2\/comments?post=78977"}],"version-history":[{"count":1,"href":"https:\/\/www.tvnovelas.com.br\/tvnews\/wp-json\/wp\/v2\/posts\/78977\/revisions"}],"predecessor-version":[{"id":78979,"href":"https:\/\/www.tvnovelas.com.br\/tvnews\/wp-json\/wp\/v2\/posts\/78977\/revisions\/78979"}],"wp:featuredmedia":[{"embeddable":true,"href":"https:\/\/www.tvnovelas.com.br\/tvnews\/wp-json\/wp\/v2\/media\/78978"}],"wp:attachment":[{"href":"https:\/\/www.tvnovelas.com.br\/tvnews\/wp-json\/wp\/v2\/media?parent=78977"}],"wp:term":[{"taxonomy":"category","embeddable":true,"href":"https:\/\/www.tvnovelas.com.br\/tvnews\/wp-json\/wp\/v2\/categories?post=78977"},{"taxonomy":"post_tag","embeddable":true,"href":"https:\/\/www.tvnovelas.com.br\/tvnews\/wp-json\/wp\/v2\/tags?post=78977"}],"curies":[{"name":"wp","href":"https:\/\/api.w.org\/{rel}","templated":true}]}}