{"id":78983,"date":"2025-07-17T09:48:55","date_gmt":"2025-07-17T12:48:55","guid":{"rendered":"https:\/\/www.tvnovelas.com.br\/tvnews\/?p=78983"},"modified":"2025-07-17T09:48:55","modified_gmt":"2025-07-17T12:48:55","slug":"as-filhas-da-senhora-garcia-arturo-confessa-seu-amor-a-valeria","status":"publish","type":"post","link":"https:\/\/www.tvnovelas.com.br\/tvnews\/as-filhas-da-senhora-garcia-arturo-confessa-seu-amor-a-valeria\/","title":{"rendered":"As Filhas da Senhora Garcia: Arturo confessa seu amor a Val\u00e9ria"},"content":{"rendered":"<figure id=\"attachment_78984\" aria-describedby=\"caption-attachment-78984\" style=\"width: 728px\" class=\"wp-caption alignnone\"><img data-recalc-dims=\"1\" decoding=\"async\" class=\"wp-image-78984 size-full\" title=\"(Foto: Televisa\/SBT\/As Filhas da Senhora Garcia)\" src=\"https:\/\/i0.wp.com\/www.tvnovelas.com.br\/tvnews\/wp-content\/uploads\/2025\/07\/11539.jpg?resize=728%2C410&#038;ssl=1\" alt=\"Foto em As Filhas da Senhora Garcia: Arturo confessa seu amor a Val\u00e9ria\" width=\"728\" height=\"410\" srcset=\"https:\/\/i0.wp.com\/www.tvnovelas.com.br\/tvnews\/wp-content\/uploads\/2025\/07\/11539.jpg?w=728&amp;ssl=1 728w, https:\/\/i0.wp.com\/www.tvnovelas.com.br\/tvnews\/wp-content\/uploads\/2025\/07\/11539.jpg?resize=250%2C141&amp;ssl=1 250w\" sizes=\"(max-width: 728px) 100vw, 728px\" \/><figcaption id=\"caption-attachment-78984\" class=\"wp-caption-text\">As Filhas da Senhora Garcia: Arturo confessa seu amor a Val\u00e9ria<\/figcaption><\/figure>\n<p>No cap\u00edtulo de As Filhas da Senhora Garcia desta quinta, dia 17, Arturo procura Val\u00e9ria para conversar, demonstrando ainda estar interessado nela. No entanto, Val\u00e9ria responde com m\u00e1goa, dizendo que ele deveria ir atr\u00e1s das modelos lind\u00edssimas de quem ele tanto gosta, deixando claro que ainda est\u00e1 ferida pelos acontecimentos recentes e pela aproxima\u00e7\u00e3o dele com outras mulheres. Arturo responde que gosta dela do jeito que ela \u00e9.<\/p>\n<p>O clima entre os dois continua tenso, marcado por ressentimentos e sentimentos mal resolvidos.<\/p>\n<p>Confira o resumo do cap\u00edtulo de hoje:<\/p>\n<h2 style=\"color: #9929ea;\">Resumo de quinta-feira, 17 de julho<\/h2>\n<p>Arturo declara \u00e0 imprensa que Valeria \u00e9 sua namorada e que eles t\u00eam muitos planos juntos. Paula comenta que Luis est\u00e1 exausto por causa da morte da esposa, do acidente de Arturo e do esc\u00e2ndalo no jornal envolvendo a filha da empregada. Graciela comenta que tudo ao redor de Ofelia \u00e9 muito estranho e Paula diz que o melhor seria que ela n\u00e3o trabalhasse mais para eles. Nicolas pergunta a Arturo se ele est\u00e1 saindo com Valeria, ele responde que ainda n\u00e3o, e Nicolas diz que ela \u00e9 a garota que apareceu no teste no hotel e que ele a tratou muito mal. Leonardo diz ao pai que h\u00e1 muitas coincid\u00eancias envolvendo as filhas da senhora Garcia: o acidente com uma delas e a mais nova sendo uma das participantes do teste. Luis responde que, gra\u00e7as a Mar, Arturo est\u00e1 vivo, e diz que ele deve cuidar das pr\u00f3prias coisas, que s\u00e3o mais importantes, e n\u00e3o perder tempo com fofocas.<\/p>\n<p>Ofelia diz a Mar que Arturo j\u00e1 est\u00e1 a caminho de casa e que ela deve se portar de forma atenciosa, mas discreta. Francisco diz a Luis que sua filha est\u00e1 muito mal por causa do comportamento de Arturo e, por isso, vai se afastar, e que os assuntos de neg\u00f3cios ser\u00e3o tratados diretamente com os advogados da empresa dele. Priscila, furiosa, reclama com Camila por n\u00e3o ter contado que a garota que sofreu o acidente com Arturo \u00e9 sua namorada, que ele anunciou isso \u00e0 imprensa. Camila responde que n\u00e3o tem ideia do que ela est\u00e1 falando. Priscila d\u00e1 um tapa em Arturo, e Camila diz que n\u00e3o \u00e9 poss\u00edvel que ele esteja saindo com a filha da empregada. Arturo se irrita com o gerente da academia por ter demitido Valeria e o alerta de que vai falar com seus contatos. Arturo procura Valeria, e ela diz que ele devia ir atr\u00e1s das modelos lind\u00edssimas de quem ele gosta. Arturo responde que gosta dela do jeito que ela \u00e9.<br \/>\n<!--FIM--><\/p>\n<div style=\"font-size: 120%;\"><h3>Confira tamb\u00e9m<\/h3>\r\n<a href=\"https:\/\/tvnovelas.com.br\/novelas\/\" rel=\"noopener\" target=\"_blank\"><strong>Todos os resumos de novelas<\/strong><\/a><\/br>\r\n<a href=\"https:\/\/www.tvnovelas.com.br\/tvnews\/\" rel=\"noopener\" target=\"_blank\"><strong>\u00daltimas not\u00edcias das novelas<\/strong><\/a><\/br>\r\n<a href=\"https:\/\/www.tvnovelas.com.br\/filmes\/\" target=\"_blank\" rel=\"noopener noreferrer\"><strong>Programa\u00e7\u00e3o de filmes na TV aberta<\/strong><\/a><\/br>\r\n<a href=\"https:\/\/caetenews.com.br\/semana\/filmes-da-globo-na-sessao-da-tarde-desta-semana\/\" target=\"_blank\" rel=\"noopener\"><strong>Confira os filmes da semana na Sess\u00e3o da Tarde<\/strong><\/a><\/br>\r\n<a href=\"https:\/\/classindportal.mj.gov.br\/consulta-filmes\" target=\"_blank\" rel=\"noopener\"><strong>Consulte a classifica\u00e7\u00e3o indicativa dos filmes e novelas<\/strong><\/a><\/br><\/div>\n","protected":false},"excerpt":{"rendered":"<p>As Filhas da Senhora Garcia: Arturo confessa&#8230; No cap\u00edtulo de As Filhas da Senhora Garcia desta quinta, dia 17, Arturo procura Val\u00e9ria para conversar&#8230;<\/p>\n","protected":false},"author":1,"featured_media":78984,"comment_status":"closed","ping_status":"closed","sticky":false,"template":"","format":"standard","meta":{"_uf_show_specific_survey":0,"_uf_disable_surveys":false,"_jetpack_memberships_contains_paid_content":false,"footnotes":"","_wp_rev_ctl_limit":""},"categories":[930],"tags":[931,64,13],"class_list":["post-78983","post","type-post","status-publish","format-standard","has-post-thumbnail","hentry","category-as-filhas-da-senhora-garcia","tag-as-filhas-da-senhora-garcia","tag-novelas","tag-sbt","wpcat-930-id"],"aioseo_notices":[],"jetpack_featured_media_url":"https:\/\/i0.wp.com\/www.tvnovelas.com.br\/tvnews\/wp-content\/uploads\/2025\/07\/11539.jpg?fit=728%2C410&ssl=1","jetpack_shortlink":"https:\/\/wp.me\/pdP2BO-kxV","jetpack_sharing_enabled":true,"_links":{"self":[{"href":"https:\/\/www.tvnovelas.com.br\/tvnews\/wp-json\/wp\/v2\/posts\/78983","targetHints":{"allow":["GET"]}}],"collection":[{"href":"https:\/\/www.tvnovelas.com.br\/tvnews\/wp-json\/wp\/v2\/posts"}],"about":[{"href":"https:\/\/www.tvnovelas.com.br\/tvnews\/wp-json\/wp\/v2\/types\/post"}],"author":[{"embeddable":true,"href":"https:\/\/www.tvnovelas.com.br\/tvnews\/wp-json\/wp\/v2\/users\/1"}],"replies":[{"embeddable":true,"href":"https:\/\/www.tvnovelas.com.br\/tvnews\/wp-json\/wp\/v2\/comments?post=78983"}],"version-history":[{"count":1,"href":"https:\/\/www.tvnovelas.com.br\/tvnews\/wp-json\/wp\/v2\/posts\/78983\/revisions"}],"predecessor-version":[{"id":78985,"href":"https:\/\/www.tvnovelas.com.br\/tvnews\/wp-json\/wp\/v2\/posts\/78983\/revisions\/78985"}],"wp:featuredmedia":[{"embeddable":true,"href":"https:\/\/www.tvnovelas.com.br\/tvnews\/wp-json\/wp\/v2\/media\/78984"}],"wp:attachment":[{"href":"https:\/\/www.tvnovelas.com.br\/tvnews\/wp-json\/wp\/v2\/media?parent=78983"}],"wp:term":[{"taxonomy":"category","embeddable":true,"href":"https:\/\/www.tvnovelas.com.br\/tvnews\/wp-json\/wp\/v2\/categories?post=78983"},{"taxonomy":"post_tag","embeddable":true,"href":"https:\/\/www.tvnovelas.com.br\/tvnews\/wp-json\/wp\/v2\/tags?post=78983"}],"curies":[{"name":"wp","href":"https:\/\/api.w.org\/{rel}","templated":true}]}}