{"id":79003,"date":"2025-07-17T11:31:51","date_gmt":"2025-07-17T14:31:51","guid":{"rendered":"https:\/\/www.tvnovelas.com.br\/tvnews\/?p=79003"},"modified":"2025-07-17T11:31:51","modified_gmt":"2025-07-17T14:31:51","slug":"paulo-o-apostolo-pedro-tem-uma-visao-que-o-transforma","status":"publish","type":"post","link":"https:\/\/www.tvnovelas.com.br\/tvnews\/paulo-o-apostolo-pedro-tem-uma-visao-que-o-transforma\/","title":{"rendered":"Paulo, O Ap\u00f3stolo: Pedro tem uma vis\u00e3o que o transforma"},"content":{"rendered":"<figure id=\"attachment_79004\" aria-describedby=\"caption-attachment-79004\" style=\"width: 728px\" class=\"wp-caption alignnone\"><img data-recalc-dims=\"1\" decoding=\"async\" class=\"wp-image-79004 size-full\" title=\"(Foto TV Record\/ Paulo, O Ap\u00f3stolo)\" src=\"https:\/\/i0.wp.com\/www.tvnovelas.com.br\/tvnews\/wp-content\/uploads\/2025\/07\/11540.jpg?resize=728%2C410&#038;ssl=1\" alt=\"Foto em Paulo, O Ap\u00f3stolo: Pedro tem uma vis\u00e3o que o transforma\" width=\"728\" height=\"410\" srcset=\"https:\/\/i0.wp.com\/www.tvnovelas.com.br\/tvnews\/wp-content\/uploads\/2025\/07\/11540.jpg?w=728&amp;ssl=1 728w, https:\/\/i0.wp.com\/www.tvnovelas.com.br\/tvnews\/wp-content\/uploads\/2025\/07\/11540.jpg?resize=250%2C141&amp;ssl=1 250w\" sizes=\"(max-width: 728px) 100vw, 728px\" \/><figcaption id=\"caption-attachment-79004\" class=\"wp-caption-text\">Paulo, O Ap\u00f3stolo: Pedro tem uma vis\u00e3o que o transforma<\/figcaption><\/figure>\n<p>No cap\u00edtulo da novela Paulo, O Ap\u00f3stolo desta quinta, dia 17, Paulo (Murilo Cezar) e Barnab\u00e9 (Fifo Benicasa) partem de Tarso rumo \u00e0 pr\u00f3xima miss\u00e3o, mas t\u00eam seus planos interrompidos pela chegada de uma convidada inesperada, que surge sem aviso e pode transformar a din\u00e2mica da viagem. Apesar da surpresa, eles decidem receb\u00ea-la com cautela e hospitalidade, acreditando que h\u00e1 um prop\u00f3sito divino na sua presen\u00e7a<\/p>\n<p>Pedro (Marc\u00e9u Pierrotti), por sua vez, tem uma vis\u00e3o que muda a sua rela\u00e7\u00e3o com Paulo.<\/p>\n<p>Em Jerusal\u00e9m, o discurso de Tiago (Thiago Piacentini) desencadeia um confronto perigoso.<br \/>\n<!--FIM--><\/p>\n<div style=\"font-size: 120%;\"><h3>Confira tamb\u00e9m<\/h3>\r\n<a href=\"https:\/\/tvnovelas.com.br\/novelas\/\" rel=\"noopener\" target=\"_blank\"><strong>Todos os resumos de novelas<\/strong><\/a><\/br>\r\n<a href=\"https:\/\/www.tvnovelas.com.br\/tvnews\/\" rel=\"noopener\" target=\"_blank\"><strong>\u00daltimas not\u00edcias das novelas<\/strong><\/a><\/br>\r\n<a href=\"https:\/\/www.tvnovelas.com.br\/filmes\/\" target=\"_blank\" rel=\"noopener noreferrer\"><strong>Programa\u00e7\u00e3o de filmes na TV aberta<\/strong><\/a><\/br>\r\n<a href=\"https:\/\/caetenews.com.br\/semana\/filmes-da-globo-na-sessao-da-tarde-desta-semana\/\" target=\"_blank\" rel=\"noopener\"><strong>Confira os filmes da semana na Sess\u00e3o da Tarde<\/strong><\/a><\/br>\r\n<a href=\"https:\/\/classindportal.mj.gov.br\/consulta-filmes\" target=\"_blank\" rel=\"noopener\"><strong>Consulte a classifica\u00e7\u00e3o indicativa dos filmes e novelas<\/strong><\/a><\/br><\/div>\n","protected":false},"excerpt":{"rendered":"<p>Paulo, O Ap\u00f3stolo: Pedro tem uma vis\u00e3o&#8230;. No cap\u00edtulo da novela Paulo, O Ap\u00f3stolo desta quinta, dia 17, Paulo (Murilo Cezar) e Barnab\u00e9 (Fifo Benicasa) partem&#8230;<\/p>\n","protected":false},"author":1,"featured_media":79004,"comment_status":"closed","ping_status":"closed","sticky":false,"template":"","format":"standard","meta":{"_uf_show_specific_survey":0,"_uf_disable_surveys":false,"_jetpack_memberships_contains_paid_content":false,"footnotes":"","_wp_rev_ctl_limit":""},"categories":[925],"tags":[64,932,14],"class_list":["post-79003","post","type-post","status-publish","format-standard","has-post-thumbnail","hentry","category-paulo","tag-novelas","tag-paulo-o-apostolo","tag-record","wpcat-925-id"],"aioseo_notices":[],"jetpack_featured_media_url":"https:\/\/i0.wp.com\/www.tvnovelas.com.br\/tvnews\/wp-content\/uploads\/2025\/07\/11540.jpg?fit=728%2C410&ssl=1","jetpack_shortlink":"https:\/\/wp.me\/pdP2BO-kyf","jetpack_sharing_enabled":true,"_links":{"self":[{"href":"https:\/\/www.tvnovelas.com.br\/tvnews\/wp-json\/wp\/v2\/posts\/79003","targetHints":{"allow":["GET"]}}],"collection":[{"href":"https:\/\/www.tvnovelas.com.br\/tvnews\/wp-json\/wp\/v2\/posts"}],"about":[{"href":"https:\/\/www.tvnovelas.com.br\/tvnews\/wp-json\/wp\/v2\/types\/post"}],"author":[{"embeddable":true,"href":"https:\/\/www.tvnovelas.com.br\/tvnews\/wp-json\/wp\/v2\/users\/1"}],"replies":[{"embeddable":true,"href":"https:\/\/www.tvnovelas.com.br\/tvnews\/wp-json\/wp\/v2\/comments?post=79003"}],"version-history":[{"count":1,"href":"https:\/\/www.tvnovelas.com.br\/tvnews\/wp-json\/wp\/v2\/posts\/79003\/revisions"}],"predecessor-version":[{"id":79005,"href":"https:\/\/www.tvnovelas.com.br\/tvnews\/wp-json\/wp\/v2\/posts\/79003\/revisions\/79005"}],"wp:featuredmedia":[{"embeddable":true,"href":"https:\/\/www.tvnovelas.com.br\/tvnews\/wp-json\/wp\/v2\/media\/79004"}],"wp:attachment":[{"href":"https:\/\/www.tvnovelas.com.br\/tvnews\/wp-json\/wp\/v2\/media?parent=79003"}],"wp:term":[{"taxonomy":"category","embeddable":true,"href":"https:\/\/www.tvnovelas.com.br\/tvnews\/wp-json\/wp\/v2\/categories?post=79003"},{"taxonomy":"post_tag","embeddable":true,"href":"https:\/\/www.tvnovelas.com.br\/tvnews\/wp-json\/wp\/v2\/tags?post=79003"}],"curies":[{"name":"wp","href":"https:\/\/api.w.org\/{rel}","templated":true}]}}