{"id":79008,"date":"2025-07-17T11:54:24","date_gmt":"2025-07-17T14:54:24","guid":{"rendered":"https:\/\/www.tvnovelas.com.br\/tvnews\/?p=79008"},"modified":"2025-07-17T11:54:24","modified_gmt":"2025-07-17T14:54:24","slug":"o-rico-e-lazaro-nebuzarada-desconfia-de-nitocris","status":"publish","type":"post","link":"https:\/\/www.tvnovelas.com.br\/tvnews\/o-rico-e-lazaro-nebuzarada-desconfia-de-nitocris\/","title":{"rendered":"O Rico e L\u00e1zaro: Nebuzarad\u00e3 desconfia de Nit\u00f3cris"},"content":{"rendered":"<figure id=\"attachment_79009\" aria-describedby=\"caption-attachment-79009\" style=\"width: 728px\" class=\"wp-caption alignnone\"><img data-recalc-dims=\"1\" decoding=\"async\" class=\"wp-image-79009 size-full\" title=\"(Foto TV Record\/ O Rico e L\u00e1zaro)\" src=\"https:\/\/i0.wp.com\/www.tvnovelas.com.br\/tvnews\/wp-content\/uploads\/2025\/07\/11541.jpg?resize=728%2C410&#038;ssl=1\" alt=\"Foto em O Rico e L\u00e1zaro: Nebuzarad\u00e3 desconfia de Nit\u00f3cris\" width=\"728\" height=\"410\" srcset=\"https:\/\/i0.wp.com\/www.tvnovelas.com.br\/tvnews\/wp-content\/uploads\/2025\/07\/11541.jpg?w=728&amp;ssl=1 728w, https:\/\/i0.wp.com\/www.tvnovelas.com.br\/tvnews\/wp-content\/uploads\/2025\/07\/11541.jpg?resize=250%2C141&amp;ssl=1 250w\" sizes=\"(max-width: 728px) 100vw, 728px\" \/><figcaption id=\"caption-attachment-79009\" class=\"wp-caption-text\">O Rico e L\u00e1zaro: Nebuzarad\u00e3 desconfia de Nit\u00f3cris<\/figcaption><\/figure>\n<p>No cap\u00edtulo de de O Rico e L\u00e1zaro desta quinta, dia 17, Nebuzarad\u00e3 demonstra desconfian\u00e7a e ordena que vigiem Nit\u00f3cris de perto. A atitude do comandante indica que ele teme alguma movimenta\u00e7\u00e3o da princesa ou desconfia de suas inten\u00e7\u00f5es, o que pode revelar intrigas ou conspira\u00e7\u00f5es no pal\u00e1cio da Babil\u00f4nia.<\/p>\n<p>Enquanto isto, Joana visita Asher na pris\u00e3o, emocionando-se com sua f\u00e9 e resist\u00eancia. Em um momento tocante, Joana e Asher se abra\u00e7am, e ele revela que desistiu da vingan\u00e7a, adotando um novo nome: L\u00e1zaro.<\/p>\n<div style=\"font-size: 120%;\"><h3>Confira tamb\u00e9m<\/h3>\r\n<a href=\"https:\/\/tvnovelas.com.br\/novelas\/\" rel=\"noopener\" target=\"_blank\"><strong>Todos os resumos de novelas<\/strong><\/a><\/br>\r\n<a href=\"https:\/\/www.tvnovelas.com.br\/tvnews\/\" rel=\"noopener\" target=\"_blank\"><strong>\u00daltimas not\u00edcias das novelas<\/strong><\/a><\/br>\r\n<a href=\"https:\/\/www.tvnovelas.com.br\/filmes\/\" target=\"_blank\" rel=\"noopener noreferrer\"><strong>Programa\u00e7\u00e3o de filmes na TV aberta<\/strong><\/a><\/br>\r\n<a href=\"https:\/\/caetenews.com.br\/semana\/filmes-da-globo-na-sessao-da-tarde-desta-semana\/\" target=\"_blank\" rel=\"noopener\"><strong>Confira os filmes da semana na Sess\u00e3o da Tarde<\/strong><\/a><\/br>\r\n<a href=\"https:\/\/classindportal.mj.gov.br\/consulta-filmes\" target=\"_blank\" rel=\"noopener\"><strong>Consulte a classifica\u00e7\u00e3o indicativa dos filmes e novelas<\/strong><\/a><\/br><\/div>\n","protected":false},"excerpt":{"rendered":"<p>O Rico e L\u00e1zaro: Nebuzarad\u00e3 desconfia de Nit\u00f3cris&#8230;.  No cap\u00edtulo de de O Rico e L\u00e1zaro desta quinta, dia 17, Nebuzarad\u00e3 demonstra desconfian\u00e7a&#8230;<\/p>\n","protected":false},"author":1,"featured_media":79009,"comment_status":"closed","ping_status":"closed","sticky":false,"template":"","format":"standard","meta":{"_uf_show_specific_survey":0,"_uf_disable_surveys":false,"_jetpack_memberships_contains_paid_content":false,"footnotes":"","_wp_rev_ctl_limit":""},"categories":[912],"tags":[64,52,14],"class_list":["post-79008","post","type-post","status-publish","format-standard","has-post-thumbnail","hentry","category-o-rico-e-lazaro","tag-novelas","tag-o-rico-e-lazaro","tag-record","wpcat-912-id"],"aioseo_notices":[],"jetpack_featured_media_url":"https:\/\/i0.wp.com\/www.tvnovelas.com.br\/tvnews\/wp-content\/uploads\/2025\/07\/11541.jpg?fit=728%2C410&ssl=1","jetpack_shortlink":"https:\/\/wp.me\/pdP2BO-kyk","jetpack_sharing_enabled":true,"_links":{"self":[{"href":"https:\/\/www.tvnovelas.com.br\/tvnews\/wp-json\/wp\/v2\/posts\/79008","targetHints":{"allow":["GET"]}}],"collection":[{"href":"https:\/\/www.tvnovelas.com.br\/tvnews\/wp-json\/wp\/v2\/posts"}],"about":[{"href":"https:\/\/www.tvnovelas.com.br\/tvnews\/wp-json\/wp\/v2\/types\/post"}],"author":[{"embeddable":true,"href":"https:\/\/www.tvnovelas.com.br\/tvnews\/wp-json\/wp\/v2\/users\/1"}],"replies":[{"embeddable":true,"href":"https:\/\/www.tvnovelas.com.br\/tvnews\/wp-json\/wp\/v2\/comments?post=79008"}],"version-history":[{"count":1,"href":"https:\/\/www.tvnovelas.com.br\/tvnews\/wp-json\/wp\/v2\/posts\/79008\/revisions"}],"predecessor-version":[{"id":79010,"href":"https:\/\/www.tvnovelas.com.br\/tvnews\/wp-json\/wp\/v2\/posts\/79008\/revisions\/79010"}],"wp:featuredmedia":[{"embeddable":true,"href":"https:\/\/www.tvnovelas.com.br\/tvnews\/wp-json\/wp\/v2\/media\/79009"}],"wp:attachment":[{"href":"https:\/\/www.tvnovelas.com.br\/tvnews\/wp-json\/wp\/v2\/media?parent=79008"}],"wp:term":[{"taxonomy":"category","embeddable":true,"href":"https:\/\/www.tvnovelas.com.br\/tvnews\/wp-json\/wp\/v2\/categories?post=79008"},{"taxonomy":"post_tag","embeddable":true,"href":"https:\/\/www.tvnovelas.com.br\/tvnews\/wp-json\/wp\/v2\/tags?post=79008"}],"curies":[{"name":"wp","href":"https:\/\/api.w.org\/{rel}","templated":true}]}}