{"id":79037,"date":"2025-07-17T16:52:09","date_gmt":"2025-07-17T19:52:09","guid":{"rendered":"https:\/\/www.tvnovelas.com.br\/tvnews\/?p=79037"},"modified":"2025-07-17T16:52:09","modified_gmt":"2025-07-17T19:52:09","slug":"o-que-acontece-em-vale-tudo-na-semana-21-a-26-7","status":"publish","type":"post","link":"https:\/\/www.tvnovelas.com.br\/tvnews\/o-que-acontece-em-vale-tudo-na-semana-21-a-26-7\/","title":{"rendered":"O que acontece em Vale Tudo na semana 21 a 26\/7"},"content":{"rendered":"<div style=\"background-color: #dcd0a8; border-style: solid; border-width: 0px 0px 10px 0px; solid green; border-radius: 30px; padding: 10px; font-size: 110%;\">\n.<br \/>\n<figure id=\"attachment_79038\" aria-describedby=\"caption-attachment-79038\" style=\"width: 728px\" class=\"wp-caption aligncenter\"><img data-recalc-dims=\"1\" decoding=\"async\" class=\"wp-image-79038 size-full\" title=\"(Foto: TV Globo\/Vale Tudo)\" src=\"https:\/\/i0.wp.com\/www.tvnovelas.com.br\/tvnews\/wp-content\/uploads\/2025\/07\/11545.jpg?resize=728%2C409&#038;ssl=1\" alt=\"Foto em O que acontece em Vale Tudo na semana 21 a 26\/7\" width=\"728\" height=\"409\" srcset=\"https:\/\/i0.wp.com\/www.tvnovelas.com.br\/tvnews\/wp-content\/uploads\/2025\/07\/11545.jpg?w=728&amp;ssl=1 728w, https:\/\/i0.wp.com\/www.tvnovelas.com.br\/tvnews\/wp-content\/uploads\/2025\/07\/11545.jpg?resize=250%2C140&amp;ssl=1 250w\" sizes=\"(max-width: 728px) 100vw, 728px\" \/><figcaption id=\"caption-attachment-79038\" class=\"wp-caption-text\">O que acontece em Vale Tudo na semana 21 a 26\/7<\/figcaption><\/figure><\/p>\n<p><strong style=\"color: #320a6b;\">Nos pr\u00f3ximos cap\u00edtulos de Vale Tudo, <\/strong>Heleninha percebe o clima hostil entre Ivan e Maria de F\u00e1tima; Renato demonstra a Solange sua frustra\u00e7\u00e3o de ter investido na rela\u00e7\u00e3o do casal; Maria de F\u00e1tima flagra C\u00e9sar com uma modelo; Maria de F\u00e1tima manda Marco Aur\u00e9lio transferir C\u00e9sar para o Brasil; Odete gosta de C\u00e9sar e pergunta a Marco Aur\u00e9lio sobre o rapaz&#8230;<\/p>\n<\/div>\n<h2 style=\"color: #320a6b;\">Resumo de segunda-feira, 21 de julho<\/h2>\n<p>Ivan revela a Raquel que ainda pensa nela. Solange cumpre a promessa que fez a Renato. Bartolomeu aconselha Ivan sobre seu casamento com Heleninha. Afonso procura Raquel, que deixa claro seu desinteresse por F\u00e1tima. Consu\u00ealo reclama de seu casamento para Jarbas. Afonso observa um cart\u00e3o da Paladar na bolsa de Celina. Raquel comenta com Poliana que Afonso n\u00e3o enxerga quem \u00e9 a verdadeira Maria de F\u00e1tima. Odete observa dois carregadores de mudan\u00e7a na casa do s\u00edtio em que vive Leonardo.<\/p>\n<h2 style=\"color: #320a6b;\">Resumo de ter\u00e7a-feira, 22 de julho<\/h2>\n<p>Ana Clara avisa a Odete que precisou trancar a faculdade para cuidar de Nise. Odete demonstra impaci\u00eancia com Walter. Marco Aur\u00e9lio conta para Mario S\u00e9rgio e Freitas seu plano para se aproximar do sheik. Walter flagra Odete com Mario S\u00e9rgio. Jarbas surpreende Consu\u00ealo. Renato toma uma decis\u00e3o sobre seu namoro com Solange. Jarbas sofre um acidente de carro. Heleninha percebe o clima hostil entre Ivan e Maria de F\u00e1tima. Maria de F\u00e1tima flagra C\u00e9sar com uma modelo.<\/p>\n<h2 style=\"color: #320a6b;\">Resumo de quarta-feira, 23 de julho<\/h2>\n<p>Maria de F\u00e1tima diz a C\u00e9sar que a rela\u00e7\u00e3o deles n\u00e3o \u00e9 aberta. Odete evita Walter. Freitas sente ci\u00fames da rela\u00e7\u00e3o de Marco Aur\u00e9lio com M\u00e1rio S\u00e9rgio. Solange tem uma crise de hipoglicemia, e Afonso a socorre. Marieta \u00e9 contratada no lugar de Alde\u00edde na TCA. Poliana estranha o fato de Alde\u00edde querer ser s\u00f3cia do clube onde Andr\u00e9 trabalha. Afonso tem um acidente com um carro de aplicativo, sem saber que os passageiros s\u00e3o Maria de F\u00e1tima e C\u00e9sar.<\/p>\n<h2 style=\"color: #320a6b;\">Resumo de quinta-feira, 24 de julho<\/h2>\n<p>(Cap\u00edtulo 100)<br \/>\nC\u00e9sar se oferece para pagar os custos do carro de Afonso. Andr\u00e9 estranha quando Carlos lhe conta que ele conseguiu um patrocinador que n\u00e3o quer ser identificado. Ivan questiona Marco Aur\u00e9lio sobre a verba de marketing da TCA. Renato demonstra a Solange sua frustra\u00e7\u00e3o de ter investido na rela\u00e7\u00e3o do casal. Jarbas avisa a Consu\u00ealo que foi contratado para ser motorista da fam\u00edlia Roitman. Maria de F\u00e1tima discute com Celina. Ivan interv\u00e9m na discuss\u00e3o de Heleninha com Marco Aur\u00e9lio sobre os interesses educacionais de Tiago.<\/p>\n<h2 style=\"color: #320a6b;\">Resumo de sexta-feira, 25 de julho<\/h2>\n<p>Ivan tenta acalmar Heleninha. Jarbas e Consu\u00ealo alertam Andr\u00e9 para a import\u00e2ncia de saber quem est\u00e1 patrocinando o filho. Maria de F\u00e1tima sugere que C\u00e9sar e Olavo roubem um quadro de Heleninha. Marco Aur\u00e9lio manda M\u00e1rio S\u00e9rgio reduzir a verba de marketing. Eug\u00eanio descobre que o quadro de Heleninha foi roubado. Marco Aur\u00e9lio se irrita quando o sheik decide fechar neg\u00f3cio diretamente com Odete. Daniela flagra Andr\u00e9 com Alde\u00edde. Olavo apresenta Walter para C\u00e9sar. Maria de F\u00e1tima manda Marco Aur\u00e9lio transferir C\u00e9sar para o Brasil. Odete se depara com C\u00e9sar ao entrar na sala de Marco Aur\u00e9lio.<\/p>\n<h2 style=\"color: #320a6b;\">Resumo de s\u00e1bado, 26 de julho<\/h2>\n<p>Odete gosta de C\u00e9sar e pergunta a Marco Aur\u00e9lio sobre o rapaz. Heleninha comenta com Celina que teve a impress\u00e3o de que j\u00e1 conhecia o rosto de Olavo. Daniela aconselha Andr\u00e9 a n\u00e3o se relacionar com Alde\u00edde. Celina fica sabendo que a empresa que fornece comida para as aeronaves da TCA faliu, e sugere a Raquel e Poliana que a Paladar assuma o posto. Lucimar promete a Vasco que pensar\u00e1 sobre a proposta de reatar com ele. Consu\u00ealo identifica o perfume de Alde\u00edde em Andr\u00e9. Maria de F\u00e1tima fica preocupada ao saber por Heleninha que um dos homens que roubou o quadro foi identificado pela empresa de seguran\u00e7a. Celina, Raquel e Poliana comemoram o neg\u00f3cio fechado com a empresa que fornecia comida para a TCA. Maria de F\u00e1tima avisa a C\u00e9sar que a pol\u00edcia chegar\u00e1 at\u00e9 Olavo.<br \/>\n<!--FIM--><br \/>\n<strong>Sobre a novela<\/strong><\/p>\n<p><a href=\"https:\/\/wp.me\/pfspD2-U7\" target=\"_blank\" rel=\"noopener\">Vale Tudo: Conflitos de princ\u00edpios e valores (Sinopse)<\/a><\/p>\n<p><a href=\"https:\/\/wp.me\/pfspD2-oI\" target=\"_blank\" rel=\"noopener\">Vale Tudo: Invers\u00e3o de valores no final dos anos 1980<\/a> (Sinopse)<\/p>\n<div style=\"font-size: 120%;\"><h3>Confira tamb\u00e9m<\/h3>\r\n<a href=\"https:\/\/tvnovelas.com.br\/novelas\/\" rel=\"noopener\" target=\"_blank\"><strong>Todos os resumos de novelas<\/strong><\/a><\/br>\r\n<a href=\"https:\/\/www.tvnovelas.com.br\/tvnews\/\" rel=\"noopener\" target=\"_blank\"><strong>\u00daltimas not\u00edcias das novelas<\/strong><\/a><\/br>\r\n<a href=\"https:\/\/www.tvnovelas.com.br\/filmes\/\" target=\"_blank\" rel=\"noopener noreferrer\"><strong>Programa\u00e7\u00e3o de filmes na TV aberta<\/strong><\/a><\/br>\r\n<a href=\"https:\/\/caetenews.com.br\/semana\/filmes-da-globo-na-sessao-da-tarde-desta-semana\/\" target=\"_blank\" rel=\"noopener\"><strong>Confira os filmes da semana na Sess\u00e3o da Tarde<\/strong><\/a><\/br>\r\n<a href=\"https:\/\/classindportal.mj.gov.br\/consulta-filmes\" target=\"_blank\" rel=\"noopener\"><strong>Consulte a classifica\u00e7\u00e3o indicativa dos filmes e novelas<\/strong><\/a><\/br><br \/>\n&lt;\/div<\/div>\n","protected":false},"excerpt":{"rendered":"<p>O que acontece em Vale Tudo na semana 21 a 26\/7&#8230; Nos pr\u00f3ximos cap\u00edtulos de Vale Tudo, Heleninha percebe o clima hostil entre Ivan e Maria de F\u00e1tima&#8230;<\/p>\n","protected":false},"author":1,"featured_media":79038,"comment_status":"closed","ping_status":"closed","sticky":false,"template":"","format":"standard","meta":{"_uf_show_specific_survey":0,"_uf_disable_surveys":false,"_jetpack_memberships_contains_paid_content":false,"footnotes":"","_wp_rev_ctl_limit":""},"categories":[871],"tags":[5,64,801],"class_list":["post-79037","post","type-post","status-publish","format-standard","has-post-thumbnail","hentry","category-vale-tudo","tag-globo","tag-novelas","tag-vale-tudo","wpcat-871-id"],"aioseo_notices":[],"jetpack_featured_media_url":"https:\/\/i0.wp.com\/www.tvnovelas.com.br\/tvnews\/wp-content\/uploads\/2025\/07\/11545.jpg?fit=728%2C409&ssl=1","jetpack_shortlink":"https:\/\/wp.me\/pdP2BO-kyN","jetpack_sharing_enabled":true,"_links":{"self":[{"href":"https:\/\/www.tvnovelas.com.br\/tvnews\/wp-json\/wp\/v2\/posts\/79037","targetHints":{"allow":["GET"]}}],"collection":[{"href":"https:\/\/www.tvnovelas.com.br\/tvnews\/wp-json\/wp\/v2\/posts"}],"about":[{"href":"https:\/\/www.tvnovelas.com.br\/tvnews\/wp-json\/wp\/v2\/types\/post"}],"author":[{"embeddable":true,"href":"https:\/\/www.tvnovelas.com.br\/tvnews\/wp-json\/wp\/v2\/users\/1"}],"replies":[{"embeddable":true,"href":"https:\/\/www.tvnovelas.com.br\/tvnews\/wp-json\/wp\/v2\/comments?post=79037"}],"version-history":[{"count":3,"href":"https:\/\/www.tvnovelas.com.br\/tvnews\/wp-json\/wp\/v2\/posts\/79037\/revisions"}],"predecessor-version":[{"id":79105,"href":"https:\/\/www.tvnovelas.com.br\/tvnews\/wp-json\/wp\/v2\/posts\/79037\/revisions\/79105"}],"wp:featuredmedia":[{"embeddable":true,"href":"https:\/\/www.tvnovelas.com.br\/tvnews\/wp-json\/wp\/v2\/media\/79038"}],"wp:attachment":[{"href":"https:\/\/www.tvnovelas.com.br\/tvnews\/wp-json\/wp\/v2\/media?parent=79037"}],"wp:term":[{"taxonomy":"category","embeddable":true,"href":"https:\/\/www.tvnovelas.com.br\/tvnews\/wp-json\/wp\/v2\/categories?post=79037"},{"taxonomy":"post_tag","embeddable":true,"href":"https:\/\/www.tvnovelas.com.br\/tvnews\/wp-json\/wp\/v2\/tags?post=79037"}],"curies":[{"name":"wp","href":"https:\/\/api.w.org\/{rel}","templated":true}]}}