{"id":79047,"date":"2025-07-17T19:59:10","date_gmt":"2025-07-17T22:59:10","guid":{"rendered":"https:\/\/www.tvnovelas.com.br\/tvnews\/?p=79047"},"modified":"2025-07-17T19:59:10","modified_gmt":"2025-07-17T22:59:10","slug":"sangue-oculto-carmo-e-rosa-conseguem-uma-pista-sobre-vanda","status":"publish","type":"post","link":"https:\/\/www.tvnovelas.com.br\/tvnews\/sangue-oculto-carmo-e-rosa-conseguem-uma-pista-sobre-vanda\/","title":{"rendered":"Sangue Oculto:  Carmo e Rosa conseguem uma pista sobre Vanda"},"content":{"rendered":"<figure id=\"attachment_79048\" aria-describedby=\"caption-attachment-79048\" style=\"width: 728px\" class=\"wp-caption alignnone\"><img data-recalc-dims=\"1\" decoding=\"async\" class=\"wp-image-79048 size-full\" title=\"(Foto: TV Brasil\/Sangue Oculto)\" src=\"https:\/\/i0.wp.com\/www.tvnovelas.com.br\/tvnews\/wp-content\/uploads\/2025\/07\/11546.jpg?resize=728%2C410&#038;ssl=1\" alt=\"Sangue Oculto: Carmo e Rosa conseguem uma pista sobre Vanda\" width=\"728\" height=\"410\" srcset=\"https:\/\/i0.wp.com\/www.tvnovelas.com.br\/tvnews\/wp-content\/uploads\/2025\/07\/11546.jpg?w=728&amp;ssl=1 728w, https:\/\/i0.wp.com\/www.tvnovelas.com.br\/tvnews\/wp-content\/uploads\/2025\/07\/11546.jpg?resize=250%2C141&amp;ssl=1 250w\" sizes=\"(max-width: 728px) 100vw, 728px\" \/><figcaption id=\"caption-attachment-79048\" class=\"wp-caption-text\">Foto em Sangue Oculto: Carmo e Rosa conseguem uma pista sobre Vanda<\/figcaption><\/figure>\n<p>No cap\u00edtulo de Sangue Oculto desta quinta, dia 17, Rosa vai se encontrar com Carmo para lhe devolver o xale. A empregada diz-lhe que n\u00e3o s\u00e3o as \u00fanicas a suspeitar que Vanda ainda est\u00e1 viva e conta a conversa que ouviu. A vi\u00fava de Jo\u00e3o diz que t\u00eam de ir ao local do acidente, pois se a vil\u00e3 n\u00e3o caiu com o carro, tem de haver alguma pista por l\u00e1.<\/p>\n<p>Carmo e Rosa est\u00e3o no descampado onde Vanda caiu ao rio. As duas procuram provas e a empregada come\u00e7a a duvidar que fosse poss\u00edvel a vil\u00e3 ter sobrevivido. Nesse momento, a m\u00e3e de Patr\u00edcia \u00e9 ofuscada por um objeto em que reflete o sol e quando elas se aproximam, percebem que se trata de um colar que era de Vanda, o que significa que ela teve de sair do carro antes deste cair.<\/p>\n<h2 style=\"color: #3a0519;\">Resumo de quinta-feira, 17 de julho<\/h2>\n<p>Elsa e Vasyl n\u00e3o conseguem se entender. Rosa devolve o xale a Carmo e lhe conta que outros tamb\u00e9m desconfiam que Vanda esteja viva. Tiago \u00e9 atacado por uma pessoa mascarada. Rafa n\u00e3o quer voltar a viver com a tia. Carmo e Rosa conseguem uma pista sobre Vanda. Pedro agride Tiago. Benedita tem a sensa\u00e7\u00e3o de estar sendo observada.<\/p>\n<p><!--END--><\/p>\n<h2>Saiba mais<\/h2>\n<p><a href=\"https:\/\/wp.me\/pfspD2-TZ\" target=\"_blank\" rel=\"noopener\">Sangue Oculto: G\u00eameas que nunca se viram<\/a><\/p>\n<div style=\"font-size: 120%;\"><h3>Confira tamb\u00e9m<\/h3>\r\n<a href=\"https:\/\/tvnovelas.com.br\/novelas\/\" rel=\"noopener\" target=\"_blank\"><strong>Todos os resumos de novelas<\/strong><\/a><\/br>\r\n<a href=\"https:\/\/www.tvnovelas.com.br\/tvnews\/\" rel=\"noopener\" target=\"_blank\"><strong>\u00daltimas not\u00edcias das novelas<\/strong><\/a><\/br>\r\n<a href=\"https:\/\/www.tvnovelas.com.br\/filmes\/\" target=\"_blank\" rel=\"noopener noreferrer\"><strong>Programa\u00e7\u00e3o de filmes na TV aberta<\/strong><\/a><\/br>\r\n<a href=\"https:\/\/caetenews.com.br\/semana\/filmes-da-globo-na-sessao-da-tarde-desta-semana\/\" target=\"_blank\" rel=\"noopener\"><strong>Confira os filmes da semana na Sess\u00e3o da Tarde<\/strong><\/a><\/br>\r\n<a href=\"https:\/\/classindportal.mj.gov.br\/consulta-filmes\" target=\"_blank\" rel=\"noopener\"><strong>Consulte a classifica\u00e7\u00e3o indicativa dos filmes e novelas<\/strong><\/a><\/br><\/div>\n","protected":false},"excerpt":{"rendered":"<p>Sangue Oculto:  Carmo e Rosa conseguem uma pista sobre Vanda&#8230; No cap\u00edtulo de Sangue Oculto desta quinta, dia 17, Rosa vai se encontrar com Carmo&#8230;<\/p>\n","protected":false},"author":1,"featured_media":79048,"comment_status":"closed","ping_status":"closed","sticky":false,"template":"","format":"standard","meta":{"_uf_show_specific_survey":0,"_uf_disable_surveys":false,"_jetpack_memberships_contains_paid_content":false,"footnotes":"","_wp_rev_ctl_limit":""},"categories":[351],"tags":[64,870,255],"class_list":["post-79047","post","type-post","status-publish","format-standard","has-post-thumbnail","hentry","category-tv-brasil","tag-novelas","tag-sangue-oculto","tag-tv-brasil","wpcat-351-id"],"aioseo_notices":[],"jetpack_featured_media_url":"https:\/\/i0.wp.com\/www.tvnovelas.com.br\/tvnews\/wp-content\/uploads\/2025\/07\/11546.jpg?fit=728%2C410&ssl=1","jetpack_shortlink":"https:\/\/wp.me\/pdP2BO-kyX","jetpack_sharing_enabled":true,"_links":{"self":[{"href":"https:\/\/www.tvnovelas.com.br\/tvnews\/wp-json\/wp\/v2\/posts\/79047","targetHints":{"allow":["GET"]}}],"collection":[{"href":"https:\/\/www.tvnovelas.com.br\/tvnews\/wp-json\/wp\/v2\/posts"}],"about":[{"href":"https:\/\/www.tvnovelas.com.br\/tvnews\/wp-json\/wp\/v2\/types\/post"}],"author":[{"embeddable":true,"href":"https:\/\/www.tvnovelas.com.br\/tvnews\/wp-json\/wp\/v2\/users\/1"}],"replies":[{"embeddable":true,"href":"https:\/\/www.tvnovelas.com.br\/tvnews\/wp-json\/wp\/v2\/comments?post=79047"}],"version-history":[{"count":1,"href":"https:\/\/www.tvnovelas.com.br\/tvnews\/wp-json\/wp\/v2\/posts\/79047\/revisions"}],"predecessor-version":[{"id":79049,"href":"https:\/\/www.tvnovelas.com.br\/tvnews\/wp-json\/wp\/v2\/posts\/79047\/revisions\/79049"}],"wp:featuredmedia":[{"embeddable":true,"href":"https:\/\/www.tvnovelas.com.br\/tvnews\/wp-json\/wp\/v2\/media\/79048"}],"wp:attachment":[{"href":"https:\/\/www.tvnovelas.com.br\/tvnews\/wp-json\/wp\/v2\/media?parent=79047"}],"wp:term":[{"taxonomy":"category","embeddable":true,"href":"https:\/\/www.tvnovelas.com.br\/tvnews\/wp-json\/wp\/v2\/categories?post=79047"},{"taxonomy":"post_tag","embeddable":true,"href":"https:\/\/www.tvnovelas.com.br\/tvnews\/wp-json\/wp\/v2\/tags?post=79047"}],"curies":[{"name":"wp","href":"https:\/\/api.w.org\/{rel}","templated":true}]}}