{"id":79070,"date":"2025-07-18T08:33:09","date_gmt":"2025-07-18T11:33:09","guid":{"rendered":"https:\/\/www.tvnovelas.com.br\/tvnews\/?p=79070"},"modified":"2025-07-18T08:33:09","modified_gmt":"2025-07-18T11:33:09","slug":"dona-de-mim-leo-beija-samuel-apos-poema","status":"publish","type":"post","link":"https:\/\/www.tvnovelas.com.br\/tvnews\/dona-de-mim-leo-beija-samuel-apos-poema\/","title":{"rendered":"Dona de Mim: Leo beija Samuel ap\u00f3s poema"},"content":{"rendered":"<figure id=\"attachment_79071\" aria-describedby=\"caption-attachment-79071\" style=\"width: 728px\" class=\"wp-caption alignnone\"><img data-recalc-dims=\"1\" decoding=\"async\" class=\"wp-image-79071 size-full\" title=\"(Foto: TV Globo\/Dona de Mim)\" src=\"https:\/\/i0.wp.com\/www.tvnovelas.com.br\/tvnews\/wp-content\/uploads\/2025\/07\/11547.jpg?resize=728%2C410&#038;ssl=1\" alt=\"Foto em Dona de Mim: Leo beija Samuel ap\u00f3s poema\" width=\"728\" height=\"410\" srcset=\"https:\/\/i0.wp.com\/www.tvnovelas.com.br\/tvnews\/wp-content\/uploads\/2025\/07\/11547.jpg?w=728&amp;ssl=1 728w, https:\/\/i0.wp.com\/www.tvnovelas.com.br\/tvnews\/wp-content\/uploads\/2025\/07\/11547.jpg?resize=250%2C141&amp;ssl=1 250w\" sizes=\"(max-width: 728px) 100vw, 728px\" \/><figcaption id=\"caption-attachment-79071\" class=\"wp-caption-text\">Dona de Mim: Leo beija Samuel ap\u00f3s poema<\/figcaption><\/figure>\n<p>Em Dona de Mim, Samuel (Juan Paiva) j\u00e1 teve v\u00e1rias oportunidades, mas nunca conseguiu dizer o que sente para Leona (Clara Moneke). Mas o herdeiro da Boaz enfim vai tomar coragem. Samuel ir\u00e1 recitar para Leo mais um poema que fez para ela, e os dois ir\u00e3o se beijar pela primeira vez!<\/p>\n<p>Apaixonado, Samuel escreve pensando em Leo toda vez que tem tempo livre. Mas, desta vez, ele ir\u00e1 declamar as belas palavras para a amada na mans\u00e3o dos Boaz. Leo estar\u00e1 descendo a escada, quando ir\u00e1 se deparar com Samuel.<\/p>\n<p>\u201cFinalmente\u201d, diz ele.<\/p>\n<p>\u201cO qu\u00ea?\u201d, questiona ela, sem entender.<\/p>\n<p>\u201cUma calma que tudo para \/ Uma luz que tudo ofusca \/ Uma escurid\u00e3o que tudo ilumina \/ Amar \u00e9 morrer \/ E morrer de amor \u00e9 uma saudade que n\u00e3o termina\u201d, declama ele.<\/p>\n<p>Leona, ent\u00e3o, terminar\u00e1 de descer as escadas e ficar\u00e1 frente a frente com Samuel.<\/p>\n<p>\u201cEu que escrevi. E foi pra voc\u00ea. Sempre foi pra voc\u00ea, Leo\u201d, afirma ele, que tamb\u00e9m era o autor dos poemas recitados por Davi para ela.<\/p>\n<p>E ser\u00e1 Leo, tamb\u00e9m apaixonada, que tomar\u00e1 a iniciativa para o primeiro beijo! Ser\u00e1 que agora esse casal engrena?! <!--FIM--><br \/>\n<strong>Sobre a novela<\/strong><br \/>\n<a href=\"https:\/\/wp.me\/pfspD2-UO\" target=\"_blank\" rel=\"noopener\">Dona de Mim: A trama da novela<\/a><br \/>\n<a href=\"https:\/\/wp.me\/pfspD2-UG\" target=\"_blank\" rel=\"noopener\">Dona de Mim: A fam\u00edlia Boaz e seu imp\u00e9rio de lingerie<\/a><\/p>\n<div style=\"font-size: 120%;\"><h3>Confira tamb\u00e9m<\/h3>\r\n<a href=\"https:\/\/tvnovelas.com.br\/novelas\/\" rel=\"noopener\" target=\"_blank\"><strong>Todos os resumos de novelas<\/strong><\/a><\/br>\r\n<a href=\"https:\/\/www.tvnovelas.com.br\/tvnews\/\" rel=\"noopener\" target=\"_blank\"><strong>\u00daltimas not\u00edcias das novelas<\/strong><\/a><\/br>\r\n<a href=\"https:\/\/www.tvnovelas.com.br\/filmes\/\" target=\"_blank\" rel=\"noopener noreferrer\"><strong>Programa\u00e7\u00e3o de filmes na TV aberta<\/strong><\/a><\/br>\r\n<a href=\"https:\/\/caetenews.com.br\/semana\/filmes-da-globo-na-sessao-da-tarde-desta-semana\/\" target=\"_blank\" rel=\"noopener\"><strong>Confira os filmes da semana na Sess\u00e3o da Tarde<\/strong><\/a><\/br>\r\n<a href=\"https:\/\/classindportal.mj.gov.br\/consulta-filmes\" target=\"_blank\" rel=\"noopener\"><strong>Consulte a classifica\u00e7\u00e3o indicativa dos filmes e novelas<\/strong><\/a><\/br><\/div>\n","protected":false},"excerpt":{"rendered":"<p>Dona de Mim: Leo beija Samuel ap\u00f3s poema&#8230; Em Dona de Mim, Samuel (Juan Paiva) j\u00e1 teve v\u00e1rias oportunidades, mas nunca conseguiu dizer o que sente&#8230;<\/p>\n","protected":false},"author":1,"featured_media":79071,"comment_status":"closed","ping_status":"closed","sticky":false,"template":"","format":"standard","meta":{"_uf_show_specific_survey":0,"_uf_disable_surveys":false,"_jetpack_memberships_contains_paid_content":false,"footnotes":"","_wp_rev_ctl_limit":""},"categories":[884],"tags":[883,5,64],"class_list":["post-79070","post","type-post","status-publish","format-standard","has-post-thumbnail","hentry","category-dona-de-mim","tag-dona-de-mim","tag-globo","tag-novelas","wpcat-884-id"],"aioseo_notices":[],"jetpack_featured_media_url":"https:\/\/i0.wp.com\/www.tvnovelas.com.br\/tvnews\/wp-content\/uploads\/2025\/07\/11547.jpg?fit=728%2C410&ssl=1","jetpack_shortlink":"https:\/\/wp.me\/pdP2BO-kzk","jetpack_sharing_enabled":true,"_links":{"self":[{"href":"https:\/\/www.tvnovelas.com.br\/tvnews\/wp-json\/wp\/v2\/posts\/79070","targetHints":{"allow":["GET"]}}],"collection":[{"href":"https:\/\/www.tvnovelas.com.br\/tvnews\/wp-json\/wp\/v2\/posts"}],"about":[{"href":"https:\/\/www.tvnovelas.com.br\/tvnews\/wp-json\/wp\/v2\/types\/post"}],"author":[{"embeddable":true,"href":"https:\/\/www.tvnovelas.com.br\/tvnews\/wp-json\/wp\/v2\/users\/1"}],"replies":[{"embeddable":true,"href":"https:\/\/www.tvnovelas.com.br\/tvnews\/wp-json\/wp\/v2\/comments?post=79070"}],"version-history":[{"count":1,"href":"https:\/\/www.tvnovelas.com.br\/tvnews\/wp-json\/wp\/v2\/posts\/79070\/revisions"}],"predecessor-version":[{"id":79072,"href":"https:\/\/www.tvnovelas.com.br\/tvnews\/wp-json\/wp\/v2\/posts\/79070\/revisions\/79072"}],"wp:featuredmedia":[{"embeddable":true,"href":"https:\/\/www.tvnovelas.com.br\/tvnews\/wp-json\/wp\/v2\/media\/79071"}],"wp:attachment":[{"href":"https:\/\/www.tvnovelas.com.br\/tvnews\/wp-json\/wp\/v2\/media?parent=79070"}],"wp:term":[{"taxonomy":"category","embeddable":true,"href":"https:\/\/www.tvnovelas.com.br\/tvnews\/wp-json\/wp\/v2\/categories?post=79070"},{"taxonomy":"post_tag","embeddable":true,"href":"https:\/\/www.tvnovelas.com.br\/tvnews\/wp-json\/wp\/v2\/tags?post=79070"}],"curies":[{"name":"wp","href":"https:\/\/api.w.org\/{rel}","templated":true}]}}