{"id":79074,"date":"2025-07-18T08:56:55","date_gmt":"2025-07-18T11:56:55","guid":{"rendered":"https:\/\/www.tvnovelas.com.br\/tvnews\/?p=79074"},"modified":"2025-07-18T08:59:19","modified_gmt":"2025-07-18T11:59:19","slug":"vale-tudo-heleninha-chama-por-ivan-aos-gritos-no-meio-da-rua","status":"publish","type":"post","link":"https:\/\/www.tvnovelas.com.br\/tvnews\/vale-tudo-heleninha-chama-por-ivan-aos-gritos-no-meio-da-rua\/","title":{"rendered":"Vale Tudo: Heleninha chama por Ivan aos gritos no meio da rua"},"content":{"rendered":"<figure id=\"attachment_79076\" aria-describedby=\"caption-attachment-79076\" style=\"width: 728px\" class=\"wp-caption alignnone\"><img data-recalc-dims=\"1\" decoding=\"async\" class=\"wp-image-79076 size-full\" title=\"(Foto: TV Globo\/Vale Tudo)\" src=\"https:\/\/i0.wp.com\/www.tvnovelas.com.br\/tvnews\/wp-content\/uploads\/2025\/07\/11548.jpg?resize=728%2C410&#038;ssl=1\" alt=\"Foto em Vale Tudo: Heleninha chama por Ivan aos gritos no meio da rua\" width=\"728\" height=\"410\" srcset=\"https:\/\/i0.wp.com\/www.tvnovelas.com.br\/tvnews\/wp-content\/uploads\/2025\/07\/11548.jpg?w=728&amp;ssl=1 728w, https:\/\/i0.wp.com\/www.tvnovelas.com.br\/tvnews\/wp-content\/uploads\/2025\/07\/11548.jpg?resize=250%2C141&amp;ssl=1 250w\" sizes=\"(max-width: 728px) 100vw, 728px\" \/><figcaption id=\"caption-attachment-79076\" class=\"wp-caption-text\">Vale Tudo: Heleninha chama por Ivan aos gritos no meio da rua<\/figcaption><\/figure>\n<p>Em Vale Tudo, Ivan (Renato G\u00f3es) n\u00e3o reagir\u00e1 nada bem \u00e0 instabilidade emocional constante de Heleninha (Paolla Oliveira). Em Vale Tudo, al\u00e9m de ter \u201chackeado\u201d o celular do marido para ter acesso \u00e0 localiza\u00e7\u00e3o em tempo real dele, a pintora teve outra reca\u00edda com a bebida. Exausto, o empres\u00e1rio decidiu sair da mans\u00e3o de Celina (Malu Galli) e ir para a casa com o pai.<\/p>\n<p>L\u00e1, conversando com Bartolomeu (Lu\u00eds Mello), o empres\u00e1rio ressaltar\u00e1 que a pintora n\u00e3o pode invadir a privacidade dele constantemente. Por\u00e9m, os dois ser\u00e3o surpreendidos ao ouvirem gritos chamando por Ivan. O jornalista, ent\u00e3o, ir\u00e1 \u00e0 janela ver o que est\u00e1 ocorrendo.<\/p>\n<p>\u201cIvan, \u00e9 a Heleninha. Ela t\u00e1 a\u00ed embaixo\u201d, avisar\u00e1 Bartolomeu, em choque ao ver a nora totalmente embriagada.<br \/>\n\u201cEu n\u00e3o acredito nisso&#8230; Eu s\u00f3 pedi uma noite!\u201d, dir\u00e1 ele, possesso.<\/p>\n<p>\u201cO que eu fa\u00e7o? Digo pra ela subir?\u201d, questionar\u00e1 o jornalista.<\/p>\n<p>\u201cN\u00e3o. Eu n\u00e3o quero que ela suba, pai. A Heleninha tem que aprender a respeitar alguma esp\u00e9cie de limite, nem que seja a portaria de um pr\u00e9dio\u201d, explicar\u00e1 Ivan.<\/p>\n<p>Mas isso n\u00e3o impedir\u00e1 Heleninha de continuar a se acabar de tanto gritar na cal\u00e7ada.<\/p>\n<p>\u201cIvaaaaannnnn! Desce, meu amor!!!\u201d, ir\u00e1 berra ela. \u201cDesce, Ivan! Desce!\u201d<\/p>\n<p>Achando que \u00e9 uma cena de com\u00e9dia rom\u00e2ntica, at\u00e9 os porteiros v\u00e3o gritar junto, fazendo coro \u00e0 pintora, pedindo para que Ivan des\u00e7a. Mas o empres\u00e1rio continuar\u00e1 implac\u00e1vel na sua postura.<\/p>\n<p>Bartolomeu, ent\u00e3o, decidir\u00e1 descer ele mesmo, para tentar controlar a nora, e o jornalista encontrar\u00e1 Heleninha em um estado lament\u00e1vel de embriagada.<\/p>\n<p>\u201cEu&#8230; t\u00f4 fazendo tudo errado. Eu nem deveria ter vindo at\u00e9 aqui. \u00c9 que escrevi mais de cinquenta mensagens pro Ivan, ele n\u00e3o respondeu nenhuma\u201d, dir\u00e1 ela, balbuciando. \u201cO que \u00e9 que custa ele responder, s\u00f3 com um boa noite?\u201d<\/p>\n<p>\u201cMeu filho s\u00f3 quer dormir aqui uma noite. T\u00e1 tudo bem\u201d, explicar\u00e1 ele, atencioso e carinhoso como sempre.<\/p>\n<p>Mas os ci\u00fames de Heleninha v\u00e3o falar mais alto e a pintora voltar\u00e1 para o atual foco constante de sua inseguran\u00e7a.<\/p>\n<p>\u201cSeu Bartolomeu&#8230; A Raquel t\u00e1 l\u00e1 em cima?\u201d, questionar\u00e1 ela.<\/p>\n<p>\u201cA Raquel?? Claro que n\u00e3o. De onde voc\u00ea tirou isso\u201d, responder\u00e1 Bartolomeu.<br \/>\n<!--FIM--><br \/>\n<strong>Sobre a novela<\/strong><\/p>\n<p><a href=\"https:\/\/wp.me\/pfspD2-U7\" target=\"_blank\" rel=\"noopener\">Vale Tudo: Conflitos de princ\u00edpios e valores (Sinopse)<\/a><\/p>\n<p><a href=\"https:\/\/wp.me\/pfspD2-oI\" target=\"_blank\" rel=\"noopener\">Vale Tudo: Invers\u00e3o de valores no final dos anos 1980<\/a> (Sinopse)<\/p>\n<div style=\"font-size: 120%;\"><h3>Confira tamb\u00e9m<\/h3>\r\n<a href=\"https:\/\/tvnovelas.com.br\/novelas\/\" rel=\"noopener\" target=\"_blank\"><strong>Todos os resumos de novelas<\/strong><\/a><\/br>\r\n<a href=\"https:\/\/www.tvnovelas.com.br\/tvnews\/\" rel=\"noopener\" target=\"_blank\"><strong>\u00daltimas not\u00edcias das novelas<\/strong><\/a><\/br>\r\n<a href=\"https:\/\/www.tvnovelas.com.br\/filmes\/\" target=\"_blank\" rel=\"noopener noreferrer\"><strong>Programa\u00e7\u00e3o de filmes na TV aberta<\/strong><\/a><\/br>\r\n<a href=\"https:\/\/caetenews.com.br\/semana\/filmes-da-globo-na-sessao-da-tarde-desta-semana\/\" target=\"_blank\" rel=\"noopener\"><strong>Confira os filmes da semana na Sess\u00e3o da Tarde<\/strong><\/a><\/br>\r\n<a href=\"https:\/\/classindportal.mj.gov.br\/consulta-filmes\" target=\"_blank\" rel=\"noopener\"><strong>Consulte a classifica\u00e7\u00e3o indicativa dos filmes e novelas<\/strong><\/a><\/br>\n<\/div>\n","protected":false},"excerpt":{"rendered":"<p>Vale Tudo: Heleninha chama por Ivan&#8230; Em Vale Tudo, Ivan (Renato G\u00f3es) n\u00e3o reagir\u00e1 nada bem \u00e0 instabilidade emocional constante de Heleninha&#8230;<\/p>\n","protected":false},"author":1,"featured_media":79076,"comment_status":"closed","ping_status":"closed","sticky":false,"template":"","format":"standard","meta":{"_uf_show_specific_survey":0,"_uf_disable_surveys":false,"_jetpack_memberships_contains_paid_content":false,"footnotes":"","_wp_rev_ctl_limit":""},"categories":[871],"tags":[5,64,801],"class_list":["post-79074","post","type-post","status-publish","format-standard","has-post-thumbnail","hentry","category-vale-tudo","tag-globo","tag-novelas","tag-vale-tudo","wpcat-871-id"],"aioseo_notices":[],"jetpack_featured_media_url":"https:\/\/i0.wp.com\/www.tvnovelas.com.br\/tvnews\/wp-content\/uploads\/2025\/07\/11548.jpg?fit=728%2C410&ssl=1","jetpack_shortlink":"https:\/\/wp.me\/pdP2BO-kzo","jetpack_sharing_enabled":true,"_links":{"self":[{"href":"https:\/\/www.tvnovelas.com.br\/tvnews\/wp-json\/wp\/v2\/posts\/79074","targetHints":{"allow":["GET"]}}],"collection":[{"href":"https:\/\/www.tvnovelas.com.br\/tvnews\/wp-json\/wp\/v2\/posts"}],"about":[{"href":"https:\/\/www.tvnovelas.com.br\/tvnews\/wp-json\/wp\/v2\/types\/post"}],"author":[{"embeddable":true,"href":"https:\/\/www.tvnovelas.com.br\/tvnews\/wp-json\/wp\/v2\/users\/1"}],"replies":[{"embeddable":true,"href":"https:\/\/www.tvnovelas.com.br\/tvnews\/wp-json\/wp\/v2\/comments?post=79074"}],"version-history":[{"count":3,"href":"https:\/\/www.tvnovelas.com.br\/tvnews\/wp-json\/wp\/v2\/posts\/79074\/revisions"}],"predecessor-version":[{"id":79079,"href":"https:\/\/www.tvnovelas.com.br\/tvnews\/wp-json\/wp\/v2\/posts\/79074\/revisions\/79079"}],"wp:featuredmedia":[{"embeddable":true,"href":"https:\/\/www.tvnovelas.com.br\/tvnews\/wp-json\/wp\/v2\/media\/79076"}],"wp:attachment":[{"href":"https:\/\/www.tvnovelas.com.br\/tvnews\/wp-json\/wp\/v2\/media?parent=79074"}],"wp:term":[{"taxonomy":"category","embeddable":true,"href":"https:\/\/www.tvnovelas.com.br\/tvnews\/wp-json\/wp\/v2\/categories?post=79074"},{"taxonomy":"post_tag","embeddable":true,"href":"https:\/\/www.tvnovelas.com.br\/tvnews\/wp-json\/wp\/v2\/tags?post=79074"}],"curies":[{"name":"wp","href":"https:\/\/api.w.org\/{rel}","templated":true}]}}