{"id":79081,"date":"2025-07-18T09:29:36","date_gmt":"2025-07-18T12:29:36","guid":{"rendered":"https:\/\/www.tvnovelas.com.br\/tvnews\/?p=79081"},"modified":"2025-07-18T09:29:36","modified_gmt":"2025-07-18T12:29:36","slug":"eta-mundo-melhor-simba-detona-samir-nunca-vai-achar-o-seu-pai","status":"publish","type":"post","link":"https:\/\/www.tvnovelas.com.br\/tvnews\/eta-mundo-melhor-simba-detona-samir-nunca-vai-achar-o-seu-pai\/","title":{"rendered":"\u00cata Mundo Melhor!:  Simb\u00e1 detona Samir: &#8216;Nunca vai achar o seu pai&#8217;"},"content":{"rendered":"<figure id=\"attachment_79082\" aria-describedby=\"caption-attachment-79082\" style=\"width: 728px\" class=\"wp-caption alignnone\"><img data-recalc-dims=\"1\" decoding=\"async\" class=\"wp-image-79082 size-full\" title=\"(Foto: TV Globo\/\u00cata Mundo Melhor!)\" src=\"https:\/\/i0.wp.com\/www.tvnovelas.com.br\/tvnews\/wp-content\/uploads\/2025\/07\/11549.jpg?resize=728%2C410&#038;ssl=1\" alt=\"Foto em \u00cata Mundo Melhor!: Simb\u00e1 detona Samir: 'Nunca vai achar o seu pai'\" width=\"728\" height=\"410\" srcset=\"https:\/\/i0.wp.com\/www.tvnovelas.com.br\/tvnews\/wp-content\/uploads\/2025\/07\/11549.jpg?w=728&amp;ssl=1 728w, https:\/\/i0.wp.com\/www.tvnovelas.com.br\/tvnews\/wp-content\/uploads\/2025\/07\/11549.jpg?resize=250%2C141&amp;ssl=1 250w\" sizes=\"(max-width: 728px) 100vw, 728px\" \/><figcaption id=\"caption-attachment-79082\" class=\"wp-caption-text\">\u00cata Mundo Melhor!: Simb\u00e1 detona Samir: &#8216;Nunca vai achar o seu pai&#8217;<\/figcaption><\/figure>\n<p>Em \u00cata Mundo Melhor!, Irritado que o plano de se passar por filho de milion\u00e1rio deu errado, Simb\u00e1 (Arthur Yera) vai ser cruel com Samir (Davi Malizia). Depois de ver a marca de nascen\u00e7a do menino e concluir que ele \u00e9 o filho de Candinho (Sergio Guiz\u00e9), Simb\u00e1 vai provocar o colega de orfanato:<\/p>\n<p>&#8220;Nunca prestei aten\u00e7\u00e3o na marca de Samir. \u00c9 t\u00e3o diferente! Feiosa, at\u00e9!&#8221;<\/p>\n<p>O menino n\u00e3o responde, e Simb\u00e1 continua:<\/p>\n<p>&#8220;\u00c9 estranha, como voc\u00ea, Samir!&#8221;<\/p>\n<p>S\u00f3 ent\u00e3o o filho de Candinho devolve:<\/p>\n<p>&#8220;Gosto da minha marca! Pode me ajudar a encontrar o meu pai!&#8221;<\/p>\n<p>Nesse momento, Simb\u00e1 resolve ser cruel com o Samir:<\/p>\n<p>&#8220;Eu n\u00e3o acho. Nunca vai achar o seu pai, Samir. Nunquinha.&#8221;<br \/>\n<!--FIM--><\/p>\n<h2>Sobre a novela:<\/h2>\n<p><a href=\"https:\/\/tvnovelas.com.br\/page2\/arquivo\/eta-mundo-melhor-a-volta-de-candinho-e-policarpo\/&quot;\" target=\"_blank\" rel=\"noopener\">\u00cata Mundo Melhor!: A volta de Candinho e Policarpo<\/a> (Sinopse)<br \/>\n<a href=\"https:\/\/pt.wikipedia.org\/wiki\/%C3%8Ata_Mundo_Melhor!\" target=\"_blank\" rel=\"noopener\">Sobre \u00cata Mundo Melhor!, na Wikipedia<\/a><\/p>\n<div style=\"font-size: 120%;\"><h3>Confira tamb\u00e9m<\/h3>\r\n<a href=\"https:\/\/tvnovelas.com.br\/novelas\/\" rel=\"noopener\" target=\"_blank\"><strong>Todos os resumos de novelas<\/strong><\/a><\/br>\r\n<a href=\"https:\/\/www.tvnovelas.com.br\/tvnews\/\" rel=\"noopener\" target=\"_blank\"><strong>\u00daltimas not\u00edcias das novelas<\/strong><\/a><\/br>\r\n<a href=\"https:\/\/www.tvnovelas.com.br\/filmes\/\" target=\"_blank\" rel=\"noopener noreferrer\"><strong>Programa\u00e7\u00e3o de filmes na TV aberta<\/strong><\/a><\/br>\r\n<a href=\"https:\/\/caetenews.com.br\/semana\/filmes-da-globo-na-sessao-da-tarde-desta-semana\/\" target=\"_blank\" rel=\"noopener\"><strong>Confira os filmes da semana na Sess\u00e3o da Tarde<\/strong><\/a><\/br>\r\n<a href=\"https:\/\/classindportal.mj.gov.br\/consulta-filmes\" target=\"_blank\" rel=\"noopener\"><strong>Consulte a classifica\u00e7\u00e3o indicativa dos filmes e novelas<\/strong><\/a><\/br><\/div>\n","protected":false},"excerpt":{"rendered":"<p>\u00cata Mundo Melhor!:  Simb\u00e1 detona Samir&#8230; Em \u00cata Mundo Melhor!, Irritado que o plano de se passar por filho de milion\u00e1rio deu errado, Simb\u00e1 (Arthur Yera) vai&#8230;<\/p>\n","protected":false},"author":1,"featured_media":79082,"comment_status":"closed","ping_status":"closed","sticky":false,"template":"","format":"standard","meta":{"_uf_show_specific_survey":0,"_uf_disable_surveys":false,"_jetpack_memberships_contains_paid_content":false,"footnotes":"","_wp_rev_ctl_limit":""},"categories":[920],"tags":[921,5,64],"class_list":["post-79081","post","type-post","status-publish","format-standard","has-post-thumbnail","hentry","category-eta-mundo-melhor","tag-eta-mundo-melhor","tag-globo","tag-novelas","wpcat-920-id"],"aioseo_notices":[],"jetpack_featured_media_url":"https:\/\/i0.wp.com\/www.tvnovelas.com.br\/tvnews\/wp-content\/uploads\/2025\/07\/11549.jpg?fit=728%2C410&ssl=1","jetpack_shortlink":"https:\/\/wp.me\/pdP2BO-kzv","jetpack_sharing_enabled":true,"_links":{"self":[{"href":"https:\/\/www.tvnovelas.com.br\/tvnews\/wp-json\/wp\/v2\/posts\/79081","targetHints":{"allow":["GET"]}}],"collection":[{"href":"https:\/\/www.tvnovelas.com.br\/tvnews\/wp-json\/wp\/v2\/posts"}],"about":[{"href":"https:\/\/www.tvnovelas.com.br\/tvnews\/wp-json\/wp\/v2\/types\/post"}],"author":[{"embeddable":true,"href":"https:\/\/www.tvnovelas.com.br\/tvnews\/wp-json\/wp\/v2\/users\/1"}],"replies":[{"embeddable":true,"href":"https:\/\/www.tvnovelas.com.br\/tvnews\/wp-json\/wp\/v2\/comments?post=79081"}],"version-history":[{"count":1,"href":"https:\/\/www.tvnovelas.com.br\/tvnews\/wp-json\/wp\/v2\/posts\/79081\/revisions"}],"predecessor-version":[{"id":79083,"href":"https:\/\/www.tvnovelas.com.br\/tvnews\/wp-json\/wp\/v2\/posts\/79081\/revisions\/79083"}],"wp:featuredmedia":[{"embeddable":true,"href":"https:\/\/www.tvnovelas.com.br\/tvnews\/wp-json\/wp\/v2\/media\/79082"}],"wp:attachment":[{"href":"https:\/\/www.tvnovelas.com.br\/tvnews\/wp-json\/wp\/v2\/media?parent=79081"}],"wp:term":[{"taxonomy":"category","embeddable":true,"href":"https:\/\/www.tvnovelas.com.br\/tvnews\/wp-json\/wp\/v2\/categories?post=79081"},{"taxonomy":"post_tag","embeddable":true,"href":"https:\/\/www.tvnovelas.com.br\/tvnews\/wp-json\/wp\/v2\/tags?post=79081"}],"curies":[{"name":"wp","href":"https:\/\/api.w.org\/{rel}","templated":true}]}}