{"id":79085,"date":"2025-07-18T09:51:52","date_gmt":"2025-07-18T12:51:52","guid":{"rendered":"https:\/\/www.tvnovelas.com.br\/tvnews\/?p=79085"},"modified":"2025-07-18T10:04:10","modified_gmt":"2025-07-18T13:04:10","slug":"cafe-com-aroma-de-mulher-lucia-implora-alta-para-sofia","status":"publish","type":"post","link":"https:\/\/www.tvnovelas.com.br\/tvnews\/cafe-com-aroma-de-mulher-lucia-implora-alta-para-sofia\/","title":{"rendered":"Caf\u00e9 Com Aroma de Mulher: L\u00facia implora alta para Sofia"},"content":{"rendered":"<figure id=\"attachment_79086\" aria-describedby=\"caption-attachment-79086\" style=\"width: 728px\" class=\"wp-caption alignnone\"><img data-recalc-dims=\"1\" decoding=\"async\" class=\"wp-image-79086 size-full\" title=\"(Foto: Band\/Caf\u00e9 Com Aroma de Mulher)\" src=\"https:\/\/i0.wp.com\/www.tvnovelas.com.br\/tvnews\/wp-content\/uploads\/2025\/07\/11550.jpg?resize=728%2C411&#038;ssl=1\" alt=\"Foto em Caf\u00e9 Com Aroma de Mulher: L\u00facia implora alta para Sofia\" width=\"728\" height=\"411\" srcset=\"https:\/\/i0.wp.com\/www.tvnovelas.com.br\/tvnews\/wp-content\/uploads\/2025\/07\/11550.jpg?w=728&amp;ssl=1 728w, https:\/\/i0.wp.com\/www.tvnovelas.com.br\/tvnews\/wp-content\/uploads\/2025\/07\/11550.jpg?resize=250%2C141&amp;ssl=1 250w\" sizes=\"(max-width: 728px) 100vw, 728px\" \/><figcaption id=\"caption-attachment-79086\" class=\"wp-caption-text\">Caf\u00e9 Com Aroma de Mulher: L\u00facia implora alta para Sofia<\/figcaption><\/figure>\n<p>No cap\u00edtulo de Caf\u00e9 com Aroma de Mulher desta sexta, dia 18, no hospital, L\u00facia demonstra um lado vulner\u00e1vel ao implorar para que a beb\u00ea Sofia receba alta. Com express\u00e3o aflita, ela promete aos m\u00e9dicos que cuidar\u00e1 da filha com todo o carinho e aten\u00e7\u00e3o, deixando claro que est\u00e1 totalmente comprometida com a recupera\u00e7\u00e3o da pequena.<\/p>\n<p>Os m\u00e9dicos ficam divididos. Emocionados pelo pedido sincero de L\u00facia, mas ainda inseguros sobre a real condi\u00e7\u00e3o de Sofia, que nasceu com uma gravidez de alto risco e passou um tempo na incubadora.<\/p>\n<p>Confira o resumo de hoje:<\/p>\n<h2 style=\"color: #9929ea;\">Resumo de sexta-feira, 18 de julho<\/h2>\n<p>M\u00e1rcia sai da sala de Ivan e d\u00e1 de cara com Lucr\u00e9cia, que pensa que ela estava ali apenas para assinar pap\u00e9is. L\u00facia implora pela alta de Sofia e promete cuidar bem da crian\u00e7a. Gaivota encontra M\u00e1rcia e diz que est\u00e1 trabalhando com Leonidas. Sebasti\u00e3o planeja evento em comemora\u00e7\u00e3o aos 70 anos da fazenda Casablanca e convida Gaivota e Carmela para a homenagem ao pai.<br \/>\n<!--FIM--><br \/>\n<strong>Sobre a novela<\/strong><br \/>\n<a href=\"https:\/\/wp.me\/pfspD2-UX\" target=\"_blank\" rel=\"noopener\">&#8216;Caf\u00e9 Com Aroma de Mulher&#8217;: Um amor proibido (Sinopse e personagens)<\/a><\/p>\n<div style=\"font-size: 120%;\"><h3>Confira tamb\u00e9m<\/h3>\r\n<a href=\"https:\/\/tvnovelas.com.br\/novelas\/\" rel=\"noopener\" target=\"_blank\"><strong>Todos os resumos de novelas<\/strong><\/a><\/br>\r\n<a href=\"https:\/\/www.tvnovelas.com.br\/tvnews\/\" rel=\"noopener\" target=\"_blank\"><strong>\u00daltimas not\u00edcias das novelas<\/strong><\/a><\/br>\r\n<a href=\"https:\/\/www.tvnovelas.com.br\/filmes\/\" target=\"_blank\" rel=\"noopener noreferrer\"><strong>Programa\u00e7\u00e3o de filmes na TV aberta<\/strong><\/a><\/br>\r\n<a href=\"https:\/\/caetenews.com.br\/semana\/filmes-da-globo-na-sessao-da-tarde-desta-semana\/\" target=\"_blank\" rel=\"noopener\"><strong>Confira os filmes da semana na Sess\u00e3o da Tarde<\/strong><\/a><\/br>\r\n<a href=\"https:\/\/classindportal.mj.gov.br\/consulta-filmes\" target=\"_blank\" rel=\"noopener\"><strong>Consulte a classifica\u00e7\u00e3o indicativa dos filmes e novelas<\/strong><\/a><\/br><\/div>\n","protected":false},"excerpt":{"rendered":"<p>Caf\u00e9 Com Aroma de Mulher: L\u00facia implora alta para Sofia&#8230; No cap\u00edtulo de Caf\u00e9 com Aroma de Mulher desta sexta, dia 18, No hospital, L\u00facia demonstra&#8230;<\/p>\n","protected":false},"author":1,"featured_media":79086,"comment_status":"closed","ping_status":"closed","sticky":false,"template":"","format":"standard","meta":{"_uf_show_specific_survey":0,"_uf_disable_surveys":false,"_jetpack_memberships_contains_paid_content":false,"footnotes":"","_wp_rev_ctl_limit":""},"categories":[918],"tags":[43,919,64],"class_list":["post-79085","post","type-post","status-publish","format-standard","has-post-thumbnail","hentry","category-cafe-com-aroma-de-mulher","tag-band","tag-cafe-com-aroma-de-mulher","tag-novelas","wpcat-918-id"],"aioseo_notices":[],"jetpack_featured_media_url":"https:\/\/i0.wp.com\/www.tvnovelas.com.br\/tvnews\/wp-content\/uploads\/2025\/07\/11550.jpg?fit=728%2C411&ssl=1","jetpack_shortlink":"https:\/\/wp.me\/pdP2BO-kzz","jetpack_sharing_enabled":true,"_links":{"self":[{"href":"https:\/\/www.tvnovelas.com.br\/tvnews\/wp-json\/wp\/v2\/posts\/79085","targetHints":{"allow":["GET"]}}],"collection":[{"href":"https:\/\/www.tvnovelas.com.br\/tvnews\/wp-json\/wp\/v2\/posts"}],"about":[{"href":"https:\/\/www.tvnovelas.com.br\/tvnews\/wp-json\/wp\/v2\/types\/post"}],"author":[{"embeddable":true,"href":"https:\/\/www.tvnovelas.com.br\/tvnews\/wp-json\/wp\/v2\/users\/1"}],"replies":[{"embeddable":true,"href":"https:\/\/www.tvnovelas.com.br\/tvnews\/wp-json\/wp\/v2\/comments?post=79085"}],"version-history":[{"count":3,"href":"https:\/\/www.tvnovelas.com.br\/tvnews\/wp-json\/wp\/v2\/posts\/79085\/revisions"}],"predecessor-version":[{"id":79090,"href":"https:\/\/www.tvnovelas.com.br\/tvnews\/wp-json\/wp\/v2\/posts\/79085\/revisions\/79090"}],"wp:featuredmedia":[{"embeddable":true,"href":"https:\/\/www.tvnovelas.com.br\/tvnews\/wp-json\/wp\/v2\/media\/79086"}],"wp:attachment":[{"href":"https:\/\/www.tvnovelas.com.br\/tvnews\/wp-json\/wp\/v2\/media?parent=79085"}],"wp:term":[{"taxonomy":"category","embeddable":true,"href":"https:\/\/www.tvnovelas.com.br\/tvnews\/wp-json\/wp\/v2\/categories?post=79085"},{"taxonomy":"post_tag","embeddable":true,"href":"https:\/\/www.tvnovelas.com.br\/tvnews\/wp-json\/wp\/v2\/tags?post=79085"}],"curies":[{"name":"wp","href":"https:\/\/api.w.org\/{rel}","templated":true}]}}