{"id":79092,"date":"2025-07-18T10:53:16","date_gmt":"2025-07-18T13:53:16","guid":{"rendered":"https:\/\/www.tvnovelas.com.br\/tvnews\/?p=79092"},"modified":"2025-07-18T10:53:16","modified_gmt":"2025-07-18T13:53:16","slug":"as-filhas-da-senhora-garcia-arturo-diz-a-valeria-que-fara-tudo-para-conquista-la","status":"publish","type":"post","link":"https:\/\/www.tvnovelas.com.br\/tvnews\/as-filhas-da-senhora-garcia-arturo-diz-a-valeria-que-fara-tudo-para-conquista-la\/","title":{"rendered":"As Filhas da Senhora Garcia: Arturo diz a Val\u00e9ria que far\u00e1 tudo para conquist\u00e1-la"},"content":{"rendered":"<figure id=\"attachment_79096\" aria-describedby=\"caption-attachment-79096\" style=\"width: 728px\" class=\"wp-caption alignnone\"><img data-recalc-dims=\"1\" decoding=\"async\" class=\"wp-image-79096 size-full\" title=\"(Foto: Televisa\/SBT\/As Filhas da Senhora Garcia)\" src=\"https:\/\/i0.wp.com\/www.tvnovelas.com.br\/tvnews\/wp-content\/uploads\/2025\/07\/11551.jpg?resize=728%2C409&#038;ssl=1\" alt=\"Foto em As Filhas da Senhora Garcia: Arturo diz a Val\u00e9ria que far\u00e1 tudo para conquist\u00e1-la\" width=\"728\" height=\"409\" srcset=\"https:\/\/i0.wp.com\/www.tvnovelas.com.br\/tvnews\/wp-content\/uploads\/2025\/07\/11551.jpg?w=728&amp;ssl=1 728w, https:\/\/i0.wp.com\/www.tvnovelas.com.br\/tvnews\/wp-content\/uploads\/2025\/07\/11551.jpg?resize=250%2C140&amp;ssl=1 250w\" sizes=\"(max-width: 728px) 100vw, 728px\" \/><figcaption id=\"caption-attachment-79096\" class=\"wp-caption-text\">As Filhas da Senhora Garcia: Arturo diz a Val\u00e9ria que far\u00e1 tudo para conquist\u00e1-la<\/figcaption><\/figure>\n<p>No cap\u00edtulo de As Filhas da Senhora Garcia desta sexta, dia 18, Arturo abre seu cora\u00e7\u00e3o para Valeria. Ele admite que sabe que ela ainda n\u00e3o confia nele, mas afirma com sinceridade que est\u00e1 disposto a fazer o que for preciso para reconquistar sua confian\u00e7a e o seu amor. A conversa deixa Valeria pensativa, dividida entre os sentimentos que ainda guarda por Arturo e as m\u00e1goas do passado.<\/p>\n<p>Enquanto isto, Ofelia confronta Arturo com uma pergunta direta: quer saber h\u00e1 quanto tempo ele est\u00e1 saindo com Valeria. Visivelmente desconfort\u00e1vel, Arturo evita dar uma resposta clara e diz apenas que Ofelia deve falar com Valeria sobre isso. A resposta deixa Ofelia desconfiada e magoada, sentindo que Arturo est\u00e1 escondendo algo ou tentando se esquivar da situa\u00e7\u00e3o.<\/p>\n<p>Confira o resumo do cap\u00edtulo de hoje:<br \/>\n2 style=&#8221;color: #9929EA;&#8221;&gt;Resumo de sexta-feira, 18 de julho<\/p>\n<p>Arturo diz a Valeria que sabe que ela n\u00e3o confia nele, mas que far\u00e1 o que for preciso para conquist\u00e1-la. Camila se enfurece ao ver Mar no est\u00fadio da m\u00e3e e grita que com certeza ela quer roubar alguma coisa. Mar responde que Paula mandou ela limpar, Paula diz que ela entendeu errado, Ofelia diz que tudo foi um mal-entendido, e Graciela diz que n\u00e3o quer mais problemas. Ofelia, furiosa, diz a Mar que n\u00e3o chore e que n\u00e3o est\u00e1 ali para fazer faxina, que Paula vai se arrepender. Graciela diz a Paula que tem certeza de que o incidente no est\u00fadio de Cecilia foi culpa dela, que Luis a tolera por considera\u00e7\u00e3o ao filho, mas que ela n\u00e3o ouse machucar seus sobrinhos, ou ter\u00e1 que se entender com ela. Ofelia pergunta a Arturo h\u00e1 quanto tempo ele est\u00e1 saindo com Valeria, ele responde que fale com Valeria.<\/p>\n<p>Ofelia diz para ele n\u00e3o brincar com a filha dela e Arturo responde que est\u00e1 tudo bem entre eles. Nicolas reclama com Leonardo por ter tomado a liberdade de cancelar seu projeto. Leonardo diz que \u00e9 para o bem da empresa e Nicolas responde que ele est\u00e1 se aproveitando da situa\u00e7\u00e3o para tomar decis\u00f5es que n\u00e3o s\u00e3o da sua al\u00e7ada. Luis deixa claro a Leonardo que, antes de tomar qualquer decis\u00e3o, ele deve consult\u00e1-lo. Juan diz a Mar que tem a solu\u00e7\u00e3o para que ningu\u00e9m mais possa separ\u00e1-los: pede que ela se case com ele. Ela aceita. Juan promete trabalhar duro para dar a ela tudo o que merece. Valeria diz a Mar que ela \u00e9 muito jovem para se casar, que deveria estudar alguma coisa. Mar diz que sua m\u00e3e diz que ela n\u00e3o \u00e9 muito inteligente para estudar, e Valeria responde que ela n\u00e3o deve dar ouvidos \u00e0 m\u00e3e, que o que decidir deve ser por ela mesma. Susana, furiosa, avisa Mar que vai faz\u00ea-la deixar Juan em paz, seja pelo bem ou pelo mal.<br \/>\n<!--FIM--><\/p>\n<div style=\"font-size: 120%;\"><h3>Confira tamb\u00e9m<\/h3>\r\n<a href=\"https:\/\/tvnovelas.com.br\/novelas\/\" rel=\"noopener\" target=\"_blank\"><strong>Todos os resumos de novelas<\/strong><\/a><\/br>\r\n<a href=\"https:\/\/www.tvnovelas.com.br\/tvnews\/\" rel=\"noopener\" target=\"_blank\"><strong>\u00daltimas not\u00edcias das novelas<\/strong><\/a><\/br>\r\n<a href=\"https:\/\/www.tvnovelas.com.br\/filmes\/\" target=\"_blank\" rel=\"noopener noreferrer\"><strong>Programa\u00e7\u00e3o de filmes na TV aberta<\/strong><\/a><\/br>\r\n<a href=\"https:\/\/caetenews.com.br\/semana\/filmes-da-globo-na-sessao-da-tarde-desta-semana\/\" target=\"_blank\" rel=\"noopener\"><strong>Confira os filmes da semana na Sess\u00e3o da Tarde<\/strong><\/a><\/br>\r\n<a href=\"https:\/\/classindportal.mj.gov.br\/consulta-filmes\" target=\"_blank\" rel=\"noopener\"><strong>Consulte a classifica\u00e7\u00e3o indicativa dos filmes e novelas<\/strong><\/a><\/br><\/div>\n","protected":false},"excerpt":{"rendered":"<p>As Filhas da Senhora Garcia: Arturo diz a Val\u00e9ria&#8230; No cap\u00edtulo de As Filhas da Senhora Garcia desta sexta, dia 18, Arturo abre seu cora\u00e7\u00e3o para Valeria&#8230;<\/p>\n","protected":false},"author":1,"featured_media":79096,"comment_status":"closed","ping_status":"closed","sticky":false,"template":"","format":"standard","meta":{"_uf_show_specific_survey":0,"_uf_disable_surveys":false,"_jetpack_memberships_contains_paid_content":false,"footnotes":"","_wp_rev_ctl_limit":""},"categories":[930],"tags":[931,64,13],"class_list":["post-79092","post","type-post","status-publish","format-standard","has-post-thumbnail","hentry","category-as-filhas-da-senhora-garcia","tag-as-filhas-da-senhora-garcia","tag-novelas","tag-sbt","wpcat-930-id"],"aioseo_notices":[],"jetpack_featured_media_url":"https:\/\/i0.wp.com\/www.tvnovelas.com.br\/tvnews\/wp-content\/uploads\/2025\/07\/11551.jpg?fit=728%2C409&ssl=1","jetpack_shortlink":"https:\/\/wp.me\/pdP2BO-kzG","jetpack_sharing_enabled":true,"_links":{"self":[{"href":"https:\/\/www.tvnovelas.com.br\/tvnews\/wp-json\/wp\/v2\/posts\/79092","targetHints":{"allow":["GET"]}}],"collection":[{"href":"https:\/\/www.tvnovelas.com.br\/tvnews\/wp-json\/wp\/v2\/posts"}],"about":[{"href":"https:\/\/www.tvnovelas.com.br\/tvnews\/wp-json\/wp\/v2\/types\/post"}],"author":[{"embeddable":true,"href":"https:\/\/www.tvnovelas.com.br\/tvnews\/wp-json\/wp\/v2\/users\/1"}],"replies":[{"embeddable":true,"href":"https:\/\/www.tvnovelas.com.br\/tvnews\/wp-json\/wp\/v2\/comments?post=79092"}],"version-history":[{"count":2,"href":"https:\/\/www.tvnovelas.com.br\/tvnews\/wp-json\/wp\/v2\/posts\/79092\/revisions"}],"predecessor-version":[{"id":79097,"href":"https:\/\/www.tvnovelas.com.br\/tvnews\/wp-json\/wp\/v2\/posts\/79092\/revisions\/79097"}],"wp:featuredmedia":[{"embeddable":true,"href":"https:\/\/www.tvnovelas.com.br\/tvnews\/wp-json\/wp\/v2\/media\/79096"}],"wp:attachment":[{"href":"https:\/\/www.tvnovelas.com.br\/tvnews\/wp-json\/wp\/v2\/media?parent=79092"}],"wp:term":[{"taxonomy":"category","embeddable":true,"href":"https:\/\/www.tvnovelas.com.br\/tvnews\/wp-json\/wp\/v2\/categories?post=79092"},{"taxonomy":"post_tag","embeddable":true,"href":"https:\/\/www.tvnovelas.com.br\/tvnews\/wp-json\/wp\/v2\/tags?post=79092"}],"curies":[{"name":"wp","href":"https:\/\/api.w.org\/{rel}","templated":true}]}}