{"id":79099,"date":"2025-07-18T11:37:37","date_gmt":"2025-07-18T14:37:37","guid":{"rendered":"https:\/\/www.tvnovelas.com.br\/tvnews\/?p=79099"},"modified":"2025-07-18T11:37:37","modified_gmt":"2025-07-18T14:37:37","slug":"sangue-oculto-olavo-acha-que-ele-e-teresa-estao-sendo-vigiados","status":"publish","type":"post","link":"https:\/\/www.tvnovelas.com.br\/tvnews\/sangue-oculto-olavo-acha-que-ele-e-teresa-estao-sendo-vigiados\/","title":{"rendered":"Sangue Oculto:  Olavo acha que ele e Teresa est\u00e3o sendo vigiados"},"content":{"rendered":"<figure id=\"attachment_79101\" aria-describedby=\"caption-attachment-79101\" style=\"width: 727px\" class=\"wp-caption alignnone\"><img data-recalc-dims=\"1\" decoding=\"async\" class=\"wp-image-79101 size-full\" title=\"(Foto: TV Brasil\/Sangue Oculto)\" src=\"https:\/\/i0.wp.com\/www.tvnovelas.com.br\/tvnews\/wp-content\/uploads\/2025\/07\/11552.jpg?resize=727%2C410&#038;ssl=1\" alt=\"Foto em Sangue Oculto: Olavo acha que ele e Teresa est\u00e3o sendo vigiados\" width=\"727\" height=\"410\" srcset=\"https:\/\/i0.wp.com\/www.tvnovelas.com.br\/tvnews\/wp-content\/uploads\/2025\/07\/11552.jpg?w=727&amp;ssl=1 727w, https:\/\/i0.wp.com\/www.tvnovelas.com.br\/tvnews\/wp-content\/uploads\/2025\/07\/11552.jpg?resize=250%2C141&amp;ssl=1 250w\" sizes=\"(max-width: 727px) 100vw, 727px\" \/><figcaption id=\"caption-attachment-79101\" class=\"wp-caption-text\">Sangue Oculto: Olavo acha que ele e Teresa est\u00e3o sendo vigiados<\/figcaption><\/figure>\n<p>No cap\u00edtulo de Sangue Oculto desta sexta, dia 18, Olavo compartilha com Teresa a suspeita de que est\u00e3o sendo vigiados. A tens\u00e3o entre os personagens cresce \u00e0 medida que Olavo percebe comportamentos estranhos ao seu redor, levando-o a crer que h\u00e1 algu\u00e9m de olho em seus passos. Ao dividir essa inquieta\u00e7\u00e3o com Teresa, ele busca apoio e tamb\u00e9m alerta a esposa para que fiquem mais atentos, especialmente diante das \u00faltimas descobertas envolvendo Vanda.<\/p>\n<p>Confira o resumo do cap\u00edtulo de hoje:<\/p>\n<h2 style=\"color: #3a0519;\">Resumo de sexta-feira, 18 de julho<\/h2>\n<p>Vasyl esquece de mais um compromisso com Elsa. Olavo compartilha com Teresa a suspeita de estarem sendo vigiados. Carolina \u00e9 atacada no quarto de Tiago. N\u00e9lson vai visitar J\u00falia, mas tem uma surpresa desagrad\u00e1vel. Henrique \u00e9 convencido de ajudar a pol\u00edcia na investiga\u00e7\u00e3o contra Carmo. Guilherme apoia J\u00falia em sua recupera\u00e7\u00e3o.<br \/>\n<!--END--><\/p>\n<h2>Saiba mais<\/h2>\n<p><a href=\"https:\/\/wp.me\/pfspD2-TZ\" target=\"_blank\" rel=\"noopener\">Sangue Oculto: G\u00eameas que nunca se viram<\/a><\/p>\n<div style=\"font-size: 120%;\"><h3>Confira tamb\u00e9m<\/h3>\r\n<a href=\"https:\/\/tvnovelas.com.br\/novelas\/\" rel=\"noopener\" target=\"_blank\"><strong>Todos os resumos de novelas<\/strong><\/a><\/br>\r\n<a href=\"https:\/\/www.tvnovelas.com.br\/tvnews\/\" rel=\"noopener\" target=\"_blank\"><strong>\u00daltimas not\u00edcias das novelas<\/strong><\/a><\/br>\r\n<a href=\"https:\/\/www.tvnovelas.com.br\/filmes\/\" target=\"_blank\" rel=\"noopener noreferrer\"><strong>Programa\u00e7\u00e3o de filmes na TV aberta<\/strong><\/a><\/br>\r\n<a href=\"https:\/\/caetenews.com.br\/semana\/filmes-da-globo-na-sessao-da-tarde-desta-semana\/\" target=\"_blank\" rel=\"noopener\"><strong>Confira os filmes da semana na Sess\u00e3o da Tarde<\/strong><\/a><\/br>\r\n<a href=\"https:\/\/classindportal.mj.gov.br\/consulta-filmes\" target=\"_blank\" rel=\"noopener\"><strong>Consulte a classifica\u00e7\u00e3o indicativa dos filmes e novelas<\/strong><\/a><\/br><\/div>\n","protected":false},"excerpt":{"rendered":"<p>Sangue Oculto:  Olavo acha que ele e Teresa est\u00e3o sendo vigiados&#8230; No cap\u00edtulo de Sangue Oculto desta sexta, dia 18, Olavo compartilha com Teresa&#8230;<\/p>\n","protected":false},"author":1,"featured_media":79101,"comment_status":"closed","ping_status":"closed","sticky":false,"template":"","format":"standard","meta":{"_uf_show_specific_survey":0,"_uf_disable_surveys":false,"_jetpack_memberships_contains_paid_content":false,"footnotes":"","_wp_rev_ctl_limit":""},"categories":[351],"tags":[64,870,255],"class_list":["post-79099","post","type-post","status-publish","format-standard","has-post-thumbnail","hentry","category-tv-brasil","tag-novelas","tag-sangue-oculto","tag-tv-brasil","wpcat-351-id"],"aioseo_notices":[],"jetpack_featured_media_url":"https:\/\/i0.wp.com\/www.tvnovelas.com.br\/tvnews\/wp-content\/uploads\/2025\/07\/11552.jpg?fit=727%2C410&ssl=1","jetpack_shortlink":"https:\/\/wp.me\/pdP2BO-kzN","jetpack_sharing_enabled":true,"_links":{"self":[{"href":"https:\/\/www.tvnovelas.com.br\/tvnews\/wp-json\/wp\/v2\/posts\/79099","targetHints":{"allow":["GET"]}}],"collection":[{"href":"https:\/\/www.tvnovelas.com.br\/tvnews\/wp-json\/wp\/v2\/posts"}],"about":[{"href":"https:\/\/www.tvnovelas.com.br\/tvnews\/wp-json\/wp\/v2\/types\/post"}],"author":[{"embeddable":true,"href":"https:\/\/www.tvnovelas.com.br\/tvnews\/wp-json\/wp\/v2\/users\/1"}],"replies":[{"embeddable":true,"href":"https:\/\/www.tvnovelas.com.br\/tvnews\/wp-json\/wp\/v2\/comments?post=79099"}],"version-history":[{"count":1,"href":"https:\/\/www.tvnovelas.com.br\/tvnews\/wp-json\/wp\/v2\/posts\/79099\/revisions"}],"predecessor-version":[{"id":79102,"href":"https:\/\/www.tvnovelas.com.br\/tvnews\/wp-json\/wp\/v2\/posts\/79099\/revisions\/79102"}],"wp:featuredmedia":[{"embeddable":true,"href":"https:\/\/www.tvnovelas.com.br\/tvnews\/wp-json\/wp\/v2\/media\/79101"}],"wp:attachment":[{"href":"https:\/\/www.tvnovelas.com.br\/tvnews\/wp-json\/wp\/v2\/media?parent=79099"}],"wp:term":[{"taxonomy":"category","embeddable":true,"href":"https:\/\/www.tvnovelas.com.br\/tvnews\/wp-json\/wp\/v2\/categories?post=79099"},{"taxonomy":"post_tag","embeddable":true,"href":"https:\/\/www.tvnovelas.com.br\/tvnews\/wp-json\/wp\/v2\/tags?post=79099"}],"curies":[{"name":"wp","href":"https:\/\/api.w.org\/{rel}","templated":true}]}}