{"id":79107,"date":"2025-07-18T13:16:10","date_gmt":"2025-07-18T16:16:10","guid":{"rendered":"https:\/\/www.tvnovelas.com.br\/tvnews\/?p=79107"},"modified":"2025-07-18T13:16:10","modified_gmt":"2025-07-18T16:16:10","slug":"o-que-se-passa-em-a-caverna-encantada-da-semana-21-a-25-7","status":"publish","type":"post","link":"https:\/\/www.tvnovelas.com.br\/tvnews\/o-que-se-passa-em-a-caverna-encantada-da-semana-21-a-25-7\/","title":{"rendered":"O que se passa em A Caverna Encantada da semana 21 a 25\/7"},"content":{"rendered":"<div style=\"background-color: #dcd0a8; border-style: solid; border-width: 0px 0px 10px 0px; solid green; border-radius: 30px; padding: 10px; font-size: 110%;\">.<\/p>\n<figure id=\"attachment_79108\" aria-describedby=\"caption-attachment-79108\" style=\"width: 728px\" class=\"wp-caption aligncenter\"><img data-recalc-dims=\"1\" decoding=\"async\" class=\"wp-image-79108 size-full\" title=\"(Foto: SBT\/A Caverna Encantada)\" src=\"https:\/\/i0.wp.com\/www.tvnovelas.com.br\/tvnews\/wp-content\/uploads\/2025\/07\/11553.jpg?resize=728%2C410&#038;ssl=1\" alt=\"Foto em O que se passa em A Caverna Encantada da semana 21 a 25\/7\" width=\"728\" height=\"410\" srcset=\"https:\/\/i0.wp.com\/www.tvnovelas.com.br\/tvnews\/wp-content\/uploads\/2025\/07\/11553.jpg?w=728&amp;ssl=1 728w, https:\/\/i0.wp.com\/www.tvnovelas.com.br\/tvnews\/wp-content\/uploads\/2025\/07\/11553.jpg?resize=250%2C141&amp;ssl=1 250w\" sizes=\"(max-width: 728px) 100vw, 728px\" \/><figcaption id=\"caption-attachment-79108\" class=\"wp-caption-text\">O que se passa em A Caverna Encantada da semana 21 a 25\/7<\/figcaption><\/figure>\n<p><strong style=\"color: #320a6b;\">Nos pr\u00f3ximos cap\u00edtulos de A Caverna Encantada, <\/strong>Mois\u00e9s escreve uma carta de despedida para Dalete; Lav\u00ednia se veste de Poliana; Pedro enfrenta Senor; Anna chora ap\u00f3s descobrir plano de vingan\u00e7a de Flora&#8230;\n<\/div>\n<h2 style=\"color: #320a6b;\">Resumo de segunda-feira, 21 de julho<\/h2>\n<p>Norma fica apaixonada por C\u00e9sar. No col\u00e9gio, Flora afirma a Norma que ser\u00e1 a maior inimiga das meninas. Elisa leva C\u00e9sar ao col\u00e9gio e exige que ele esclare\u00e7a a Norma que n\u00e3o tem sentimentos pela diretora. Pedro revela a Isadora que ouviu boatos de que o Senor gosta dela; a fofoca se espalha pelo col\u00e9gio. Faf\u00e1 oferece a Gabriel um servi\u00e7o de consultoria para cerim\u00f4nia de casamento. Mois\u00e9s escreve uma carta de despedida para Dalete e a deixa na cozinha para que ela leia. Norma procura os servi\u00e7os de consultoria de Faf\u00e1, alegando que tamb\u00e9m deseja se casar em breve.<\/p>\n<h2 style=\"color: #320a6b;\">Resumo de ter\u00e7a-feira, 22 de julho<\/h2>\n<p>Pilar impede que Mois\u00e9s fuja com seu irm\u00e3o Thomas. Lav\u00ednia se veste de Poliana (As Aventuras de Poliana) para tentar se aproximar de Flora, que tem a personagem como sua favorita. Mas Flora afirma que sabe de tudo o que ela e as amigas aprontaram. Senor faz Isadora chorar, e Pedro parte para um confronto com ele. Lav\u00ednia implora pela amizade de Flora, mas ela quer dist\u00e2ncia para sempre. Flora atormenta todas as crian\u00e7as do col\u00e9gio. Anna e Lav\u00ednia pedem perd\u00e3o por todos os conflitos do passado.<\/p>\n<h2 style=\"color: #320a6b;\">Resumo de quarta-feira, 23 de julho<\/h2>\n<p>Ap\u00f3s briga, Pedro e Senor usam a \u201ccamiseta da vergonha\u201d \u2014 uma \u00fanica pe\u00e7a de roupa gigante que ambos vestem ao mesmo tempo. Flora escreve uma carta em nome de Paulo. Cristina faz uma visita a Betina em Milagres. Chateada com Mois\u00e9s por querer partir, Dalete ouve do filho que ele deseja conhecer a fam\u00edlia biol\u00f3gica com ela. Anna acredita que seu pai est\u00e1 vivo e quer ir atr\u00e1s dele.<\/p>\n<h2 style=\"color: #320a6b;\">Resumo de quinta-feira, 24 de julho<\/h2>\n<p>Elisa diz a C\u00e9sar que deseja morar com ele. Cristina revela a Betina que sente saudade de Thomas e que isso atrapalha o sonho de cantora dela. Thomas desiste de viajar at\u00e9 a cidade dos tios. Gabriel e Pilar planejam os detalhes do casamento e discutem se v\u00e3o convidar Norma. Felipe e Rui gravam Andr\u00e9 e Isadora se abra\u00e7ando e mostram a imagem a Pedro. Norma aparece no pet shop, ouve Elisa e C\u00e9sar falando sobre morar juntos e fica espantada.<\/p>\n<h2 style=\"color: #320a6b;\">Resumo de sexta-feira, 25 de julho<\/h2>\n<p>C\u00e9sar diz a Norma que n\u00e3o vai se casar com ela. Thomas v\u00ea Cristina indo embora de carro da cidade e se joga em frente ao ve\u00edculo. Flora admite a Anna que seu plano de vingan\u00e7a era fingir que Paulo foi encontrado. Betina pede a Thomas que n\u00e3o atrapalhe a vida de Cristina, pois ela est\u00e1 feliz. Pedro pede a Andr\u00e9 que o afaste temporariamente dos Lu\u00edses. Jane e Nina escutam algu\u00e9m tocando piano na caverna. C\u00e9sar diz a Norma que Goma \u00e9 quem est\u00e1 interessado nela, e ela decide ir atr\u00e1s do novo amor.<br \/>\n<!--FIM--><\/p>\n<div style=\"font-size: 120%;\"><h3>Confira tamb\u00e9m<\/h3>\r\n<a href=\"https:\/\/tvnovelas.com.br\/novelas\/\" rel=\"noopener\" target=\"_blank\"><strong>Todos os resumos de novelas<\/strong><\/a><\/br>\r\n<a href=\"https:\/\/www.tvnovelas.com.br\/tvnews\/\" rel=\"noopener\" target=\"_blank\"><strong>\u00daltimas not\u00edcias das novelas<\/strong><\/a><\/br>\r\n<a href=\"https:\/\/www.tvnovelas.com.br\/filmes\/\" target=\"_blank\" rel=\"noopener noreferrer\"><strong>Programa\u00e7\u00e3o de filmes na TV aberta<\/strong><\/a><\/br>\r\n<a href=\"https:\/\/caetenews.com.br\/semana\/filmes-da-globo-na-sessao-da-tarde-desta-semana\/\" target=\"_blank\" rel=\"noopener\"><strong>Confira os filmes da semana na Sess\u00e3o da Tarde<\/strong><\/a><\/br>\r\n<a href=\"https:\/\/classindportal.mj.gov.br\/consulta-filmes\" target=\"_blank\" rel=\"noopener\"><strong>Consulte a classifica\u00e7\u00e3o indicativa dos filmes e novelas<\/strong><\/a><\/br><\/div>\n","protected":false},"excerpt":{"rendered":"<p>O que se passa em A Caverna Encantada da semana 21 a 25\/7&#8230;  Nos pr\u00f3ximos cap\u00edtulos de A Caverna Encantada, Mois\u00e9s escreve uma carta&#8230;<\/p>\n","protected":false},"author":1,"featured_media":79108,"comment_status":"closed","ping_status":"closed","sticky":false,"template":"","format":"standard","meta":{"_uf_show_specific_survey":0,"_uf_disable_surveys":false,"_jetpack_memberships_contains_paid_content":false,"footnotes":"","_wp_rev_ctl_limit":""},"categories":[766],"tags":[767,64,13],"class_list":["post-79107","post","type-post","status-publish","format-standard","has-post-thumbnail","hentry","category-a-caverna-encantada","tag-a-caverna-encantada","tag-novelas","tag-sbt","wpcat-766-id"],"aioseo_notices":[],"jetpack_featured_media_url":"https:\/\/i0.wp.com\/www.tvnovelas.com.br\/tvnews\/wp-content\/uploads\/2025\/07\/11553.jpg?fit=728%2C410&ssl=1","jetpack_shortlink":"https:\/\/wp.me\/pdP2BO-kzV","jetpack_sharing_enabled":true,"_links":{"self":[{"href":"https:\/\/www.tvnovelas.com.br\/tvnews\/wp-json\/wp\/v2\/posts\/79107","targetHints":{"allow":["GET"]}}],"collection":[{"href":"https:\/\/www.tvnovelas.com.br\/tvnews\/wp-json\/wp\/v2\/posts"}],"about":[{"href":"https:\/\/www.tvnovelas.com.br\/tvnews\/wp-json\/wp\/v2\/types\/post"}],"author":[{"embeddable":true,"href":"https:\/\/www.tvnovelas.com.br\/tvnews\/wp-json\/wp\/v2\/users\/1"}],"replies":[{"embeddable":true,"href":"https:\/\/www.tvnovelas.com.br\/tvnews\/wp-json\/wp\/v2\/comments?post=79107"}],"version-history":[{"count":1,"href":"https:\/\/www.tvnovelas.com.br\/tvnews\/wp-json\/wp\/v2\/posts\/79107\/revisions"}],"predecessor-version":[{"id":79109,"href":"https:\/\/www.tvnovelas.com.br\/tvnews\/wp-json\/wp\/v2\/posts\/79107\/revisions\/79109"}],"wp:featuredmedia":[{"embeddable":true,"href":"https:\/\/www.tvnovelas.com.br\/tvnews\/wp-json\/wp\/v2\/media\/79108"}],"wp:attachment":[{"href":"https:\/\/www.tvnovelas.com.br\/tvnews\/wp-json\/wp\/v2\/media?parent=79107"}],"wp:term":[{"taxonomy":"category","embeddable":true,"href":"https:\/\/www.tvnovelas.com.br\/tvnews\/wp-json\/wp\/v2\/categories?post=79107"},{"taxonomy":"post_tag","embeddable":true,"href":"https:\/\/www.tvnovelas.com.br\/tvnews\/wp-json\/wp\/v2\/tags?post=79107"}],"curies":[{"name":"wp","href":"https:\/\/api.w.org\/{rel}","templated":true}]}}