{"id":79113,"date":"2025-07-18T13:33:50","date_gmt":"2025-07-18T16:33:50","guid":{"rendered":"https:\/\/www.tvnovelas.com.br\/tvnews\/?p=79113"},"modified":"2025-07-18T13:33:50","modified_gmt":"2025-07-18T16:33:50","slug":"o-rico-e-lazaro-zac-nao-sabe-em-quem-confiar","status":"publish","type":"post","link":"https:\/\/www.tvnovelas.com.br\/tvnews\/o-rico-e-lazaro-zac-nao-sabe-em-quem-confiar\/","title":{"rendered":"O Rico e L\u00e1zaro: Zac n\u00e3o sabe em quem confiar"},"content":{"rendered":"<figure id=\"attachment_79110\" aria-describedby=\"caption-attachment-79110\" style=\"width: 728px\" class=\"wp-caption alignnone\"><img data-recalc-dims=\"1\" decoding=\"async\" class=\"wp-image-79110 size-full\" title=\"(Foto TV Record\/ O Rico e L\u00e1zaro)\" src=\"https:\/\/i0.wp.com\/www.tvnovelas.com.br\/tvnews\/wp-content\/uploads\/2025\/07\/11554.jpg?resize=728%2C409&#038;ssl=1\" alt=\"Foto em O Rico e L\u00e1zaro: Zac n\u00e3o sabe em quem confiar\" width=\"728\" height=\"409\" srcset=\"https:\/\/i0.wp.com\/www.tvnovelas.com.br\/tvnews\/wp-content\/uploads\/2025\/07\/11554.jpg?w=728&amp;ssl=1 728w, https:\/\/i0.wp.com\/www.tvnovelas.com.br\/tvnews\/wp-content\/uploads\/2025\/07\/11554.jpg?resize=250%2C140&amp;ssl=1 250w\" sizes=\"(max-width: 728px) 100vw, 728px\" \/><figcaption id=\"caption-attachment-79110\" class=\"wp-caption-text\">O Rico e L\u00e1zaro: Zac n\u00e3o sabe em quem confiar<\/figcaption><\/figure>\n<p>Zac se mostra cada vez mais desconfiado e revela que n\u00e3o sabe em quem pode confiar. O clima na Babil\u00f4nia segue tenso, com trai\u00e7\u00f5es e conspira\u00e7\u00f5es nos bastidores do pal\u00e1cio. A press\u00e3o sobre Zac aumenta, especialmente agora que ocupa um cargo de grande import\u00e2ncia, e ele come\u00e7a a perceber que at\u00e9 seus aliados mais pr\u00f3ximos podem estar escondendo inten\u00e7\u00f5es duvidosas.<\/p>\n<div style=\"font-size: 120%;\"><h3>Confira tamb\u00e9m<\/h3>\r\n<a href=\"https:\/\/tvnovelas.com.br\/novelas\/\" rel=\"noopener\" target=\"_blank\"><strong>Todos os resumos de novelas<\/strong><\/a><\/br>\r\n<a href=\"https:\/\/www.tvnovelas.com.br\/tvnews\/\" rel=\"noopener\" target=\"_blank\"><strong>\u00daltimas not\u00edcias das novelas<\/strong><\/a><\/br>\r\n<a href=\"https:\/\/www.tvnovelas.com.br\/filmes\/\" target=\"_blank\" rel=\"noopener noreferrer\"><strong>Programa\u00e7\u00e3o de filmes na TV aberta<\/strong><\/a><\/br>\r\n<a href=\"https:\/\/caetenews.com.br\/semana\/filmes-da-globo-na-sessao-da-tarde-desta-semana\/\" target=\"_blank\" rel=\"noopener\"><strong>Confira os filmes da semana na Sess\u00e3o da Tarde<\/strong><\/a><\/br>\r\n<a href=\"https:\/\/classindportal.mj.gov.br\/consulta-filmes\" target=\"_blank\" rel=\"noopener\"><strong>Consulte a classifica\u00e7\u00e3o indicativa dos filmes e novelas<\/strong><\/a><\/br><\/div>\n","protected":false},"excerpt":{"rendered":"<p>O Rico e L\u00e1zaro: Zac n\u00e3o sabe em quem confiar&#8230; Zac se mostra cada vez mais desconfiado e revela que n\u00e3o sabe em quem pode confiar&#8230;.<\/p>\n","protected":false},"author":1,"featured_media":79110,"comment_status":"closed","ping_status":"closed","sticky":false,"template":"","format":"standard","meta":{"_uf_show_specific_survey":0,"_uf_disable_surveys":false,"_jetpack_memberships_contains_paid_content":false,"footnotes":"","_wp_rev_ctl_limit":""},"categories":[912],"tags":[64,52,14],"class_list":["post-79113","post","type-post","status-publish","format-standard","has-post-thumbnail","hentry","category-o-rico-e-lazaro","tag-novelas","tag-o-rico-e-lazaro","tag-record","wpcat-912-id"],"aioseo_notices":[],"jetpack_featured_media_url":"https:\/\/i0.wp.com\/www.tvnovelas.com.br\/tvnews\/wp-content\/uploads\/2025\/07\/11554.jpg?fit=728%2C409&ssl=1","jetpack_shortlink":"https:\/\/wp.me\/pdP2BO-kA1","jetpack_sharing_enabled":true,"_links":{"self":[{"href":"https:\/\/www.tvnovelas.com.br\/tvnews\/wp-json\/wp\/v2\/posts\/79113","targetHints":{"allow":["GET"]}}],"collection":[{"href":"https:\/\/www.tvnovelas.com.br\/tvnews\/wp-json\/wp\/v2\/posts"}],"about":[{"href":"https:\/\/www.tvnovelas.com.br\/tvnews\/wp-json\/wp\/v2\/types\/post"}],"author":[{"embeddable":true,"href":"https:\/\/www.tvnovelas.com.br\/tvnews\/wp-json\/wp\/v2\/users\/1"}],"replies":[{"embeddable":true,"href":"https:\/\/www.tvnovelas.com.br\/tvnews\/wp-json\/wp\/v2\/comments?post=79113"}],"version-history":[{"count":1,"href":"https:\/\/www.tvnovelas.com.br\/tvnews\/wp-json\/wp\/v2\/posts\/79113\/revisions"}],"predecessor-version":[{"id":79115,"href":"https:\/\/www.tvnovelas.com.br\/tvnews\/wp-json\/wp\/v2\/posts\/79113\/revisions\/79115"}],"wp:featuredmedia":[{"embeddable":true,"href":"https:\/\/www.tvnovelas.com.br\/tvnews\/wp-json\/wp\/v2\/media\/79110"}],"wp:attachment":[{"href":"https:\/\/www.tvnovelas.com.br\/tvnews\/wp-json\/wp\/v2\/media?parent=79113"}],"wp:term":[{"taxonomy":"category","embeddable":true,"href":"https:\/\/www.tvnovelas.com.br\/tvnews\/wp-json\/wp\/v2\/categories?post=79113"},{"taxonomy":"post_tag","embeddable":true,"href":"https:\/\/www.tvnovelas.com.br\/tvnews\/wp-json\/wp\/v2\/tags?post=79113"}],"curies":[{"name":"wp","href":"https:\/\/api.w.org\/{rel}","templated":true}]}}