{"id":79117,"date":"2025-07-18T13:52:31","date_gmt":"2025-07-18T16:52:31","guid":{"rendered":"https:\/\/www.tvnovelas.com.br\/tvnews\/?p=79117"},"modified":"2025-07-18T13:52:31","modified_gmt":"2025-07-18T16:52:31","slug":"a-caverna-encantada-norma-vai-a-festa-de-noivado-de-pilar-e-gabriel","status":"publish","type":"post","link":"https:\/\/www.tvnovelas.com.br\/tvnews\/a-caverna-encantada-norma-vai-a-festa-de-noivado-de-pilar-e-gabriel\/","title":{"rendered":"A Caverna Encantada: Norma vai \u00e0 festa de noivado de Pilar e Gabriel"},"content":{"rendered":"<figure id=\"attachment_79119\" aria-describedby=\"caption-attachment-79119\" style=\"width: 728px\" class=\"wp-caption alignnone\"><img data-recalc-dims=\"1\" decoding=\"async\" class=\"wp-image-79119 size-full\" title=\"(Foto: SBT\/A Caverna Encantada)\" src=\"https:\/\/i0.wp.com\/www.tvnovelas.com.br\/tvnews\/wp-content\/uploads\/2025\/07\/11555.jpg?resize=728%2C411&#038;ssl=1\" alt=\"Foto em A Caverna Encantada: Norma vai \u00e0 festa de noivado de Pilar e Gabriel\" width=\"728\" height=\"411\" srcset=\"https:\/\/i0.wp.com\/www.tvnovelas.com.br\/tvnews\/wp-content\/uploads\/2025\/07\/11555.jpg?w=728&amp;ssl=1 728w, https:\/\/i0.wp.com\/www.tvnovelas.com.br\/tvnews\/wp-content\/uploads\/2025\/07\/11555.jpg?resize=250%2C141&amp;ssl=1 250w\" sizes=\"(max-width: 728px) 100vw, 728px\" \/><figcaption id=\"caption-attachment-79119\" class=\"wp-caption-text\">A Caverna Encantada: Norma vai \u00e0 festa de noivado de Pilar e Gabriel<\/figcaption><\/figure>\n<p>No cap\u00edtulo de A Caverna Encantada desta sexta, dia 18, Norma decide causar e aparece de surpresa na festa de noivado de Gabriel e Pilar, mesmo sem ter sido convidada. Durante a comemora\u00e7\u00e3o, ela se aproxima de Elisa e, com tom provocativo, comenta que C\u00e9sar combina muito mais com ela, o que mexe com os sentimentos de Elisa e desperta seu ci\u00fame.<\/p>\n<p>Confira o resumo do cap\u00edtulo de hoje:<\/p>\n<h2 style=\"color: #9929ea;\">Resumo de sexta, 18 de julho<\/h2>\n<p>Mesmo sem ter sido convidada, Norma aparece na festa de noivado de Gabriel e Pilar. Flora flagra Lav\u00ednia, Anna, Isadora e Manu fingindo ser Poliana e descobre toda a farsa. Thomas avisa Mois\u00e9s que vai se mudar e o convida para ir junto, deixando o irm\u00e3o dividido entre acompanh\u00e1-lo ou ficar com a m\u00e3e, Dalete. Na festa, Norma provoca Elisa ao dizer que C\u00e9sar combina com ela, o que desperta o ci\u00fame de Elisa. Sentindo-se enganada, Flora arma uma vingan\u00e7a contra Lav\u00ednia, Anna, Isadora e Manu.<\/p>\n<p><!--FIM--><\/p>\n<div style=\"font-size: 120%;\"><h3>Confira tamb\u00e9m<\/h3>\r\n<a href=\"https:\/\/tvnovelas.com.br\/novelas\/\" rel=\"noopener\" target=\"_blank\"><strong>Todos os resumos de novelas<\/strong><\/a><\/br>\r\n<a href=\"https:\/\/www.tvnovelas.com.br\/tvnews\/\" rel=\"noopener\" target=\"_blank\"><strong>\u00daltimas not\u00edcias das novelas<\/strong><\/a><\/br>\r\n<a href=\"https:\/\/www.tvnovelas.com.br\/filmes\/\" target=\"_blank\" rel=\"noopener noreferrer\"><strong>Programa\u00e7\u00e3o de filmes na TV aberta<\/strong><\/a><\/br>\r\n<a href=\"https:\/\/caetenews.com.br\/semana\/filmes-da-globo-na-sessao-da-tarde-desta-semana\/\" target=\"_blank\" rel=\"noopener\"><strong>Confira os filmes da semana na Sess\u00e3o da Tarde<\/strong><\/a><\/br>\r\n<a href=\"https:\/\/classindportal.mj.gov.br\/consulta-filmes\" target=\"_blank\" rel=\"noopener\"><strong>Consulte a classifica\u00e7\u00e3o indicativa dos filmes e novelas<\/strong><\/a><\/br><\/div>\n","protected":false},"excerpt":{"rendered":"<p>A Caverna Encantada: Norma vai \u00e0 festa de noivado de Pilar e Gabriel&#8230;  No cap\u00edtulo de A Caverna Encantada desta sexta, dia 18, Norma decide causar e aparece&#8230;<\/p>\n","protected":false},"author":1,"featured_media":79119,"comment_status":"closed","ping_status":"closed","sticky":false,"template":"","format":"standard","meta":{"_uf_show_specific_survey":0,"_uf_disable_surveys":false,"_jetpack_memberships_contains_paid_content":false,"footnotes":"","_wp_rev_ctl_limit":""},"categories":[766],"tags":[767,64,13],"class_list":["post-79117","post","type-post","status-publish","format-standard","has-post-thumbnail","hentry","category-a-caverna-encantada","tag-a-caverna-encantada","tag-novelas","tag-sbt","wpcat-766-id"],"aioseo_notices":[],"jetpack_featured_media_url":"https:\/\/i0.wp.com\/www.tvnovelas.com.br\/tvnews\/wp-content\/uploads\/2025\/07\/11555.jpg?fit=728%2C411&ssl=1","jetpack_shortlink":"https:\/\/wp.me\/pdP2BO-kA5","jetpack_sharing_enabled":true,"_links":{"self":[{"href":"https:\/\/www.tvnovelas.com.br\/tvnews\/wp-json\/wp\/v2\/posts\/79117","targetHints":{"allow":["GET"]}}],"collection":[{"href":"https:\/\/www.tvnovelas.com.br\/tvnews\/wp-json\/wp\/v2\/posts"}],"about":[{"href":"https:\/\/www.tvnovelas.com.br\/tvnews\/wp-json\/wp\/v2\/types\/post"}],"author":[{"embeddable":true,"href":"https:\/\/www.tvnovelas.com.br\/tvnews\/wp-json\/wp\/v2\/users\/1"}],"replies":[{"embeddable":true,"href":"https:\/\/www.tvnovelas.com.br\/tvnews\/wp-json\/wp\/v2\/comments?post=79117"}],"version-history":[{"count":2,"href":"https:\/\/www.tvnovelas.com.br\/tvnews\/wp-json\/wp\/v2\/posts\/79117\/revisions"}],"predecessor-version":[{"id":79121,"href":"https:\/\/www.tvnovelas.com.br\/tvnews\/wp-json\/wp\/v2\/posts\/79117\/revisions\/79121"}],"wp:featuredmedia":[{"embeddable":true,"href":"https:\/\/www.tvnovelas.com.br\/tvnews\/wp-json\/wp\/v2\/media\/79119"}],"wp:attachment":[{"href":"https:\/\/www.tvnovelas.com.br\/tvnews\/wp-json\/wp\/v2\/media?parent=79117"}],"wp:term":[{"taxonomy":"category","embeddable":true,"href":"https:\/\/www.tvnovelas.com.br\/tvnews\/wp-json\/wp\/v2\/categories?post=79117"},{"taxonomy":"post_tag","embeddable":true,"href":"https:\/\/www.tvnovelas.com.br\/tvnews\/wp-json\/wp\/v2\/tags?post=79117"}],"curies":[{"name":"wp","href":"https:\/\/api.w.org\/{rel}","templated":true}]}}