{"id":79123,"date":"2025-07-18T14:26:49","date_gmt":"2025-07-18T17:26:49","guid":{"rendered":"https:\/\/www.tvnovelas.com.br\/tvnews\/?p=79123"},"modified":"2025-07-18T14:26:49","modified_gmt":"2025-07-18T17:26:49","slug":"eta-mundo-melhor-ze-dos-porcos-revela-ter-bau-de-tesouro","status":"publish","type":"post","link":"https:\/\/www.tvnovelas.com.br\/tvnews\/eta-mundo-melhor-ze-dos-porcos-revela-ter-bau-de-tesouro\/","title":{"rendered":"\u00cata Mundo Melhor!: Z\u00e9 dos Porcos revela ter ba\u00fa de tesouro"},"content":{"rendered":"<figure id=\"attachment_79124\" aria-describedby=\"caption-attachment-79124\" style=\"width: 728px\" class=\"wp-caption alignnone\"><img data-recalc-dims=\"1\" decoding=\"async\" class=\"wp-image-79124 size-full\" title=\"(Foto: TV Globo\/\u00cata Mundo Melhor!)\" src=\"https:\/\/i0.wp.com\/www.tvnovelas.com.br\/tvnews\/wp-content\/uploads\/2025\/07\/11556.jpg?resize=728%2C409&#038;ssl=1\" alt=\"Foto em \u00cata Mundo Melhor!: Z\u00e9 dos Porcos revela ter ba\u00fa de tesouro\" width=\"728\" height=\"409\" srcset=\"https:\/\/i0.wp.com\/www.tvnovelas.com.br\/tvnews\/wp-content\/uploads\/2025\/07\/11556.jpg?w=728&amp;ssl=1 728w, https:\/\/i0.wp.com\/www.tvnovelas.com.br\/tvnews\/wp-content\/uploads\/2025\/07\/11556.jpg?resize=250%2C140&amp;ssl=1 250w\" sizes=\"(max-width: 728px) 100vw, 728px\" \/><figcaption id=\"caption-attachment-79124\" class=\"wp-caption-text\">\u00cata Mundo Melhor!: Z\u00e9 dos Porcos revela ter ba\u00fa de tesouro<\/figcaption><\/figure>\n<p>Em \u00cata Mundo Melhor!, Por essa, ningu\u00e9m esperava! Z\u00e9 dos Porcos (Anderson Di Rizzi) vai deixar todos em choque ao revelar que guarda um ba\u00fa de tesouros.<\/p>\n<p>Tudo come\u00e7a quando Cunegundes (Elizabeth Savala) descobre que suas terras resguardam esmeraldas. Para procurar as pedras preciosas, ela tenta enganar Z\u00e9 dos Porcos, pedindo que ele procure pequenos peda\u00e7os de &#8220;vidros verdes&#8221;, como se n\u00e3o tivesse valor algum.<\/p>\n<p>Ela mostra um exemplar a Z\u00e9, que se surpreende:<\/p>\n<p>&#8220;Ah, mas esse vrido aqui j\u00e1 achei foi muito no s\u00edtio! J\u00e1 peguei dimais. As pedrinha s\u00e3o bunitinha pur dimais&#8230;&#8221;.<\/p>\n<p>Cunegundes quase tem uma s\u00edncope com a revela\u00e7\u00e3o de Z\u00e9 dos Porcos, que diz ter enchido um ba\u00fa com as pedras. Todos v\u00e3o at\u00e9 o barraco de Z\u00e9 dos Porcos, que se desfaz das pedrinhas que ele guardava para Mafalda (Camila Queiroz, em \u00cata Mundo Bom!):<\/p>\n<p>&#8220;Pur mim, oc\u00eas podem fic\u00e1 com tudo. Tava guardando pra Mafarda, mas ela larg\u00f4 deu.&#8221;<\/p>\n<p>Depois de encontrar a chave do ba\u00fa, Z\u00e9 abre o compartimento e todos ficam em choque:<\/p>\n<p>&#8220;Arre qui num tem nada aqui! T\u00e1 vazio!&#8221;<\/p>\n<p>Cunegundes desmaia com a revela\u00e7\u00e3o.<br \/>\n<!--FIM--><\/p>\n<h2>Sobre a novela:<\/h2>\n<p><a href=\"https:\/\/tvnovelas.com.br\/page2\/arquivo\/eta-mundo-melhor-a-volta-de-candinho-e-policarpo\/&quot;\" target=\"_blank\" rel=\"noopener\">\u00cata Mundo Melhor!: A volta de Candinho e Policarpo<\/a> (Sinopse)<br \/>\n<a href=\"https:\/\/pt.wikipedia.org\/wiki\/%C3%8Ata_Mundo_Melhor!\" target=\"_blank\" rel=\"noopener\">Sobre \u00cata Mundo Melhor!, na Wikipedia<\/a><\/p>\n<div style=\"font-size: 120%;\"><h3>Confira tamb\u00e9m<\/h3>\r\n<a href=\"https:\/\/tvnovelas.com.br\/novelas\/\" rel=\"noopener\" target=\"_blank\"><strong>Todos os resumos de novelas<\/strong><\/a><\/br>\r\n<a href=\"https:\/\/www.tvnovelas.com.br\/tvnews\/\" rel=\"noopener\" target=\"_blank\"><strong>\u00daltimas not\u00edcias das novelas<\/strong><\/a><\/br>\r\n<a href=\"https:\/\/www.tvnovelas.com.br\/filmes\/\" target=\"_blank\" rel=\"noopener noreferrer\"><strong>Programa\u00e7\u00e3o de filmes na TV aberta<\/strong><\/a><\/br>\r\n<a href=\"https:\/\/caetenews.com.br\/semana\/filmes-da-globo-na-sessao-da-tarde-desta-semana\/\" target=\"_blank\" rel=\"noopener\"><strong>Confira os filmes da semana na Sess\u00e3o da Tarde<\/strong><\/a><\/br>\r\n<a href=\"https:\/\/classindportal.mj.gov.br\/consulta-filmes\" target=\"_blank\" rel=\"noopener\"><strong>Consulte a classifica\u00e7\u00e3o indicativa dos filmes e novelas<\/strong><\/a><\/br><\/div>\n","protected":false},"excerpt":{"rendered":"<p>\u00cata Mundo Melhor!: Z\u00e9 dos Porcos revela ter ba\u00fa de tesouro&#8230; Em \u00cata Mundo Melhor!, Por essa, ningu\u00e9m esperava! Z\u00e9 dos Porcos (Anderson Di Rizzi) vai&#8230;<\/p>\n","protected":false},"author":1,"featured_media":79124,"comment_status":"closed","ping_status":"closed","sticky":false,"template":"","format":"standard","meta":{"_uf_show_specific_survey":0,"_uf_disable_surveys":false,"_jetpack_memberships_contains_paid_content":false,"footnotes":"","_wp_rev_ctl_limit":""},"categories":[920],"tags":[921,5,64],"class_list":["post-79123","post","type-post","status-publish","format-standard","has-post-thumbnail","hentry","category-eta-mundo-melhor","tag-eta-mundo-melhor","tag-globo","tag-novelas","wpcat-920-id"],"aioseo_notices":[],"jetpack_featured_media_url":"https:\/\/i0.wp.com\/www.tvnovelas.com.br\/tvnews\/wp-content\/uploads\/2025\/07\/11556.jpg?fit=728%2C409&ssl=1","jetpack_shortlink":"https:\/\/wp.me\/pdP2BO-kAb","jetpack_sharing_enabled":true,"_links":{"self":[{"href":"https:\/\/www.tvnovelas.com.br\/tvnews\/wp-json\/wp\/v2\/posts\/79123","targetHints":{"allow":["GET"]}}],"collection":[{"href":"https:\/\/www.tvnovelas.com.br\/tvnews\/wp-json\/wp\/v2\/posts"}],"about":[{"href":"https:\/\/www.tvnovelas.com.br\/tvnews\/wp-json\/wp\/v2\/types\/post"}],"author":[{"embeddable":true,"href":"https:\/\/www.tvnovelas.com.br\/tvnews\/wp-json\/wp\/v2\/users\/1"}],"replies":[{"embeddable":true,"href":"https:\/\/www.tvnovelas.com.br\/tvnews\/wp-json\/wp\/v2\/comments?post=79123"}],"version-history":[{"count":2,"href":"https:\/\/www.tvnovelas.com.br\/tvnews\/wp-json\/wp\/v2\/posts\/79123\/revisions"}],"predecessor-version":[{"id":79126,"href":"https:\/\/www.tvnovelas.com.br\/tvnews\/wp-json\/wp\/v2\/posts\/79123\/revisions\/79126"}],"wp:featuredmedia":[{"embeddable":true,"href":"https:\/\/www.tvnovelas.com.br\/tvnews\/wp-json\/wp\/v2\/media\/79124"}],"wp:attachment":[{"href":"https:\/\/www.tvnovelas.com.br\/tvnews\/wp-json\/wp\/v2\/media?parent=79123"}],"wp:term":[{"taxonomy":"category","embeddable":true,"href":"https:\/\/www.tvnovelas.com.br\/tvnews\/wp-json\/wp\/v2\/categories?post=79123"},{"taxonomy":"post_tag","embeddable":true,"href":"https:\/\/www.tvnovelas.com.br\/tvnews\/wp-json\/wp\/v2\/tags?post=79123"}],"curies":[{"name":"wp","href":"https:\/\/api.w.org\/{rel}","templated":true}]}}