{"id":79129,"date":"2025-07-18T15:10:52","date_gmt":"2025-07-18T18:10:52","guid":{"rendered":"https:\/\/www.tvnovelas.com.br\/tvnews\/?p=79129"},"modified":"2025-07-18T15:10:52","modified_gmt":"2025-07-18T18:10:52","slug":"dona-de-mim-dona-de-mim-nina-se-junta-a-jaques-e-danilo","status":"publish","type":"post","link":"https:\/\/www.tvnovelas.com.br\/tvnews\/dona-de-mim-dona-de-mim-nina-se-junta-a-jaques-e-danilo\/","title":{"rendered":"Dona de Mim: Dona de Mim: Nina se junta a Jaques e Danilo"},"content":{"rendered":"<figure id=\"attachment_79130\" aria-describedby=\"caption-attachment-79130\" style=\"width: 728px\" class=\"wp-caption alignnone\"><img data-recalc-dims=\"1\" decoding=\"async\" class=\"wp-image-79130 size-full\" title=\"(Foto: TV Globo\/Dona de Mim)\" src=\"https:\/\/i0.wp.com\/www.tvnovelas.com.br\/tvnews\/wp-content\/uploads\/2025\/07\/11557.jpg?resize=728%2C409&#038;ssl=1\" alt=\"Foto em Dona de Mim: Dona de Mim: Nina se junta a Jaques e Danilo\" width=\"728\" height=\"409\" srcset=\"https:\/\/i0.wp.com\/www.tvnovelas.com.br\/tvnews\/wp-content\/uploads\/2025\/07\/11557.jpg?w=728&amp;ssl=1 728w, https:\/\/i0.wp.com\/www.tvnovelas.com.br\/tvnews\/wp-content\/uploads\/2025\/07\/11557.jpg?resize=250%2C140&amp;ssl=1 250w\" sizes=\"(max-width: 728px) 100vw, 728px\" \/><figcaption id=\"caption-attachment-79130\" class=\"wp-caption-text\">Dona de Mim: Dona de Mim: Nina se junta a Jaques e Danilo<\/figcaption><\/figure>\n<p>No cap\u00edtulo de Dona de Mim desta sexta, dia 18, come\u00e7a a nascer uma alian\u00e7a perigosa entre Nina (Flora Camolese) e Danilo (Felipe Simas). O motorista, que se juntou a Jaques (Marcello Novaes) em seu plano ambicioso de tomar a f\u00e1brica Boaz do irm\u00e3o, ir\u00e1 propor um acordo para a filha de Filipa (Cl\u00e1udia Abreu) para atacar os moradores da mans\u00e3o Boaz.<\/p>\n<p>Nina come\u00e7a a manipular Kaiky. O objetivo \u00e9 usar o garoto a favor desse plano, minando a defesa da fam\u00edlia para favorecer o golpe.<\/p>\n<p>Confira o resumo do cap\u00edtulo do dia:Resumo de sexta-feira, 18 de julho<\/p>\n<p>Abel agradece a contribui\u00e7\u00e3o de Leo, mas rejeita sua ideia para a Boaz. Samuel tenta apoiar Leo, e Davi se irrita. Kami conta a Marlon que viu a mercadoria de Vespa no sal\u00e3o, escondida por Ryan. Marlon confronta Ryan. Gisele desconfia da aus\u00eancia do ciclo de Ayla. Leo decide voltar para a faculdade de Marketing. Leo e Sofia fazem as pazes. Jaques pede que Danilo arme contra Rosa. Danilo prop\u00f5e alian\u00e7a a Nina. Gisele encontra um presente de Davi, e fica desconfiada. Com a ajuda de Danilo, Nina manipula Kaiky.<br \/>\n<!--FIM--><br \/>\n<strong>Sobre a novela<\/strong><br \/>\n<a href=\"https:\/\/wp.me\/pfspD2-UO\" target=\"_blank\" rel=\"noopener\">Dona de Mim: A trama da novela<\/a><br \/>\n<a href=\"https:\/\/wp.me\/pfspD2-UG\" target=\"_blank\" rel=\"noopener\">Dona de Mim: A fam\u00edlia Boaz e seu imp\u00e9rio de lingerie<\/a><\/p>\n<div style=\"font-size: 120%;\"><h3>Confira tamb\u00e9m<\/h3>\r\n<a href=\"https:\/\/tvnovelas.com.br\/novelas\/\" rel=\"noopener\" target=\"_blank\"><strong>Todos os resumos de novelas<\/strong><\/a><\/br>\r\n<a href=\"https:\/\/www.tvnovelas.com.br\/tvnews\/\" rel=\"noopener\" target=\"_blank\"><strong>\u00daltimas not\u00edcias das novelas<\/strong><\/a><\/br>\r\n<a href=\"https:\/\/www.tvnovelas.com.br\/filmes\/\" target=\"_blank\" rel=\"noopener noreferrer\"><strong>Programa\u00e7\u00e3o de filmes na TV aberta<\/strong><\/a><\/br>\r\n<a href=\"https:\/\/caetenews.com.br\/semana\/filmes-da-globo-na-sessao-da-tarde-desta-semana\/\" target=\"_blank\" rel=\"noopener\"><strong>Confira os filmes da semana na Sess\u00e3o da Tarde<\/strong><\/a><\/br>\r\n<a href=\"https:\/\/classindportal.mj.gov.br\/consulta-filmes\" target=\"_blank\" rel=\"noopener\"><strong>Consulte a classifica\u00e7\u00e3o indicativa dos filmes e novelas<\/strong><\/a><\/br><\/div>\n","protected":false},"excerpt":{"rendered":"<p>Dona de Mim: Dona de Mim: Nina se junta a Jaques e Danilo&#8230; No cap\u00edtulo de Dona de Mim desta sexta, dia 18, come\u00e7a a nascer uma alian\u00e7a perigosa&#8230;<\/p>\n","protected":false},"author":1,"featured_media":79130,"comment_status":"closed","ping_status":"closed","sticky":false,"template":"","format":"standard","meta":{"_uf_show_specific_survey":0,"_uf_disable_surveys":false,"_jetpack_memberships_contains_paid_content":false,"footnotes":"","_wp_rev_ctl_limit":""},"categories":[884],"tags":[883,5,64],"class_list":["post-79129","post","type-post","status-publish","format-standard","has-post-thumbnail","hentry","category-dona-de-mim","tag-dona-de-mim","tag-globo","tag-novelas","wpcat-884-id"],"aioseo_notices":[],"jetpack_featured_media_url":"https:\/\/i0.wp.com\/www.tvnovelas.com.br\/tvnews\/wp-content\/uploads\/2025\/07\/11557.jpg?fit=728%2C409&ssl=1","jetpack_shortlink":"https:\/\/wp.me\/pdP2BO-kAh","jetpack_sharing_enabled":true,"_links":{"self":[{"href":"https:\/\/www.tvnovelas.com.br\/tvnews\/wp-json\/wp\/v2\/posts\/79129","targetHints":{"allow":["GET"]}}],"collection":[{"href":"https:\/\/www.tvnovelas.com.br\/tvnews\/wp-json\/wp\/v2\/posts"}],"about":[{"href":"https:\/\/www.tvnovelas.com.br\/tvnews\/wp-json\/wp\/v2\/types\/post"}],"author":[{"embeddable":true,"href":"https:\/\/www.tvnovelas.com.br\/tvnews\/wp-json\/wp\/v2\/users\/1"}],"replies":[{"embeddable":true,"href":"https:\/\/www.tvnovelas.com.br\/tvnews\/wp-json\/wp\/v2\/comments?post=79129"}],"version-history":[{"count":1,"href":"https:\/\/www.tvnovelas.com.br\/tvnews\/wp-json\/wp\/v2\/posts\/79129\/revisions"}],"predecessor-version":[{"id":79131,"href":"https:\/\/www.tvnovelas.com.br\/tvnews\/wp-json\/wp\/v2\/posts\/79129\/revisions\/79131"}],"wp:featuredmedia":[{"embeddable":true,"href":"https:\/\/www.tvnovelas.com.br\/tvnews\/wp-json\/wp\/v2\/media\/79130"}],"wp:attachment":[{"href":"https:\/\/www.tvnovelas.com.br\/tvnews\/wp-json\/wp\/v2\/media?parent=79129"}],"wp:term":[{"taxonomy":"category","embeddable":true,"href":"https:\/\/www.tvnovelas.com.br\/tvnews\/wp-json\/wp\/v2\/categories?post=79129"},{"taxonomy":"post_tag","embeddable":true,"href":"https:\/\/www.tvnovelas.com.br\/tvnews\/wp-json\/wp\/v2\/tags?post=79129"}],"curies":[{"name":"wp","href":"https:\/\/api.w.org\/{rel}","templated":true}]}}