{"id":79155,"date":"2025-07-19T08:43:04","date_gmt":"2025-07-19T11:43:04","guid":{"rendered":"https:\/\/www.tvnovelas.com.br\/tvnews\/?p=79155"},"modified":"2025-07-19T08:43:04","modified_gmt":"2025-07-19T11:43:04","slug":"dona-de-mim-danilo-arma-com-nina-a-mando-de-jaques","status":"publish","type":"post","link":"https:\/\/www.tvnovelas.com.br\/tvnews\/dona-de-mim-danilo-arma-com-nina-a-mando-de-jaques\/","title":{"rendered":"Dona de Mim: Danilo arma com Nina a mando de Jaques"},"content":{"rendered":"<figure id=\"attachment_79156\" aria-describedby=\"caption-attachment-79156\" style=\"width: 728px\" class=\"wp-caption alignnone\"><img data-recalc-dims=\"1\" decoding=\"async\" class=\"wp-image-79156 size-full\" title=\"(Foto: TV Globo\/Dona de Mim)\" src=\"https:\/\/i0.wp.com\/www.tvnovelas.com.br\/tvnews\/wp-content\/uploads\/2025\/07\/11559.jpg?resize=728%2C410&#038;ssl=1\" alt=\"Foto em Dona de Mim: Danilo arma com Nina a mando de Jaques\" width=\"728\" height=\"410\" srcset=\"https:\/\/i0.wp.com\/www.tvnovelas.com.br\/tvnews\/wp-content\/uploads\/2025\/07\/11559.jpg?w=728&amp;ssl=1 728w, https:\/\/i0.wp.com\/www.tvnovelas.com.br\/tvnews\/wp-content\/uploads\/2025\/07\/11559.jpg?resize=250%2C141&amp;ssl=1 250w\" sizes=\"(max-width: 728px) 100vw, 728px\" \/><figcaption id=\"caption-attachment-79156\" class=\"wp-caption-text\">Dona de Mim: Danilo arma com Nina a mando de Jaques<\/figcaption><\/figure>\n<p>Em Dona de Mim, Danilo (Felipe Simas) virou espi\u00e3o de Jaques (Marcello Novaes) dentro da mans\u00e3o dos Boaz. E conseguir\u00e1 a ajuda de Nina (Flora Camolese) para uma arma\u00e7\u00e3o no dia da visita da assistente social a Sofia (Elis Cabral). A filha de Filipa (Cl\u00e1udia Abreu) levar\u00e1 um homem b\u00eabado para dentro de casa, e ele ser\u00e1 flagrado por todos no sof\u00e1 pela manh\u00e3.<\/p>\n<p>Danilo se aproveitar\u00e1 do ci\u00fame que Nina sente do carinho que Sofia recebe de todos em casa para fazer com que ela colabore com as arma\u00e7\u00f5es de Jaques.<\/p>\n<p>\u201cVoc\u00ea sabe que est\u00e1 rolando essa hist\u00f3ria do pai biol\u00f3gico da Sofia querer a guarda dela..\u201d, diz Danilo.<\/p>\n<p>\u201cPor mim ela pode ir morar com ele. Por qu\u00ea?\u201d, reage Nina.<\/p>\n<p>\u201cEnt\u00e3o acho que podemos fazer um trato\u201d, afirma Danilo.<\/p>\n<p>Nina estar\u00e1 tatuando em S\u00e3o Crist\u00f3v\u00e3o e se aproveitar\u00e1 de um rapaz b\u00eabado que chegar para falar com ela. Ela o colocar\u00e1 em um carro de aplicativo e seguir\u00e1 com ele para a mans\u00e3o, onde o deixar\u00e1 dormindo no sof\u00e1.<\/p>\n<p>No outro dia, Filipa acordar\u00e1 gritando.<\/p>\n<p>\u201cNinaaaaaaa!!!!!! Nina! Tem um cara estranho dormindo no sof\u00e1. Ele disse que a \u00faltima coisa que lembra \u00e9 de uma tatuadora. \u00c9 voc\u00ea, n\u00e9? Levanta! Logo hoje, Nina? A assistente social est\u00e1 a\u00ed!\u201d<\/p>\n<p>Nina se far\u00e1 de desentendida, enquanto todos na casa tentam entender quem \u00e9 o homem que dormiu no meio da sala. Entre eles, a assistente social do caso envolvendo a paternidade de Sofia&#8230;<\/p>\n<p>\u201cIsso \u00e9 comum?\u201d, pergunta a mo\u00e7a.<\/p>\n<p>\u201cPe\u00e7o mil desculpas. Isso realmente n\u00e3o costuma acontecer na minha casa\u201d, defende-se Abel.<br \/>\n<!--FIM--><br \/>\n<strong>Sobre a novela<\/strong><br \/>\n<a href=\"https:\/\/wp.me\/pfspD2-UO\" target=\"_blank\" rel=\"noopener\">Dona de Mim: A trama da novela<\/a><br \/>\n<a href=\"https:\/\/wp.me\/pfspD2-UG\" target=\"_blank\" rel=\"noopener\">Dona de Mim: A fam\u00edlia Boaz e seu imp\u00e9rio de lingerie<\/a><\/p>\n<div style=\"font-size: 120%;\"><h3>Confira tamb\u00e9m<\/h3>\r\n<a href=\"https:\/\/tvnovelas.com.br\/novelas\/\" rel=\"noopener\" target=\"_blank\"><strong>Todos os resumos de novelas<\/strong><\/a><\/br>\r\n<a href=\"https:\/\/www.tvnovelas.com.br\/tvnews\/\" rel=\"noopener\" target=\"_blank\"><strong>\u00daltimas not\u00edcias das novelas<\/strong><\/a><\/br>\r\n<a href=\"https:\/\/www.tvnovelas.com.br\/filmes\/\" target=\"_blank\" rel=\"noopener noreferrer\"><strong>Programa\u00e7\u00e3o de filmes na TV aberta<\/strong><\/a><\/br>\r\n<a href=\"https:\/\/caetenews.com.br\/semana\/filmes-da-globo-na-sessao-da-tarde-desta-semana\/\" target=\"_blank\" rel=\"noopener\"><strong>Confira os filmes da semana na Sess\u00e3o da Tarde<\/strong><\/a><\/br>\r\n<a href=\"https:\/\/classindportal.mj.gov.br\/consulta-filmes\" target=\"_blank\" rel=\"noopener\"><strong>Consulte a classifica\u00e7\u00e3o indicativa dos filmes e novelas<\/strong><\/a><\/br><\/div>\n","protected":false},"excerpt":{"rendered":"<p>Dona de Mim: Danilo arma com Nina a mando de Jaques&#8230; Em Dona de Mim, Danilo (Felipe Simas) virou espi\u00e3o de Jaques (Marcello Novaes) dentro da mans\u00e3o&#8230;<\/p>\n","protected":false},"author":1,"featured_media":79156,"comment_status":"closed","ping_status":"closed","sticky":false,"template":"","format":"standard","meta":{"_uf_show_specific_survey":0,"_uf_disable_surveys":false,"_jetpack_memberships_contains_paid_content":false,"footnotes":"","_wp_rev_ctl_limit":""},"categories":[884],"tags":[883,5,64],"class_list":["post-79155","post","type-post","status-publish","format-standard","has-post-thumbnail","hentry","category-dona-de-mim","tag-dona-de-mim","tag-globo","tag-novelas","wpcat-884-id"],"aioseo_notices":[],"jetpack_featured_media_url":"https:\/\/i0.wp.com\/www.tvnovelas.com.br\/tvnews\/wp-content\/uploads\/2025\/07\/11559.jpg?fit=728%2C410&ssl=1","jetpack_shortlink":"https:\/\/wp.me\/pdP2BO-kAH","jetpack_sharing_enabled":true,"_links":{"self":[{"href":"https:\/\/www.tvnovelas.com.br\/tvnews\/wp-json\/wp\/v2\/posts\/79155","targetHints":{"allow":["GET"]}}],"collection":[{"href":"https:\/\/www.tvnovelas.com.br\/tvnews\/wp-json\/wp\/v2\/posts"}],"about":[{"href":"https:\/\/www.tvnovelas.com.br\/tvnews\/wp-json\/wp\/v2\/types\/post"}],"author":[{"embeddable":true,"href":"https:\/\/www.tvnovelas.com.br\/tvnews\/wp-json\/wp\/v2\/users\/1"}],"replies":[{"embeddable":true,"href":"https:\/\/www.tvnovelas.com.br\/tvnews\/wp-json\/wp\/v2\/comments?post=79155"}],"version-history":[{"count":1,"href":"https:\/\/www.tvnovelas.com.br\/tvnews\/wp-json\/wp\/v2\/posts\/79155\/revisions"}],"predecessor-version":[{"id":79157,"href":"https:\/\/www.tvnovelas.com.br\/tvnews\/wp-json\/wp\/v2\/posts\/79155\/revisions\/79157"}],"wp:featuredmedia":[{"embeddable":true,"href":"https:\/\/www.tvnovelas.com.br\/tvnews\/wp-json\/wp\/v2\/media\/79156"}],"wp:attachment":[{"href":"https:\/\/www.tvnovelas.com.br\/tvnews\/wp-json\/wp\/v2\/media?parent=79155"}],"wp:term":[{"taxonomy":"category","embeddable":true,"href":"https:\/\/www.tvnovelas.com.br\/tvnews\/wp-json\/wp\/v2\/categories?post=79155"},{"taxonomy":"post_tag","embeddable":true,"href":"https:\/\/www.tvnovelas.com.br\/tvnews\/wp-json\/wp\/v2\/tags?post=79155"}],"curies":[{"name":"wp","href":"https:\/\/api.w.org\/{rel}","templated":true}]}}