{"id":79160,"date":"2025-07-19T09:07:26","date_gmt":"2025-07-19T12:07:26","guid":{"rendered":"https:\/\/www.tvnovelas.com.br\/tvnews\/?p=79160"},"modified":"2025-07-19T09:07:26","modified_gmt":"2025-07-19T12:07:26","slug":"vale-tudo-leila-e-maria-de-fatima-ficam-amigas","status":"publish","type":"post","link":"https:\/\/www.tvnovelas.com.br\/tvnews\/vale-tudo-leila-e-maria-de-fatima-ficam-amigas\/","title":{"rendered":"Vale Tudo: Leila e Maria de F\u00e1tima ficam amigas"},"content":{"rendered":"<figure id=\"attachment_79161\" aria-describedby=\"caption-attachment-79161\" style=\"width: 728px\" class=\"wp-caption alignnone\"><img data-recalc-dims=\"1\" decoding=\"async\" class=\"wp-image-79161 size-full\" title=\"(Foto: TV Globo\/Vale Tudo)\" src=\"https:\/\/i0.wp.com\/www.tvnovelas.com.br\/tvnews\/wp-content\/uploads\/2025\/07\/11560.jpg?resize=728%2C410&#038;ssl=1\" alt=\"Foto em Vale Tudo: Leila e Maria de F\u00e1tima ficam amigas\" width=\"728\" height=\"410\" srcset=\"https:\/\/i0.wp.com\/www.tvnovelas.com.br\/tvnews\/wp-content\/uploads\/2025\/07\/11560.jpg?w=728&amp;ssl=1 728w, https:\/\/i0.wp.com\/www.tvnovelas.com.br\/tvnews\/wp-content\/uploads\/2025\/07\/11560.jpg?resize=250%2C141&amp;ssl=1 250w\" sizes=\"(max-width: 728px) 100vw, 728px\" \/><figcaption id=\"caption-attachment-79161\" class=\"wp-caption-text\">Vale Tudo: Leila e Maria de F\u00e1tima ficam amigas<\/figcaption><\/figure>\n<p>Em Vale Tudo, n\u00e3o \u00e9 que Maria de F\u00e1tima (Bella Campos) vai, finalmente, fazer uma amiga? At\u00e9 ent\u00e3o, a vil\u00e3 apenas fingiu ter amizades, mas, por um acaso, ela far\u00e1 uma aliada com os valores morais parecidos com os dela: Leila (Carolina Dieckmmann). A alpinista social chegar\u00e1 na cl\u00ednica para fazer unha e encontrar\u00e1 a esposa de Marco Aur\u00e9lio (Alexandre Nero) nervosa, ap\u00f3s uma liga\u00e7\u00e3o no celular.<\/p>\n<p>\u201cN\u00e3o \u00e9 um absurdo? A mulher combina comigo de fazer um evento l\u00e1 em casa, um neg\u00f3cio important\u00edssimo, jantar pra um sheik, enfim&#8230; E agora a mulher vai viajar. Simples assim\u201d, reclamar\u00e1 Leila.<\/p>\n<p>Ap\u00f3s passar o \u00faltimo ano em Paris e j\u00e1 vir recebendo li\u00e7\u00f5es de etiqueta de Odete Roitman (Debora Bloch) h\u00e1 um tempo, F\u00e1tima vai ver na oportunidade uma chance de colocar seus conhecimentos rec\u00e9m adquiridos em pr\u00e1tica.<\/p>\n<p>\u201cMinera\u00e7\u00e3o, \u00e9? Gosto. Vem c\u00e1, eu n\u00e3o sou nenhuma profissional, mas passei quase um ano agora fazendo v\u00e1rios cursos em Paris de receptivo, organiza\u00e7\u00e3o de evento, sociedade&#8230; Se voc\u00ea quiser, eu posso te ajudar com esse jantar pro Sheik\u201d, ir\u00e1 oferecer ela.<\/p>\n<p>Leila ir\u00e1 aceitar no ato e F\u00e1tima at\u00e9 deixar\u00e1 o hor\u00e1rio na manicure para tr\u00e1s \u2013 principalmente ap\u00f3s descobrir que estava falando com a dona da cl\u00ednica de est\u00e9tica. As duas ir\u00e3o para o apartamento, come\u00e7ar os trabalhos.<\/p>\n<p>Leila, que tinha ci\u00fames de F\u00e1tima com Marco Aur\u00e9lio por n\u00e3o saber a natureza da rela\u00e7\u00e3o dos dois, ficar\u00e1 t\u00e3o feliz com os preparativos, que encontrar\u00e1 na vil\u00e3 uma figura amiga.<\/p>\n<p>\u201cEu me senti meio desafiada pelo Marco Aur\u00e9lio, sabe? Quando ele disse que podia contratar outra pessoa\u201d, comentar\u00e1 ela.<\/p>\n<p>\u201cMas \u00e9 bom se sentir desafiada. Se n\u00e3o fosse por isso, voc\u00ea ia ter menos prazer quando der tudo certo e voc\u00ea entregar um evento-ostenta\u00e7\u00e3o na cara dele\u201d, responder\u00e1 a vil\u00e3.<\/p>\n<p>\u201cAi, F\u00e1tima, voc\u00ea \u00e9 demais\u201d, vai agradecer Leila t\u00e3o contente, que at\u00e9 vai pensar em uma publi da sua cl\u00ednica de est\u00e9tica protagonizada pela vil\u00e3.<br \/>\n<!--FIM--><br \/>\n<strong>Sobre a novela<\/strong><\/p>\n<p><a href=\"https:\/\/wp.me\/pfspD2-U7\" target=\"_blank\" rel=\"noopener\">Vale Tudo: Conflitos de princ\u00edpios e valores (Sinopse)<\/a><\/p>\n<p><a href=\"https:\/\/wp.me\/pfspD2-oI\" target=\"_blank\" rel=\"noopener\">Vale Tudo: Invers\u00e3o de valores no final dos anos 1980<\/a> (Sinopse)<\/p>\n<div style=\"font-size: 120%;\"><h3>Confira tamb\u00e9m<\/h3>\r\n<a href=\"https:\/\/tvnovelas.com.br\/novelas\/\" rel=\"noopener\" target=\"_blank\"><strong>Todos os resumos de novelas<\/strong><\/a><\/br>\r\n<a href=\"https:\/\/www.tvnovelas.com.br\/tvnews\/\" rel=\"noopener\" target=\"_blank\"><strong>\u00daltimas not\u00edcias das novelas<\/strong><\/a><\/br>\r\n<a href=\"https:\/\/www.tvnovelas.com.br\/filmes\/\" target=\"_blank\" rel=\"noopener noreferrer\"><strong>Programa\u00e7\u00e3o de filmes na TV aberta<\/strong><\/a><\/br>\r\n<a href=\"https:\/\/caetenews.com.br\/semana\/filmes-da-globo-na-sessao-da-tarde-desta-semana\/\" target=\"_blank\" rel=\"noopener\"><strong>Confira os filmes da semana na Sess\u00e3o da Tarde<\/strong><\/a><\/br>\r\n<a href=\"https:\/\/classindportal.mj.gov.br\/consulta-filmes\" target=\"_blank\" rel=\"noopener\"><strong>Consulte a classifica\u00e7\u00e3o indicativa dos filmes e novelas<\/strong><\/a><\/br><br \/>\n&lt;\/div<\/div>\n","protected":false},"excerpt":{"rendered":"<p>Vale Tudo: Leila e Maria de F\u00e1tima ficam amigas&#8230; Em Vale Tudo, n\u00e3o \u00e9 que Maria de F\u00e1tima (Bella Campos) vai, finalmente, fazer uma amiga? At\u00e9 ent\u00e3o&#8230;<\/p>\n","protected":false},"author":1,"featured_media":79161,"comment_status":"closed","ping_status":"closed","sticky":false,"template":"","format":"standard","meta":{"_uf_show_specific_survey":0,"_uf_disable_surveys":false,"_jetpack_memberships_contains_paid_content":false,"footnotes":"","_wp_rev_ctl_limit":""},"categories":[871],"tags":[5,64,801],"class_list":["post-79160","post","type-post","status-publish","format-standard","has-post-thumbnail","hentry","category-vale-tudo","tag-globo","tag-novelas","tag-vale-tudo","wpcat-871-id"],"aioseo_notices":[],"jetpack_featured_media_url":"https:\/\/i0.wp.com\/www.tvnovelas.com.br\/tvnews\/wp-content\/uploads\/2025\/07\/11560.jpg?fit=728%2C410&ssl=1","jetpack_shortlink":"https:\/\/wp.me\/pdP2BO-kAM","jetpack_sharing_enabled":true,"_links":{"self":[{"href":"https:\/\/www.tvnovelas.com.br\/tvnews\/wp-json\/wp\/v2\/posts\/79160","targetHints":{"allow":["GET"]}}],"collection":[{"href":"https:\/\/www.tvnovelas.com.br\/tvnews\/wp-json\/wp\/v2\/posts"}],"about":[{"href":"https:\/\/www.tvnovelas.com.br\/tvnews\/wp-json\/wp\/v2\/types\/post"}],"author":[{"embeddable":true,"href":"https:\/\/www.tvnovelas.com.br\/tvnews\/wp-json\/wp\/v2\/users\/1"}],"replies":[{"embeddable":true,"href":"https:\/\/www.tvnovelas.com.br\/tvnews\/wp-json\/wp\/v2\/comments?post=79160"}],"version-history":[{"count":1,"href":"https:\/\/www.tvnovelas.com.br\/tvnews\/wp-json\/wp\/v2\/posts\/79160\/revisions"}],"predecessor-version":[{"id":79162,"href":"https:\/\/www.tvnovelas.com.br\/tvnews\/wp-json\/wp\/v2\/posts\/79160\/revisions\/79162"}],"wp:featuredmedia":[{"embeddable":true,"href":"https:\/\/www.tvnovelas.com.br\/tvnews\/wp-json\/wp\/v2\/media\/79161"}],"wp:attachment":[{"href":"https:\/\/www.tvnovelas.com.br\/tvnews\/wp-json\/wp\/v2\/media?parent=79160"}],"wp:term":[{"taxonomy":"category","embeddable":true,"href":"https:\/\/www.tvnovelas.com.br\/tvnews\/wp-json\/wp\/v2\/categories?post=79160"},{"taxonomy":"post_tag","embeddable":true,"href":"https:\/\/www.tvnovelas.com.br\/tvnews\/wp-json\/wp\/v2\/tags?post=79160"}],"curies":[{"name":"wp","href":"https:\/\/api.w.org\/{rel}","templated":true}]}}