{"id":79197,"date":"2025-07-20T09:03:50","date_gmt":"2025-07-20T12:03:50","guid":{"rendered":"https:\/\/www.tvnovelas.com.br\/tvnews\/?p=79197"},"modified":"2025-07-20T09:03:50","modified_gmt":"2025-07-20T12:03:50","slug":"vale-tudo-afonso-chega-perto-do-segredo-de-celina","status":"publish","type":"post","link":"https:\/\/www.tvnovelas.com.br\/tvnews\/vale-tudo-afonso-chega-perto-do-segredo-de-celina\/","title":{"rendered":"Vale Tudo: Afonso chega perto do segredo de Celina"},"content":{"rendered":"<figure id=\"attachment_79198\" aria-describedby=\"caption-attachment-79198\" style=\"width: 725px\" class=\"wp-caption alignnone\"><img data-recalc-dims=\"1\" decoding=\"async\" class=\"wp-image-79198 size-full\" title=\"(Foto: TV Globo\/Vale Tudo)\" src=\"https:\/\/i0.wp.com\/www.tvnovelas.com.br\/tvnews\/wp-content\/uploads\/2025\/07\/11563.jpg?resize=725%2C410&#038;ssl=1\" alt=\"Foto em Vale Tudo: Afonso chega perto do segredo de Celina\" width=\"725\" height=\"410\" srcset=\"https:\/\/i0.wp.com\/www.tvnovelas.com.br\/tvnews\/wp-content\/uploads\/2025\/07\/11563.jpg?w=725&amp;ssl=1 725w, https:\/\/i0.wp.com\/www.tvnovelas.com.br\/tvnews\/wp-content\/uploads\/2025\/07\/11563.jpg?resize=250%2C141&amp;ssl=1 250w\" sizes=\"(max-width: 725px) 100vw, 725px\" \/><figcaption id=\"caption-attachment-79198\" class=\"wp-caption-text\">Vale Tudo: Afonso chega perto do segredo de Celina<\/figcaption><\/figure>\n<p>Em Vale Tudo, Pela primeira vez na vida, Celina (Malu Galli) est\u00e1 fazendo um bom investimento com o que restou da sua fortuna, que antes era bem mais vasta. A madame se tornou s\u00f3cia capitalista da Paladar, empresa de buffet de Raquel (Ta\u00eds Araujo), mas sob uma condi\u00e7\u00e3o colocada at\u00e9 em contrato: ningu\u00e9m pode saber que a irm\u00e3 de Odete Roitman (Debora Bloch) \u00e9 a mecenas da empreitada. Mas o segredo periga ser exposto.<\/p>\n<p>Celina ir\u00e1 \u00e0 sede do empreendimento se inteirar dos neg\u00f3cios e, quando estiver em um papo com Raquel na sala da empres\u00e1ria, ambas ser\u00e3o surpreendidas com uma not\u00edcia que Gilda (Let\u00edcia Vieira) ir\u00e1 trazer.<\/p>\n<p>\u201cD\u00e1 licen\u00e7a, Raquel? O Afonso est\u00e1 aqui pra falar com voc\u00ea\u201d, avisar\u00e1 a assistente.<\/p>\n<p>\u201cAfonso marido da Maria de F\u00e1tima?\u201d, questionar\u00e1 Raquel.<\/p>\n<p>Quando Gilda confirmar que, de fato, \u00e9 Afonso Roitman, Celina ir\u00e1 gelar, com medo de ter sua sociedade na empresa revelada.<\/p>\n<p>\u201cO que o meu sobrinho est\u00e1 fazendo aqui?\u201d, vai perguntar a madame, j\u00e1 desesperada. \u201cEle n\u00e3o pode me ver aqui de jeito nenhum, Raquel! Como \u00e9 que eu saio daqui sem ele me ver?\u201d<\/p>\n<p>Poliana (Matheus Nachtergaele) tranquilizar\u00e1 Celina que ficar\u00e1 na sala de Raquel, enquanto a empres\u00e1ria vai conferir que assunto o genro tem para falar com ela.<\/p>\n<p>Acontece que a visita de Afonso ser\u00e1 para um t\u00f3pico que a empres\u00e1ria riscou de sua vida sob muito custo: a filha, Maria de F\u00e1tima (Bella Campos). Sem saber nem parte dos crimes da esposa, o bilion\u00e1rio tentar\u00e1 convencer a empres\u00e1ria a se reaproximar da herdeira, mas Raquel logo descartar\u00e1 a possibilidade.<\/p>\n<p>\u201cA Maria de F\u00e1tima mente, Afonso. E ela mente muito bem, sabe por qu\u00ea? Porque ela n\u00e3o sente culpa de nada. Voc\u00ea n\u00e3o sabe o quanto j\u00e1 me doeu pra reconhecer isso, mas \u00e9 a verdade\u201d, dir\u00e1 ela.<br \/>\n<!--FIM--><br \/>\n<strong>Sobre a novela<\/strong><\/p>\n<p><a href=\"https:\/\/wp.me\/pfspD2-U7\" target=\"_blank\" rel=\"noopener\">Vale Tudo: Conflitos de princ\u00edpios e valores (Sinopse)<\/a><\/p>\n<p><a href=\"https:\/\/wp.me\/pfspD2-oI\" target=\"_blank\" rel=\"noopener\">Vale Tudo: Invers\u00e3o de valores no final dos anos 1980<\/a> (Sinopse)<\/p>\n<div style=\"font-size: 120%;\"><h3>Confira tamb\u00e9m<\/h3>\r\n<a href=\"https:\/\/tvnovelas.com.br\/novelas\/\" rel=\"noopener\" target=\"_blank\"><strong>Todos os resumos de novelas<\/strong><\/a><\/br>\r\n<a href=\"https:\/\/www.tvnovelas.com.br\/tvnews\/\" rel=\"noopener\" target=\"_blank\"><strong>\u00daltimas not\u00edcias das novelas<\/strong><\/a><\/br>\r\n<a href=\"https:\/\/www.tvnovelas.com.br\/filmes\/\" target=\"_blank\" rel=\"noopener noreferrer\"><strong>Programa\u00e7\u00e3o de filmes na TV aberta<\/strong><\/a><\/br>\r\n<a href=\"https:\/\/caetenews.com.br\/semana\/filmes-da-globo-na-sessao-da-tarde-desta-semana\/\" target=\"_blank\" rel=\"noopener\"><strong>Confira os filmes da semana na Sess\u00e3o da Tarde<\/strong><\/a><\/br>\r\n<a href=\"https:\/\/classindportal.mj.gov.br\/consulta-filmes\" target=\"_blank\" rel=\"noopener\"><strong>Consulte a classifica\u00e7\u00e3o indicativa dos filmes e novelas<\/strong><\/a><\/br><br \/>\n&lt;\/div<\/div>\n","protected":false},"excerpt":{"rendered":"<p>Vale Tudo: Afonso chega perto do segredo de Celina&#8230; Em Vale Tudo, Pela primeira vez na vida, Celina (Malu Galli) est\u00e1 fazendo um bom investimento&#8230;<\/p>\n","protected":false},"author":1,"featured_media":79198,"comment_status":"closed","ping_status":"closed","sticky":false,"template":"","format":"standard","meta":{"_uf_show_specific_survey":0,"_uf_disable_surveys":false,"_jetpack_memberships_contains_paid_content":false,"footnotes":"","_wp_rev_ctl_limit":""},"categories":[871],"tags":[5,64,801],"class_list":["post-79197","post","type-post","status-publish","format-standard","has-post-thumbnail","hentry","category-vale-tudo","tag-globo","tag-novelas","tag-vale-tudo","wpcat-871-id"],"aioseo_notices":[],"jetpack_featured_media_url":"https:\/\/i0.wp.com\/www.tvnovelas.com.br\/tvnews\/wp-content\/uploads\/2025\/07\/11563.jpg?fit=725%2C410&ssl=1","jetpack_shortlink":"https:\/\/wp.me\/pdP2BO-kBn","jetpack_sharing_enabled":true,"_links":{"self":[{"href":"https:\/\/www.tvnovelas.com.br\/tvnews\/wp-json\/wp\/v2\/posts\/79197","targetHints":{"allow":["GET"]}}],"collection":[{"href":"https:\/\/www.tvnovelas.com.br\/tvnews\/wp-json\/wp\/v2\/posts"}],"about":[{"href":"https:\/\/www.tvnovelas.com.br\/tvnews\/wp-json\/wp\/v2\/types\/post"}],"author":[{"embeddable":true,"href":"https:\/\/www.tvnovelas.com.br\/tvnews\/wp-json\/wp\/v2\/users\/1"}],"replies":[{"embeddable":true,"href":"https:\/\/www.tvnovelas.com.br\/tvnews\/wp-json\/wp\/v2\/comments?post=79197"}],"version-history":[{"count":1,"href":"https:\/\/www.tvnovelas.com.br\/tvnews\/wp-json\/wp\/v2\/posts\/79197\/revisions"}],"predecessor-version":[{"id":79199,"href":"https:\/\/www.tvnovelas.com.br\/tvnews\/wp-json\/wp\/v2\/posts\/79197\/revisions\/79199"}],"wp:featuredmedia":[{"embeddable":true,"href":"https:\/\/www.tvnovelas.com.br\/tvnews\/wp-json\/wp\/v2\/media\/79198"}],"wp:attachment":[{"href":"https:\/\/www.tvnovelas.com.br\/tvnews\/wp-json\/wp\/v2\/media?parent=79197"}],"wp:term":[{"taxonomy":"category","embeddable":true,"href":"https:\/\/www.tvnovelas.com.br\/tvnews\/wp-json\/wp\/v2\/categories?post=79197"},{"taxonomy":"post_tag","embeddable":true,"href":"https:\/\/www.tvnovelas.com.br\/tvnews\/wp-json\/wp\/v2\/tags?post=79197"}],"curies":[{"name":"wp","href":"https:\/\/api.w.org\/{rel}","templated":true}]}}