{"id":79206,"date":"2025-07-20T09:41:37","date_gmt":"2025-07-20T12:41:37","guid":{"rendered":"https:\/\/www.tvnovelas.com.br\/tvnews\/?p=79206"},"modified":"2025-07-20T09:41:37","modified_gmt":"2025-07-20T12:41:37","slug":"dona-de-mim-abel-descobre-que-jaques-decide-denunciar-jaques-por-roubo","status":"publish","type":"post","link":"https:\/\/www.tvnovelas.com.br\/tvnews\/dona-de-mim-abel-descobre-que-jaques-decide-denunciar-jaques-por-roubo\/","title":{"rendered":"Dona de Mim: Abel descobre que Jaques decide denunciar Jaques por roubo"},"content":{"rendered":"<figure id=\"attachment_79207\" aria-describedby=\"caption-attachment-79207\" style=\"width: 728px\" class=\"wp-caption alignnone\"><img data-recalc-dims=\"1\" decoding=\"async\" class=\"wp-image-79207 size-full\" title=\"(Foto: TV Globo\/Dona de Mim)\" src=\"https:\/\/i0.wp.com\/www.tvnovelas.com.br\/tvnews\/wp-content\/uploads\/2025\/07\/11565.jpg?resize=728%2C410&#038;ssl=1\" alt=\"Foto em Dona de Mim: Abel descobre que Jaques decide denunciar Jaques por roubo\" width=\"728\" height=\"410\" srcset=\"https:\/\/i0.wp.com\/www.tvnovelas.com.br\/tvnews\/wp-content\/uploads\/2025\/07\/11565.jpg?w=728&amp;ssl=1 728w, https:\/\/i0.wp.com\/www.tvnovelas.com.br\/tvnews\/wp-content\/uploads\/2025\/07\/11565.jpg?resize=250%2C141&amp;ssl=1 250w\" sizes=\"(max-width: 728px) 100vw, 728px\" \/><figcaption id=\"caption-attachment-79207\" class=\"wp-caption-text\">Dona de Mim: Abel descobre que Jaques decide denunciar Jaques por roubo<\/figcaption><\/figure>\n<p>Em Dona de Mim, Abel (Tony Ramos) sempre desconfiou das falcatruas de Jaques (Marcello Novaes) na Boaz, mas, ir\u00e1 descobrir de fato que o irm\u00e3o roubou a f\u00e1brica de lingerie da fam\u00edlia. E, em meio \u00e0 disputa pela presid\u00eancia da Boaz, Abel decidir\u00e1 denunciar Jaques.<\/p>\n<p>Tudo vai come\u00e7ar quando Samuel (Juan Paiva) descobrir a exist\u00eancia de uma conta de investimentos da Boaz em outro banco.<\/p>\n<p>\u201cNem sabia que existia essa conta\u201d, diz Abel.<\/p>\n<p>\u201cEstranho. Mas se est\u00e1 em nome da empresa&#8230;\u201d, comenta Samuel.<\/p>\n<p>\u201cVou solicitar acesso ao banco e conferir pessoalmente\u201d, afirma Abel.<\/p>\n<p>Determinado, Abel ir\u00e1 atr\u00e1s para saber que conta \u00e9 essa. E, com uma liga\u00e7\u00e3o, ir\u00e1 descobrir que apenas uma pessoa tem acesso \u00e0 conta: Jaques.<\/p>\n<p>\u201cA conta tem apenas um operador. Posso compartilhar apenas o primeiro nome do operador da conta: Jaques\u201d, diz a atendente.<\/p>\n<p>Depois, Abel conversar\u00e1 com a m\u00e3e, Rosa (Suely Franco), sobre a descoberta e dir\u00e1 que pretende denunciar Jaques \u00e0 pol\u00edcia. At\u00e9 porque esta seria a \u00fanica maneira de fazer o irm\u00e3o desistir de usar Sofia (Elis Cabral) para ter a presid\u00eancia da empresa.<\/p>\n<p>\u201cA consultoria que o Jaques contratou desviou nosso dinheiro para uma conta da empresa que s\u00f3 o Jaques movimenta. Ele transferiu esse dinheiro pra uma conta no exterior, e eu tenho como provar.\u201d<\/p>\n<p>\u201cIsso \u00e9 muito grave! O que voc\u00ea vai fazer?\u201d, pergunta ela.<\/p>\n<p>\u201cA \u00fanica atitude poss\u00edvel \u00e9 denunciar o cabe\u00e7a dessa quadrilha pra pol\u00edcia. O mandante de tudo \u00e9 o Jaques\u201d, afirma Abel.<br \/>\n<!--FIM--><br \/>\n<strong>Sobre a novela<\/strong><br \/>\n<a href=\"https:\/\/wp.me\/pfspD2-UO\" target=\"_blank\" rel=\"noopener\">Dona de Mim: A trama da novela<\/a><br \/>\n<a href=\"https:\/\/wp.me\/pfspD2-UG\" target=\"_blank\" rel=\"noopener\">Dona de Mim: A fam\u00edlia Boaz e seu imp\u00e9rio de lingerie<\/a><\/p>\n<div style=\"font-size: 120%;\"><h3>Confira tamb\u00e9m<\/h3>\r\n<a href=\"https:\/\/tvnovelas.com.br\/novelas\/\" rel=\"noopener\" target=\"_blank\"><strong>Todos os resumos de novelas<\/strong><\/a><\/br>\r\n<a href=\"https:\/\/www.tvnovelas.com.br\/tvnews\/\" rel=\"noopener\" target=\"_blank\"><strong>\u00daltimas not\u00edcias das novelas<\/strong><\/a><\/br>\r\n<a href=\"https:\/\/www.tvnovelas.com.br\/filmes\/\" target=\"_blank\" rel=\"noopener noreferrer\"><strong>Programa\u00e7\u00e3o de filmes na TV aberta<\/strong><\/a><\/br>\r\n<a href=\"https:\/\/caetenews.com.br\/semana\/filmes-da-globo-na-sessao-da-tarde-desta-semana\/\" target=\"_blank\" rel=\"noopener\"><strong>Confira os filmes da semana na Sess\u00e3o da Tarde<\/strong><\/a><\/br>\r\n<a href=\"https:\/\/classindportal.mj.gov.br\/consulta-filmes\" target=\"_blank\" rel=\"noopener\"><strong>Consulte a classifica\u00e7\u00e3o indicativa dos filmes e novelas<\/strong><\/a><\/br><\/div>\n","protected":false},"excerpt":{"rendered":"<p>Dona de Mim: Abel descobre que Jaques decide denunciar&#8230; Em Dona de Mim, Abel (Tony Ramos) sempre desconfiou das falcatruas de Jaques&#8230;<\/p>\n","protected":false},"author":1,"featured_media":79207,"comment_status":"closed","ping_status":"closed","sticky":false,"template":"","format":"standard","meta":{"_uf_show_specific_survey":0,"_uf_disable_surveys":false,"_jetpack_memberships_contains_paid_content":false,"footnotes":"","_wp_rev_ctl_limit":""},"categories":[884],"tags":[883,5,64],"class_list":["post-79206","post","type-post","status-publish","format-standard","has-post-thumbnail","hentry","category-dona-de-mim","tag-dona-de-mim","tag-globo","tag-novelas","wpcat-884-id"],"aioseo_notices":[],"jetpack_featured_media_url":"https:\/\/i0.wp.com\/www.tvnovelas.com.br\/tvnews\/wp-content\/uploads\/2025\/07\/11565.jpg?fit=728%2C410&ssl=1","jetpack_shortlink":"https:\/\/wp.me\/pdP2BO-kBw","jetpack_sharing_enabled":true,"_links":{"self":[{"href":"https:\/\/www.tvnovelas.com.br\/tvnews\/wp-json\/wp\/v2\/posts\/79206","targetHints":{"allow":["GET"]}}],"collection":[{"href":"https:\/\/www.tvnovelas.com.br\/tvnews\/wp-json\/wp\/v2\/posts"}],"about":[{"href":"https:\/\/www.tvnovelas.com.br\/tvnews\/wp-json\/wp\/v2\/types\/post"}],"author":[{"embeddable":true,"href":"https:\/\/www.tvnovelas.com.br\/tvnews\/wp-json\/wp\/v2\/users\/1"}],"replies":[{"embeddable":true,"href":"https:\/\/www.tvnovelas.com.br\/tvnews\/wp-json\/wp\/v2\/comments?post=79206"}],"version-history":[{"count":1,"href":"https:\/\/www.tvnovelas.com.br\/tvnews\/wp-json\/wp\/v2\/posts\/79206\/revisions"}],"predecessor-version":[{"id":79208,"href":"https:\/\/www.tvnovelas.com.br\/tvnews\/wp-json\/wp\/v2\/posts\/79206\/revisions\/79208"}],"wp:featuredmedia":[{"embeddable":true,"href":"https:\/\/www.tvnovelas.com.br\/tvnews\/wp-json\/wp\/v2\/media\/79207"}],"wp:attachment":[{"href":"https:\/\/www.tvnovelas.com.br\/tvnews\/wp-json\/wp\/v2\/media?parent=79206"}],"wp:term":[{"taxonomy":"category","embeddable":true,"href":"https:\/\/www.tvnovelas.com.br\/tvnews\/wp-json\/wp\/v2\/categories?post=79206"},{"taxonomy":"post_tag","embeddable":true,"href":"https:\/\/www.tvnovelas.com.br\/tvnews\/wp-json\/wp\/v2\/tags?post=79206"}],"curies":[{"name":"wp","href":"https:\/\/api.w.org\/{rel}","templated":true}]}}