{"id":79215,"date":"2025-07-20T12:53:14","date_gmt":"2025-07-20T15:53:14","guid":{"rendered":"https:\/\/www.tvnovelas.com.br\/tvnews\/?p=79215"},"modified":"2025-07-20T12:53:14","modified_gmt":"2025-07-20T15:53:14","slug":"a-caverna-encantada-norma-assume-estar-apaixonada","status":"publish","type":"post","link":"https:\/\/www.tvnovelas.com.br\/tvnews\/a-caverna-encantada-norma-assume-estar-apaixonada\/","title":{"rendered":"A Caverna Encantada: Norma assume estar apaixonada"},"content":{"rendered":"<figure id=\"attachment_79216\" aria-describedby=\"caption-attachment-79216\" style=\"width: 728px\" class=\"wp-caption alignnone\"><img data-recalc-dims=\"1\" decoding=\"async\" class=\"wp-image-79216 size-full\" title=\"(Foto: SBT\/A Caverna Encantada)\" src=\"https:\/\/i0.wp.com\/www.tvnovelas.com.br\/tvnews\/wp-content\/uploads\/2025\/07\/11567.jpg?resize=728%2C410&#038;ssl=1\" alt=\"Foto em A Caverna Encantada: Norma assume estar apaixonada\" width=\"728\" height=\"410\" srcset=\"https:\/\/i0.wp.com\/www.tvnovelas.com.br\/tvnews\/wp-content\/uploads\/2025\/07\/11567.jpg?w=728&amp;ssl=1 728w, https:\/\/i0.wp.com\/www.tvnovelas.com.br\/tvnews\/wp-content\/uploads\/2025\/07\/11567.jpg?resize=250%2C141&amp;ssl=1 250w\" sizes=\"(max-width: 728px) 100vw, 728px\" \/><figcaption id=\"caption-attachment-79216\" class=\"wp-caption-text\">A Caverna Encantada: Norma assume estar apaixonada<\/figcaption><\/figure>\n<p>No cap\u00edtulo de A Caverna Encantada desta segunda, dia 21, Norma finalmente assume que est\u00e1 apaixonada por C\u00e9sar. A revela\u00e7\u00e3o acontece durante uma conversa tensa com Elisa, que pressente que h\u00e1 algo mais por tr\u00e1s das atitudes provocativas de Norma nos \u00faltimos dias.<\/p>\n<p>Ao ser confrontada, Norma deixa de lado sua postura orgulhosa e admite seus sentimentos, dizendo que n\u00e3o consegue mais esconder o que sente.<\/p>\n<p>Norma parece determinada a executar uma decis\u00e3o radical em sua vida. Ela procura os servi\u00e7os de consultoria de Faf\u00e1, alegando que tamb\u00e9m deseja se casar em breve. Mesmo Elisa levando C\u00e9sar ao col\u00e9gio para que ele esclare\u00e7a a Norma que n\u00e3o tem sentimentos pela diretora.<\/p>\n<p>Confira o resumo do cap\u00edtulo de hoje:<\/p>\n<h2 style=\"color: #320a6b;\">Resumo de segunda-feira, 21 de julho<\/h2>\n<p>Norma fica apaixonada por C\u00e9sar. No col\u00e9gio, Flora afirma a Norma que ser\u00e1 a maior inimiga das meninas. Elisa leva C\u00e9sar ao col\u00e9gio e exige que ele esclare\u00e7a a Norma que n\u00e3o tem sentimentos pela diretora. Pedro revela a Isadora que ouviu boatos de que o Senor gosta dela; a fofoca se espalha pelo col\u00e9gio. Faf\u00e1 oferece a Gabriel um servi\u00e7o de consultoria para cerim\u00f4nia de casamento. Mois\u00e9s escreve uma carta de despedida para Dalete e a deixa na cozinha para que ela leia. Norma procura os servi\u00e7os de consultoria de Faf\u00e1, alegando que tamb\u00e9m deseja se casar em breve.<br \/>\n<!--FIM--><\/p>\n<div style=\"font-size: 120%;\"><h3>Confira tamb\u00e9m<\/h3>\r\n<a href=\"https:\/\/tvnovelas.com.br\/novelas\/\" rel=\"noopener\" target=\"_blank\"><strong>Todos os resumos de novelas<\/strong><\/a><\/br>\r\n<a href=\"https:\/\/www.tvnovelas.com.br\/tvnews\/\" rel=\"noopener\" target=\"_blank\"><strong>\u00daltimas not\u00edcias das novelas<\/strong><\/a><\/br>\r\n<a href=\"https:\/\/www.tvnovelas.com.br\/filmes\/\" target=\"_blank\" rel=\"noopener noreferrer\"><strong>Programa\u00e7\u00e3o de filmes na TV aberta<\/strong><\/a><\/br>\r\n<a href=\"https:\/\/caetenews.com.br\/semana\/filmes-da-globo-na-sessao-da-tarde-desta-semana\/\" target=\"_blank\" rel=\"noopener\"><strong>Confira os filmes da semana na Sess\u00e3o da Tarde<\/strong><\/a><\/br>\r\n<a href=\"https:\/\/classindportal.mj.gov.br\/consulta-filmes\" target=\"_blank\" rel=\"noopener\"><strong>Consulte a classifica\u00e7\u00e3o indicativa dos filmes e novelas<\/strong><\/a><\/br><\/div>\n","protected":false},"excerpt":{"rendered":"<p>A Caverna Encantada: Norma assume estar apaixonada&#8230;  No cap\u00edtulo de A Caverna Encantada desta segunda, dia 21, Norma finalmente assume&#8230;<\/p>\n","protected":false},"author":1,"featured_media":79216,"comment_status":"closed","ping_status":"closed","sticky":false,"template":"","format":"standard","meta":{"_uf_show_specific_survey":0,"_uf_disable_surveys":false,"_jetpack_memberships_contains_paid_content":false,"footnotes":"","_wp_rev_ctl_limit":""},"categories":[766],"tags":[767,64,13],"class_list":["post-79215","post","type-post","status-publish","format-standard","has-post-thumbnail","hentry","category-a-caverna-encantada","tag-a-caverna-encantada","tag-novelas","tag-sbt","wpcat-766-id"],"aioseo_notices":[],"jetpack_featured_media_url":"https:\/\/i0.wp.com\/www.tvnovelas.com.br\/tvnews\/wp-content\/uploads\/2025\/07\/11567.jpg?fit=728%2C410&ssl=1","jetpack_shortlink":"https:\/\/wp.me\/pdP2BO-kBF","jetpack_sharing_enabled":true,"_links":{"self":[{"href":"https:\/\/www.tvnovelas.com.br\/tvnews\/wp-json\/wp\/v2\/posts\/79215","targetHints":{"allow":["GET"]}}],"collection":[{"href":"https:\/\/www.tvnovelas.com.br\/tvnews\/wp-json\/wp\/v2\/posts"}],"about":[{"href":"https:\/\/www.tvnovelas.com.br\/tvnews\/wp-json\/wp\/v2\/types\/post"}],"author":[{"embeddable":true,"href":"https:\/\/www.tvnovelas.com.br\/tvnews\/wp-json\/wp\/v2\/users\/1"}],"replies":[{"embeddable":true,"href":"https:\/\/www.tvnovelas.com.br\/tvnews\/wp-json\/wp\/v2\/comments?post=79215"}],"version-history":[{"count":1,"href":"https:\/\/www.tvnovelas.com.br\/tvnews\/wp-json\/wp\/v2\/posts\/79215\/revisions"}],"predecessor-version":[{"id":79217,"href":"https:\/\/www.tvnovelas.com.br\/tvnews\/wp-json\/wp\/v2\/posts\/79215\/revisions\/79217"}],"wp:featuredmedia":[{"embeddable":true,"href":"https:\/\/www.tvnovelas.com.br\/tvnews\/wp-json\/wp\/v2\/media\/79216"}],"wp:attachment":[{"href":"https:\/\/www.tvnovelas.com.br\/tvnews\/wp-json\/wp\/v2\/media?parent=79215"}],"wp:term":[{"taxonomy":"category","embeddable":true,"href":"https:\/\/www.tvnovelas.com.br\/tvnews\/wp-json\/wp\/v2\/categories?post=79215"},{"taxonomy":"post_tag","embeddable":true,"href":"https:\/\/www.tvnovelas.com.br\/tvnews\/wp-json\/wp\/v2\/tags?post=79215"}],"curies":[{"name":"wp","href":"https:\/\/api.w.org\/{rel}","templated":true}]}}