{"id":79241,"date":"2025-07-21T09:16:44","date_gmt":"2025-07-21T12:16:44","guid":{"rendered":"https:\/\/www.tvnovelas.com.br\/tvnews\/?p=79241"},"modified":"2025-07-21T09:16:44","modified_gmt":"2025-07-21T12:16:44","slug":"eta-mundo-melhor-candinho-decide-adotar-samir","status":"publish","type":"post","link":"https:\/\/www.tvnovelas.com.br\/tvnews\/eta-mundo-melhor-candinho-decide-adotar-samir\/","title":{"rendered":"\u00cata Mundo Melhor!: Candinho decide adotar Samir"},"content":{"rendered":"<figure id=\"attachment_79243\" aria-describedby=\"caption-attachment-79243\" style=\"width: 728px\" class=\"wp-caption alignnone\"><img data-recalc-dims=\"1\" decoding=\"async\" class=\"wp-image-79243 size-full\" title=\"(Foto: TV Globo\/\u00cata Mundo Melhor!)\" src=\"https:\/\/i0.wp.com\/www.tvnovelas.com.br\/tvnews\/wp-content\/uploads\/2025\/07\/11568.jpg?resize=728%2C410&#038;ssl=1\" alt=\"Foto em \u00cata Mundo Melhor!: Candinho decide adotar Samir \" width=\"728\" height=\"410\" srcset=\"https:\/\/i0.wp.com\/www.tvnovelas.com.br\/tvnews\/wp-content\/uploads\/2025\/07\/11568.jpg?w=728&amp;ssl=1 728w, https:\/\/i0.wp.com\/www.tvnovelas.com.br\/tvnews\/wp-content\/uploads\/2025\/07\/11568.jpg?resize=250%2C141&amp;ssl=1 250w\" sizes=\"(max-width: 728px) 100vw, 728px\" \/><figcaption id=\"caption-attachment-79243\" class=\"wp-caption-text\">\u00cata Mundo Melhor!: Candinho decide adotar Samir<\/figcaption><\/figure>\n<p>Em \u00cata Mundo Melhor!,Candinho (Sergio Guiz\u00e9) vai ficar cada vez mais pr\u00f3ximo de Junior\/Samir (Davi Malizia), sem nem imaginar que o menino \u00e9 justamente o filho que ele tanto procura h\u00e1 anos.<\/p>\n<p>Tudo acontece depois de um novo encontro entre os dois, em que Candinho e Samir enfim se apresentam, e o caipira deixa seu endere\u00e7o com o garoto.<\/p>\n<p>Ap\u00f3s receber um castigo severo de Zulma (Heloisa P\u00e9riss\u00e9), Samir foge para a mans\u00e3o de Candinho, que toma a decis\u00e3o de adotar o menino!<\/p>\n<p>Golpe do ba\u00fa<br \/>\n\u00c9 bom Candinho abrir o olho, porque mais uma pessoa vai ficar de olho em sua fortuna. Dessa vez, \u00e9 Zulma.<\/p>\n<p>A dona do abrigo o v\u00ea se apresentar a Samir, lembra as informa\u00e7\u00f5es dadas por Celso (Rainer Cadete) e conclui que ele \u00e9 o caipira milion\u00e1rio pai da crian\u00e7a.<\/p>\n<p>Decidida, ela bola um plano para se casar com Candinho e dar o golpe do ba\u00fa.<br \/>\n<!--FIM--><\/p>\n<h2>Sobre a novela:<\/h2>\n<p><a href=\"https:\/\/tvnovelas.com.br\/page2\/arquivo\/eta-mundo-melhor-a-volta-de-candinho-e-policarpo\/&quot;\" target=\"_blank\" rel=\"noopener\">\u00cata Mundo Melhor!: A volta de Candinho e Policarpo<\/a> (Sinopse)<br \/>\n<a href=\"https:\/\/pt.wikipedia.org\/wiki\/%C3%8Ata_Mundo_Melhor!\" target=\"_blank\" rel=\"noopener\">Sobre \u00cata Mundo Melhor!, na Wikipedia<\/a><\/p>\n<div style=\"font-size: 120%;\"><h3>Confira tamb\u00e9m<\/h3>\r\n<a href=\"https:\/\/tvnovelas.com.br\/novelas\/\" rel=\"noopener\" target=\"_blank\"><strong>Todos os resumos de novelas<\/strong><\/a><\/br>\r\n<a href=\"https:\/\/www.tvnovelas.com.br\/tvnews\/\" rel=\"noopener\" target=\"_blank\"><strong>\u00daltimas not\u00edcias das novelas<\/strong><\/a><\/br>\r\n<a href=\"https:\/\/www.tvnovelas.com.br\/filmes\/\" target=\"_blank\" rel=\"noopener noreferrer\"><strong>Programa\u00e7\u00e3o de filmes na TV aberta<\/strong><\/a><\/br>\r\n<a href=\"https:\/\/caetenews.com.br\/semana\/filmes-da-globo-na-sessao-da-tarde-desta-semana\/\" target=\"_blank\" rel=\"noopener\"><strong>Confira os filmes da semana na Sess\u00e3o da Tarde<\/strong><\/a><\/br>\r\n<a href=\"https:\/\/classindportal.mj.gov.br\/consulta-filmes\" target=\"_blank\" rel=\"noopener\"><strong>Consulte a classifica\u00e7\u00e3o indicativa dos filmes e novelas<\/strong><\/a><\/br><\/div>\n","protected":false},"excerpt":{"rendered":"<p>\u00cata Mundo Melhor!: Candinho decide adotar Samir&#8230; Em \u00cata Mundo Melhor!,Candinho (Sergio Guiz\u00e9) vai ficar cada vez mais pr\u00f3ximo de Junior\/Samir&#8230;<\/p>\n","protected":false},"author":1,"featured_media":79243,"comment_status":"closed","ping_status":"closed","sticky":false,"template":"","format":"standard","meta":{"_uf_show_specific_survey":0,"_uf_disable_surveys":false,"_jetpack_memberships_contains_paid_content":false,"footnotes":"","_wp_rev_ctl_limit":""},"categories":[920,353],"tags":[921,5,64],"class_list":["post-79241","post","type-post","status-publish","format-standard","has-post-thumbnail","hentry","category-eta-mundo-melhor","category-resumos-de-novelas","tag-eta-mundo-melhor","tag-globo","tag-novelas","wpcat-920-id","wpcat-353-id"],"aioseo_notices":[],"jetpack_featured_media_url":"https:\/\/i0.wp.com\/www.tvnovelas.com.br\/tvnews\/wp-content\/uploads\/2025\/07\/11568.jpg?fit=728%2C410&ssl=1","jetpack_shortlink":"https:\/\/wp.me\/pdP2BO-kC5","jetpack_sharing_enabled":true,"_links":{"self":[{"href":"https:\/\/www.tvnovelas.com.br\/tvnews\/wp-json\/wp\/v2\/posts\/79241","targetHints":{"allow":["GET"]}}],"collection":[{"href":"https:\/\/www.tvnovelas.com.br\/tvnews\/wp-json\/wp\/v2\/posts"}],"about":[{"href":"https:\/\/www.tvnovelas.com.br\/tvnews\/wp-json\/wp\/v2\/types\/post"}],"author":[{"embeddable":true,"href":"https:\/\/www.tvnovelas.com.br\/tvnews\/wp-json\/wp\/v2\/users\/1"}],"replies":[{"embeddable":true,"href":"https:\/\/www.tvnovelas.com.br\/tvnews\/wp-json\/wp\/v2\/comments?post=79241"}],"version-history":[{"count":2,"href":"https:\/\/www.tvnovelas.com.br\/tvnews\/wp-json\/wp\/v2\/posts\/79241\/revisions"}],"predecessor-version":[{"id":79244,"href":"https:\/\/www.tvnovelas.com.br\/tvnews\/wp-json\/wp\/v2\/posts\/79241\/revisions\/79244"}],"wp:featuredmedia":[{"embeddable":true,"href":"https:\/\/www.tvnovelas.com.br\/tvnews\/wp-json\/wp\/v2\/media\/79243"}],"wp:attachment":[{"href":"https:\/\/www.tvnovelas.com.br\/tvnews\/wp-json\/wp\/v2\/media?parent=79241"}],"wp:term":[{"taxonomy":"category","embeddable":true,"href":"https:\/\/www.tvnovelas.com.br\/tvnews\/wp-json\/wp\/v2\/categories?post=79241"},{"taxonomy":"post_tag","embeddable":true,"href":"https:\/\/www.tvnovelas.com.br\/tvnews\/wp-json\/wp\/v2\/tags?post=79241"}],"curies":[{"name":"wp","href":"https:\/\/api.w.org\/{rel}","templated":true}]}}