{"id":79246,"date":"2025-07-21T09:52:59","date_gmt":"2025-07-21T12:52:59","guid":{"rendered":"https:\/\/www.tvnovelas.com.br\/tvnews\/?p=79246"},"modified":"2025-07-21T09:52:59","modified_gmt":"2025-07-21T12:52:59","slug":"vale-tudo-ivan-faz-as-pazes-com-heleninha","status":"publish","type":"post","link":"https:\/\/www.tvnovelas.com.br\/tvnews\/vale-tudo-ivan-faz-as-pazes-com-heleninha\/","title":{"rendered":"Vale Tudo: Ivan faz as pazes com Heleninha"},"content":{"rendered":"<figure id=\"attachment_79247\" aria-describedby=\"caption-attachment-79247\" style=\"width: 728px\" class=\"wp-caption alignnone\"><img data-recalc-dims=\"1\" decoding=\"async\" class=\"wp-image-79247 size-full\" title=\"(Foto: TV Globo\/Vale Tudo)\" src=\"https:\/\/i0.wp.com\/www.tvnovelas.com.br\/tvnews\/wp-content\/uploads\/2025\/07\/11569.jpg?resize=728%2C409&#038;ssl=1\" alt=\"Foto em Vale Tudo: Ivan faz as pazes com Heleninha\" width=\"728\" height=\"409\" srcset=\"https:\/\/i0.wp.com\/www.tvnovelas.com.br\/tvnews\/wp-content\/uploads\/2025\/07\/11569.jpg?w=728&amp;ssl=1 728w, https:\/\/i0.wp.com\/www.tvnovelas.com.br\/tvnews\/wp-content\/uploads\/2025\/07\/11569.jpg?resize=250%2C140&amp;ssl=1 250w\" sizes=\"(max-width: 728px) 100vw, 728px\" \/><figcaption id=\"caption-attachment-79247\" class=\"wp-caption-text\">Vale Tudo: Ivan faz as pazes com Heleninha<\/figcaption><\/figure>\n<p>Em Vale Tudo, toda a inseguran\u00e7a de Heleninha (Paolla Oliveira) e as constantes reca\u00eddas com o \u00e1lcool est\u00e3o sendo um problema para o casamento dela com Ivan (Renato G\u00f3es). Mas a pintora n\u00e3o est\u00e1 completamente enganada, afinal, ela pode at\u00e9 n\u00e3o saber, mas o marido quase teve uma reca\u00edda por Raquel (Ta\u00eds Araujo), grande alvo dos ci\u00fames da artista. Por\u00e9m, o executivo tentar\u00e1 fazer o matrim\u00f4nio dar certo novamente.<\/p>\n<p>Ivan voltar\u00e1 para a mans\u00e3o de Celina (Malu Galli), e encontrar\u00e1 Heleninha no meio de uma tentativa frustrada de meditar.<\/p>\n<p>\u201cEu t\u00f4 me esfor\u00e7ando muito, Ivan\u201d, dir\u00e1 ela, de forma completamente honesta.<\/p>\n<p>\u201cEu estou vendo, meu amor\u201d, responder\u00e1 ele, carinhoso.<\/p>\n<p>\u201cEu s\u00f3 n\u00e3o aceitei ir pra cl\u00ednica por sua causa. \u00c9 claro que eu tamb\u00e9m me preocupo com o Tiago, coitado, mas ele n\u00e3o tem como trocar de m\u00e3e&#8230;\u201d, comentar\u00e1 Heleninha.<\/p>\n<p>\u201cN\u00e3o fala assim\u201d, devolver\u00e1 Ivan, a abra\u00e7ando. &#8220;Eu tamb\u00e9m vou me esfor\u00e7ar. A gente vai conseguir fazer a nossa vida funcionar aqui no Brasil. Vai dar tudo certo\u201d, garantir\u00e1 o executivo.<\/p>\n<p>Os dois v\u00e3o oficializar as pazes com um beijo apaixonado, principalmente da parte de Heleninha.<\/p>\n<p>\u201cEu te amo, Ivan, eu te amo tanto!\u201d, dir\u00e1 a pintora<br \/>\n<!--FIM--><br \/>\n<strong>Sobre a novela<\/strong><\/p>\n<p><a href=\"https:\/\/wp.me\/pfspD2-U7\" target=\"_blank\" rel=\"noopener\">Vale Tudo: Conflitos de princ\u00edpios e valores (Sinopse)<\/a><\/p>\n<p><a href=\"https:\/\/wp.me\/pfspD2-oI\" target=\"_blank\" rel=\"noopener\">Vale Tudo: Invers\u00e3o de valores no final dos anos 1980<\/a> (Sinopse)<\/p>\n<div style=\"font-size: 120%;\"><h3>Confira tamb\u00e9m<\/h3>\r\n<a href=\"https:\/\/tvnovelas.com.br\/novelas\/\" rel=\"noopener\" target=\"_blank\"><strong>Todos os resumos de novelas<\/strong><\/a><\/br>\r\n<a href=\"https:\/\/www.tvnovelas.com.br\/tvnews\/\" rel=\"noopener\" target=\"_blank\"><strong>\u00daltimas not\u00edcias das novelas<\/strong><\/a><\/br>\r\n<a href=\"https:\/\/www.tvnovelas.com.br\/filmes\/\" target=\"_blank\" rel=\"noopener noreferrer\"><strong>Programa\u00e7\u00e3o de filmes na TV aberta<\/strong><\/a><\/br>\r\n<a href=\"https:\/\/caetenews.com.br\/semana\/filmes-da-globo-na-sessao-da-tarde-desta-semana\/\" target=\"_blank\" rel=\"noopener\"><strong>Confira os filmes da semana na Sess\u00e3o da Tarde<\/strong><\/a><\/br>\r\n<a href=\"https:\/\/classindportal.mj.gov.br\/consulta-filmes\" target=\"_blank\" rel=\"noopener\"><strong>Consulte a classifica\u00e7\u00e3o indicativa dos filmes e novelas<\/strong><\/a><\/br><br \/>\n&lt;\/div<\/div>\n","protected":false},"excerpt":{"rendered":"<p>Vale Tudo: Ivan faz as pazes com Heleninha&#8230; Em Vale Tudo, toda a inseguran\u00e7a de Heleninha (Paolla Oliveira) e as constantes reca\u00eddas com o \u00e1lcool&#8230;<\/p>\n","protected":false},"author":1,"featured_media":0,"comment_status":"closed","ping_status":"closed","sticky":false,"template":"","format":"standard","meta":{"_uf_show_specific_survey":0,"_uf_disable_surveys":false,"_jetpack_memberships_contains_paid_content":false,"footnotes":"","_wp_rev_ctl_limit":""},"categories":[871],"tags":[5,64,801],"class_list":["post-79246","post","type-post","status-publish","format-standard","hentry","category-vale-tudo","tag-globo","tag-novelas","tag-vale-tudo","wpcat-871-id"],"aioseo_notices":[],"jetpack_featured_media_url":"","jetpack_shortlink":"https:\/\/wp.me\/pdP2BO-kCa","jetpack_sharing_enabled":true,"_links":{"self":[{"href":"https:\/\/www.tvnovelas.com.br\/tvnews\/wp-json\/wp\/v2\/posts\/79246","targetHints":{"allow":["GET"]}}],"collection":[{"href":"https:\/\/www.tvnovelas.com.br\/tvnews\/wp-json\/wp\/v2\/posts"}],"about":[{"href":"https:\/\/www.tvnovelas.com.br\/tvnews\/wp-json\/wp\/v2\/types\/post"}],"author":[{"embeddable":true,"href":"https:\/\/www.tvnovelas.com.br\/tvnews\/wp-json\/wp\/v2\/users\/1"}],"replies":[{"embeddable":true,"href":"https:\/\/www.tvnovelas.com.br\/tvnews\/wp-json\/wp\/v2\/comments?post=79246"}],"version-history":[{"count":1,"href":"https:\/\/www.tvnovelas.com.br\/tvnews\/wp-json\/wp\/v2\/posts\/79246\/revisions"}],"predecessor-version":[{"id":79249,"href":"https:\/\/www.tvnovelas.com.br\/tvnews\/wp-json\/wp\/v2\/posts\/79246\/revisions\/79249"}],"wp:attachment":[{"href":"https:\/\/www.tvnovelas.com.br\/tvnews\/wp-json\/wp\/v2\/media?parent=79246"}],"wp:term":[{"taxonomy":"category","embeddable":true,"href":"https:\/\/www.tvnovelas.com.br\/tvnews\/wp-json\/wp\/v2\/categories?post=79246"},{"taxonomy":"post_tag","embeddable":true,"href":"https:\/\/www.tvnovelas.com.br\/tvnews\/wp-json\/wp\/v2\/tags?post=79246"}],"curies":[{"name":"wp","href":"https:\/\/api.w.org\/{rel}","templated":true}]}}