{"id":79267,"date":"2025-07-21T12:51:13","date_gmt":"2025-07-21T15:51:13","guid":{"rendered":"https:\/\/www.tvnovelas.com.br\/tvnews\/?p=79267"},"modified":"2025-07-21T12:51:13","modified_gmt":"2025-07-21T15:51:13","slug":"acontece-em-cafe-com-aroma-de-mulher-na-semana-21-a-25-7","status":"publish","type":"post","link":"https:\/\/www.tvnovelas.com.br\/tvnews\/acontece-em-cafe-com-aroma-de-mulher-na-semana-21-a-25-7\/","title":{"rendered":"Acontece em Caf\u00e9 Com Aroma de Mulher na semana 21 a 25\/7"},"content":{"rendered":"<div style=\"background-color: #dcd0a8; border-style: solid; border-width: 0px 0px 10px 0px; solid green; border-radius: 30px; padding: 10px; font-size: 125%;\">\n.<br \/>\n<figure id=\"attachment_79268\" aria-describedby=\"caption-attachment-79268\" style=\"width: 728px\" class=\"wp-caption alignnone\"><img data-recalc-dims=\"1\" decoding=\"async\" class=\"wp-image-79268 size-full\" title=\"(Foto: Band\/Caf\u00e9 Com Aroma de Mulher)\" src=\"https:\/\/i0.wp.com\/www.tvnovelas.com.br\/tvnews\/wp-content\/uploads\/2025\/07\/11573.jpg?resize=728%2C409&#038;ssl=1\" alt=\"Foto em Acontece em Caf\u00e9 Com Aroma de Mulher na semana 21 a 25\/7\" width=\"728\" height=\"409\" srcset=\"https:\/\/i0.wp.com\/www.tvnovelas.com.br\/tvnews\/wp-content\/uploads\/2025\/07\/11573.jpg?w=728&amp;ssl=1 728w, https:\/\/i0.wp.com\/www.tvnovelas.com.br\/tvnews\/wp-content\/uploads\/2025\/07\/11573.jpg?resize=250%2C140&amp;ssl=1 250w\" sizes=\"(max-width: 728px) 100vw, 728px\" \/><figcaption id=\"caption-attachment-79268\" class=\"wp-caption-text\">Acontece em Caf\u00e9 Com Aroma de Mulher na semana 21 a 25\/7<\/figcaption><\/figure><\/p>\n<p><strong style=\"color: #320a6b;\">Nos pr\u00f3ximos cap\u00edtulos de Caf\u00e9 com Aroma de Mulher, <\/strong>Leonidas expressa a vontade de formar uma fam\u00edlia com Gaivota; Sebasti\u00e3o responsabiliza Ivan por desvio de capital, mas Julia o protege; Gaivota planeja produzir um document\u00e1rio com Leonidas; Sebasti\u00e3o deseja denunciar o irm\u00e3o, mas \u00e9 agredido e Julia o impede de seguir com a queixa&#8230;<\/div>\n<p><em>Resumos de Caf\u00e9 com Aroma de Mulher &#8211; Band &#8211; 20h30<\/em><\/p>\n<figure id=\"attachment_45178\" aria-describedby=\"caption-attachment-45178\" style=\"width: 728px\" class=\"wp-caption alignnone\"><img data-recalc-dims=\"1\" decoding=\"async\" class=\"size-full wp-image-45178\" src=\"https:\/\/i0.wp.com\/tvnovelas.com.br\/novelas\/wp-content\/uploads\/2024\/04\/11326a.jpg?resize=728%2C410&#038;ssl=1\" alt=\"Foto em Resumos de Caf\u00e9 com Aroma de Mulher\" width=\"728\" height=\"410\" \/><figcaption id=\"caption-attachment-45178\" class=\"wp-caption-text\">Resumos de Caf\u00e9 com Aroma de Mulher<\/figcaption><\/figure>\n<p>Beleza Fatal, Band, 20h30<\/p>\n<p><!--INICIO DO POST--><\/p>\n<h2 style=\"color: #9929ea;\">Resumo de segunda-feira, 21 de julho<\/h2>\n<p>L\u00facia admite ter entregado ao pai a quantia dada por Sebasti\u00e3o. Eduardo rouba dinheiro de Julia. Martin finge ser investidor e planeja aplicar um golpe. Sanclemente resolve investigar e constata que o noivo de Paula \u00e9 uma fraude. Leonidas expressa a vontade de formar uma fam\u00edlia com Gaivota. Julia recusa rever\u00eancia a Ot\u00e1vio no restaurante de Carlos. Marcela vai morar com Lemarcus. Martin tenta contratar atores na Espanha para se passarem por seus pais.<\/p>\n<h2 style=\"color: #9929ea;\">Resumo de ter\u00e7a-feira, 22 de julho<\/h2>\n<p>Sebasti\u00e3o cancela a homenagem a Ot\u00e1vio no gastrobar. Arthur compartilha incerteza de Gaivota em rela\u00e7\u00e3o a Wilson. Ivan omite a verdade no que se refere \u00e0s movimenta\u00e7\u00f5es financeiras na empresa. Pablo Em\u00edlio \u00e9 demitido da Caf\u00e9 Elite. Gaivota almeja que Margarida a ajude na cooperativa. M\u00e1rcia revela \u00e0 empregada rural que Wilson a incriminou. Sebasti\u00e3o pede desculpas \u00e0 ex-namorada. M\u00e1rcia duvida do esposo e inicia uma averigua\u00e7\u00e3o.<\/p>\n<h2 style=\"color: #9929ea;\">Resumo de quarta-feira, 23 de julho<\/h2>\n<p>Carlos M\u00e1rio agride M\u00e1rcia. Sebasti\u00e3o responsabiliza Ivan por desvio de capital, mas Julia o protege. Eduardo sonda a vida de Martin e estranha as suas inten\u00e7\u00f5es. Aur\u00e9lio chama Margarida para o evento no estabelecimento onde Marcela e Lemarcus trabalham. Gaivota quer produzir um document\u00e1rio com Leonidas. A vi\u00fava de Ot\u00e1vio exige que Ivan renuncie \u00e0 presid\u00eancia da companhia. Carlos M\u00e1rio prop\u00f5e uma sociedade paralela com Pablo Em\u00edlio.<\/p>\n<h2 style=\"color: #9929ea;\">Resumo de quinta-feira, 24 de julho<\/h2>\n<p>Sebasti\u00e3o autoriza as filmagens na fazenda Casablanca. M\u00e1rcia pretende se separar de Carlos M\u00e1rio. Ivan mente para Lucr\u00e9cia. Paula questiona a amiga sobre Martin. Leonidas e Gaivota chegam \u00e0 propriedade dos Vallejo. Paula descobre uma inverdade do futuro marido. Ivan \u00e9 confrontado pelos familiares e Sebasti\u00e3o o acusa de adulterar a auditoria.<\/p>\n<h2 style=\"color: #9929ea;\">Resumo de sexta-feira, 25 de julho<\/h2>\n<p>L\u00facia desconfia do furto de livros em casa. Ivan confessa diferen\u00e7a nos balan\u00e7os, mas Julia insiste em defend\u00ea-lo. Marcela vende suas a\u00e7\u00f5es. Sebasti\u00e3o deseja denunciar o irm\u00e3o, mas \u00e9 agredido e Julia o impede de seguir com a queixa. Aur\u00e9lio toma conhecimento de que Gaivota teve um filho com Sebasti\u00e3o. Ivan convida o c\u00f4njuge de M\u00e1rcia para o tributo a seu pai e se esfor\u00e7a para limpar sua imagem.<br \/>\n<!--FIM--><br \/>\n<strong>Sobre a novela<\/strong><br \/>\n<a href=\"https:\/\/wp.me\/pfspD2-UX\" target=\"_blank\" rel=\"noopener\">&#8216;Caf\u00e9 Com Aroma de Mulher&#8217;: Um amor proibido (Sinopse e personagens)<\/a><\/p>\n<div style=\"font-size: 120%;\"><h3>Confira tamb\u00e9m<\/h3>\r\n<a href=\"https:\/\/tvnovelas.com.br\/novelas\/\" rel=\"noopener\" target=\"_blank\"><strong>Todos os resumos de novelas<\/strong><\/a><\/br>\r\n<a href=\"https:\/\/www.tvnovelas.com.br\/tvnews\/\" rel=\"noopener\" target=\"_blank\"><strong>\u00daltimas not\u00edcias das novelas<\/strong><\/a><\/br>\r\n<a href=\"https:\/\/www.tvnovelas.com.br\/filmes\/\" target=\"_blank\" rel=\"noopener noreferrer\"><strong>Programa\u00e7\u00e3o de filmes na TV aberta<\/strong><\/a><\/br>\r\n<a href=\"https:\/\/caetenews.com.br\/semana\/filmes-da-globo-na-sessao-da-tarde-desta-semana\/\" target=\"_blank\" rel=\"noopener\"><strong>Confira os filmes da semana na Sess\u00e3o da Tarde<\/strong><\/a><\/br>\r\n<a href=\"https:\/\/classindportal.mj.gov.br\/consulta-filmes\" target=\"_blank\" rel=\"noopener\"><strong>Consulte a classifica\u00e7\u00e3o indicativa dos filmes e novelas<\/strong><\/a><\/br><\/div>\n","protected":false},"excerpt":{"rendered":"<p>Acontece em Caf\u00e9 Com Aroma de Mulher na semana 21 a 25\/7&#8230; Nos pr\u00f3ximos cap\u00edtulos de Caf\u00e9 com Aroma de Mulher, <\/strong>Leonidas expressa a vontade de formar uma fam\u00edlia&#8230;<\/p>\n","protected":false},"author":1,"featured_media":79268,"comment_status":"closed","ping_status":"closed","sticky":false,"template":"","format":"standard","meta":{"_uf_show_specific_survey":0,"_uf_disable_surveys":false,"_jetpack_memberships_contains_paid_content":false,"footnotes":"","_wp_rev_ctl_limit":""},"categories":[918],"tags":[43,919,64],"class_list":["post-79267","post","type-post","status-publish","format-standard","has-post-thumbnail","hentry","category-cafe-com-aroma-de-mulher","tag-band","tag-cafe-com-aroma-de-mulher","tag-novelas","wpcat-918-id"],"aioseo_notices":[],"jetpack_featured_media_url":"https:\/\/i0.wp.com\/www.tvnovelas.com.br\/tvnews\/wp-content\/uploads\/2025\/07\/11573.jpg?fit=728%2C409&ssl=1","jetpack_shortlink":"https:\/\/wp.me\/pdP2BO-kCv","jetpack_sharing_enabled":true,"_links":{"self":[{"href":"https:\/\/www.tvnovelas.com.br\/tvnews\/wp-json\/wp\/v2\/posts\/79267","targetHints":{"allow":["GET"]}}],"collection":[{"href":"https:\/\/www.tvnovelas.com.br\/tvnews\/wp-json\/wp\/v2\/posts"}],"about":[{"href":"https:\/\/www.tvnovelas.com.br\/tvnews\/wp-json\/wp\/v2\/types\/post"}],"author":[{"embeddable":true,"href":"https:\/\/www.tvnovelas.com.br\/tvnews\/wp-json\/wp\/v2\/users\/1"}],"replies":[{"embeddable":true,"href":"https:\/\/www.tvnovelas.com.br\/tvnews\/wp-json\/wp\/v2\/comments?post=79267"}],"version-history":[{"count":2,"href":"https:\/\/www.tvnovelas.com.br\/tvnews\/wp-json\/wp\/v2\/posts\/79267\/revisions"}],"predecessor-version":[{"id":79271,"href":"https:\/\/www.tvnovelas.com.br\/tvnews\/wp-json\/wp\/v2\/posts\/79267\/revisions\/79271"}],"wp:featuredmedia":[{"embeddable":true,"href":"https:\/\/www.tvnovelas.com.br\/tvnews\/wp-json\/wp\/v2\/media\/79268"}],"wp:attachment":[{"href":"https:\/\/www.tvnovelas.com.br\/tvnews\/wp-json\/wp\/v2\/media?parent=79267"}],"wp:term":[{"taxonomy":"category","embeddable":true,"href":"https:\/\/www.tvnovelas.com.br\/tvnews\/wp-json\/wp\/v2\/categories?post=79267"},{"taxonomy":"post_tag","embeddable":true,"href":"https:\/\/www.tvnovelas.com.br\/tvnews\/wp-json\/wp\/v2\/tags?post=79267"}],"curies":[{"name":"wp","href":"https:\/\/api.w.org\/{rel}","templated":true}]}}