{"id":79275,"date":"2025-07-21T13:42:03","date_gmt":"2025-07-21T16:42:03","guid":{"rendered":"https:\/\/www.tvnovelas.com.br\/tvnews\/?p=79275"},"modified":"2025-07-21T13:42:03","modified_gmt":"2025-07-21T16:42:03","slug":"eta-mundo-melhor-estela-tem-flash-do-passado-ao-lado-de-homem-misterioso","status":"publish","type":"post","link":"https:\/\/www.tvnovelas.com.br\/tvnews\/eta-mundo-melhor-estela-tem-flash-do-passado-ao-lado-de-homem-misterioso\/","title":{"rendered":"\u00cata Mundo Melhor!: Estela tem flash do passado ao lado de homem misterioso"},"content":{"rendered":"<figure id=\"attachment_79276\" aria-describedby=\"caption-attachment-79276\" style=\"width: 728px\" class=\"wp-caption alignnone\"><img data-recalc-dims=\"1\" decoding=\"async\" class=\"wp-image-79276 size-full\" title=\"(Foto: TV Globo\/\u00cata Mundo Melhor!)\" src=\"https:\/\/i0.wp.com\/www.tvnovelas.com.br\/tvnews\/wp-content\/uploads\/2025\/07\/11575.jpg?resize=728%2C409&#038;ssl=1\" alt=\"Foto em \u00cata Mundo Melhor!: Estela tem flash do seu passado ao lado de homem misterioso\" width=\"728\" height=\"409\" srcset=\"https:\/\/i0.wp.com\/www.tvnovelas.com.br\/tvnews\/wp-content\/uploads\/2025\/07\/11575.jpg?w=728&amp;ssl=1 728w, https:\/\/i0.wp.com\/www.tvnovelas.com.br\/tvnews\/wp-content\/uploads\/2025\/07\/11575.jpg?resize=250%2C140&amp;ssl=1 250w\" sizes=\"(max-width: 728px) 100vw, 728px\" \/><figcaption id=\"caption-attachment-79276\" class=\"wp-caption-text\">\u00cata Mundo Melhor!: Estela tem flash do seu passado ao lado de homem misterioso<\/figcaption><\/figure>\n<p>Em \u00cata Mundo Melhor!, Estela (Larissa Manoela) vai dar novos ind\u00edcios de seu passado traum\u00e1tico. A mocinha se lembra de um epis\u00f3dio de seu passado em que foge de casa.<\/p>\n<p>Aos poucos, o passado delavai dando as caras. A mocinha esconde um segredo e tem frequentes crises nervosas ao relembrar o trauma que passou.<\/p>\n<p>Desta vez, o gatilho para uma nova crise ser\u00e1 quando ela perceber que est\u00e1 sendo seguida na rua por um homem misterioso, que veste um terno branco. Ao correr, Estela trope\u00e7a e cai. Nisso, o homem de branco se aproxima e oferece ajuda, mas ela grita:<\/p>\n<p>&#8220;Por favor, n\u00e3o fa\u00e7a nada comigo!&#8221;<\/p>\n<p>O homem diz que s\u00f3 quer ajud\u00e1-la. Quando Estela olha o rapaz, se acalma e pede perd\u00e3o, alegando t\u00ea-lo confundido com outra pessoa.<\/p>\n<p>Mais tarde, Estela chora ao relembrar uma cena de seu passado. Ela se v\u00ea mais jovem, saindo de casa e embarcando em um carro ao lado de um homem:<\/p>\n<p>&#8220;Primeiro tive muito medo fugir de casa. Mas, nesse momento, me sinto muito feliz. Feliz como nunca fui em minha vida&#8221;, diz Estela em suas lembran\u00e7as.<br \/>\n<!--FIM--><\/p>\n<h2>Sobre a novela:<\/h2>\n<p><a href=\"https:\/\/tvnovelas.com.br\/page2\/arquivo\/eta-mundo-melhor-a-volta-de-candinho-e-policarpo\/&quot;\" target=\"_blank\" rel=\"noopener\">\u00cata Mundo Melhor!: A volta de Candinho e Policarpo<\/a> (Sinopse)<br \/>\n<a href=\"https:\/\/pt.wikipedia.org\/wiki\/%C3%8Ata_Mundo_Melhor!\" target=\"_blank\" rel=\"noopener\">Sobre \u00cata Mundo Melhor!, na Wikipedia<\/a><\/p>\n<div style=\"font-size: 120%;\"><h3>Confira tamb\u00e9m<\/h3>\r\n<a href=\"https:\/\/tvnovelas.com.br\/novelas\/\" rel=\"noopener\" target=\"_blank\"><strong>Todos os resumos de novelas<\/strong><\/a><\/br>\r\n<a href=\"https:\/\/www.tvnovelas.com.br\/tvnews\/\" rel=\"noopener\" target=\"_blank\"><strong>\u00daltimas not\u00edcias das novelas<\/strong><\/a><\/br>\r\n<a href=\"https:\/\/www.tvnovelas.com.br\/filmes\/\" target=\"_blank\" rel=\"noopener noreferrer\"><strong>Programa\u00e7\u00e3o de filmes na TV aberta<\/strong><\/a><\/br>\r\n<a href=\"https:\/\/caetenews.com.br\/semana\/filmes-da-globo-na-sessao-da-tarde-desta-semana\/\" target=\"_blank\" rel=\"noopener\"><strong>Confira os filmes da semana na Sess\u00e3o da Tarde<\/strong><\/a><\/br>\r\n<a href=\"https:\/\/classindportal.mj.gov.br\/consulta-filmes\" target=\"_blank\" rel=\"noopener\"><strong>Consulte a classifica\u00e7\u00e3o indicativa dos filmes e novelas<\/strong><\/a><\/br><\/div>\n","protected":false},"excerpt":{"rendered":"<p>\u00cata Mundo Melhor!: Estela tem flash do seu passado&#8230;  Em \u00cata Mundo Melhor!, Estela (Larissa Manoela) vai dar novos ind\u00edcios de seu passado traum\u00e1tico&#8230;<\/p>\n","protected":false},"author":1,"featured_media":79276,"comment_status":"closed","ping_status":"closed","sticky":false,"template":"","format":"standard","meta":{"_uf_show_specific_survey":0,"_uf_disable_surveys":false,"_jetpack_memberships_contains_paid_content":false,"footnotes":"","_wp_rev_ctl_limit":""},"categories":[920],"tags":[921,5,64],"class_list":["post-79275","post","type-post","status-publish","format-standard","has-post-thumbnail","hentry","category-eta-mundo-melhor","tag-eta-mundo-melhor","tag-globo","tag-novelas","wpcat-920-id"],"aioseo_notices":[],"jetpack_featured_media_url":"https:\/\/i0.wp.com\/www.tvnovelas.com.br\/tvnews\/wp-content\/uploads\/2025\/07\/11575.jpg?fit=728%2C409&ssl=1","jetpack_shortlink":"https:\/\/wp.me\/pdP2BO-kCD","jetpack_sharing_enabled":true,"_links":{"self":[{"href":"https:\/\/www.tvnovelas.com.br\/tvnews\/wp-json\/wp\/v2\/posts\/79275","targetHints":{"allow":["GET"]}}],"collection":[{"href":"https:\/\/www.tvnovelas.com.br\/tvnews\/wp-json\/wp\/v2\/posts"}],"about":[{"href":"https:\/\/www.tvnovelas.com.br\/tvnews\/wp-json\/wp\/v2\/types\/post"}],"author":[{"embeddable":true,"href":"https:\/\/www.tvnovelas.com.br\/tvnews\/wp-json\/wp\/v2\/users\/1"}],"replies":[{"embeddable":true,"href":"https:\/\/www.tvnovelas.com.br\/tvnews\/wp-json\/wp\/v2\/comments?post=79275"}],"version-history":[{"count":1,"href":"https:\/\/www.tvnovelas.com.br\/tvnews\/wp-json\/wp\/v2\/posts\/79275\/revisions"}],"predecessor-version":[{"id":79277,"href":"https:\/\/www.tvnovelas.com.br\/tvnews\/wp-json\/wp\/v2\/posts\/79275\/revisions\/79277"}],"wp:featuredmedia":[{"embeddable":true,"href":"https:\/\/www.tvnovelas.com.br\/tvnews\/wp-json\/wp\/v2\/media\/79276"}],"wp:attachment":[{"href":"https:\/\/www.tvnovelas.com.br\/tvnews\/wp-json\/wp\/v2\/media?parent=79275"}],"wp:term":[{"taxonomy":"category","embeddable":true,"href":"https:\/\/www.tvnovelas.com.br\/tvnews\/wp-json\/wp\/v2\/categories?post=79275"},{"taxonomy":"post_tag","embeddable":true,"href":"https:\/\/www.tvnovelas.com.br\/tvnews\/wp-json\/wp\/v2\/tags?post=79275"}],"curies":[{"name":"wp","href":"https:\/\/api.w.org\/{rel}","templated":true}]}}