{"id":79312,"date":"2025-07-22T08:49:54","date_gmt":"2025-07-22T11:49:54","guid":{"rendered":"https:\/\/www.tvnovelas.com.br\/tvnews\/?p=79312"},"modified":"2025-07-22T08:49:54","modified_gmt":"2025-07-22T11:49:54","slug":"dona-de-mim-katinha-diz-a-samuel-que-esta-gravida","status":"publish","type":"post","link":"https:\/\/www.tvnovelas.com.br\/tvnews\/dona-de-mim-katinha-diz-a-samuel-que-esta-gravida\/","title":{"rendered":"Dona de Mim: Katinha diz a Samuel que est\u00e1 gr\u00e1vida"},"content":{"rendered":"<figure id=\"attachment_79313\" aria-describedby=\"caption-attachment-79313\" style=\"width: 727px\" class=\"wp-caption alignnone\"><img data-recalc-dims=\"1\" decoding=\"async\" class=\"wp-image-79313 size-full\" title=\"(Foto: TV Globo\/Dona de Mim)\" src=\"https:\/\/i0.wp.com\/www.tvnovelas.com.br\/tvnews\/wp-content\/uploads\/2025\/07\/11580.jpg?resize=727%2C410&#038;ssl=1\" alt=\"Foto em Dona de Mim: Katinha diz a Samuel que est\u00e1 gr\u00e1vida\" width=\"727\" height=\"410\" srcset=\"https:\/\/i0.wp.com\/www.tvnovelas.com.br\/tvnews\/wp-content\/uploads\/2025\/07\/11580.jpg?w=727&amp;ssl=1 727w, https:\/\/i0.wp.com\/www.tvnovelas.com.br\/tvnews\/wp-content\/uploads\/2025\/07\/11580.jpg?resize=250%2C141&amp;ssl=1 250w\" sizes=\"(max-width: 727px) 100vw, 727px\" \/><figcaption id=\"caption-attachment-79313\" class=\"wp-caption-text\">Dona de Mim: Katinha diz a Samuel que est\u00e1 gr\u00e1vida<\/figcaption><\/figure>\n<p>Em Dona de Mim, Samuel (Juan Paiva) receber\u00e1 uma not\u00edcia bomb\u00e1stica. Ap\u00f3s um breve envolvimento com o herdeiro da Boaz, Katinha (Lenita Oliver) ir\u00e1 at\u00e9 a mans\u00e3o e dir\u00e1 que est\u00e1 gr\u00e1vida! Samuel, claro, n\u00e3o pensar\u00e1 duas vezes e dir\u00e1 \u00e0 modelo que ir\u00e1 assumir o beb\u00ea. Vem saber mais!<\/p>\n<p>\u201cAh, oi, Samuel&#8230; Eu precisava conversar com voc\u00ea. Vou direto ao assunto antes que eu desista. Eu&#8230; estou gr\u00e1vida\u201d, afirma ela.<\/p>\n<p>E o detalhe \u00e9 que a revela\u00e7\u00e3o de Katinha ser\u00e1 feita na frente de Leona (Clara Moneke), que ir\u00e1 embora ap\u00f3s o baque. Sem Leo, Katinha e Samuel ter\u00e3o uma conversa s\u00e9ria.<\/p>\n<p>\u201cEu demorei pra me ligar no atraso, sabe? Trabalhando direto, vida de modelo. Enfim, a\u00ed fiz o teste e pela \u00e9poca \u00e9 voc\u00ea\u201d, diz ela.<\/p>\n<p>\u201cE&#8230; O que voc\u00ea quer fazer agora?\u201d, pergunta ele.<\/p>\n<p>\u201cSe voc\u00ea n\u00e3o quiser assumir tudo bem. Mas eu tinha que te falar\u201d, responde ela.<\/p>\n<p>Samuel, ent\u00e3o, dir\u00e1 que ir\u00e1 assumir o filho da modelo.<\/p>\n<p>\u201c\u00c9 claro que eu vou assumir. \u00c9 meu filho, minha responsabilidade. Eu nunca iria virar as costas pra isso.\u201d<\/p>\n<p>Katinha pedir\u00e1 segredo, dando o desfile da Boaz como desculpa.<\/p>\n<p>\u201cQue bom ouvir isso, Samuel. Mas voc\u00ea pode guardar esse segredo? Vai que o Breno inventa de me cortar do evento.\u201d<br \/>\n\u201cEu estou com voc\u00ea nessa. N\u00e3o vou fugir de nenhuma responsabilidade\u201d, garante ele.<\/p>\n<p>Mas a verdade \u00e9 que n\u00e3o existe beb\u00ea nenhum. E, ap\u00f3s a conversa com Samuel, Katinha ligar\u00e1 para Jaques (Marcello Novaes), o autor do plano, preocupada.<\/p>\n<p>\u201cJaques? Deu tudo errado! O Samuel quer assumir uma crian\u00e7a que n\u00e3o existe. T\u00e1 bom pra voc\u00ea?<br \/>\n<!--FIM--><br \/>\n<strong>Sobre a novela<\/strong><br \/>\n<a href=\"https:\/\/wp.me\/pfspD2-UO\" target=\"_blank\" rel=\"noopener\">Dona de Mim: A trama da novela<\/a><br \/>\n<a href=\"https:\/\/wp.me\/pfspD2-UG\" target=\"_blank\" rel=\"noopener\">Dona de Mim: A fam\u00edlia Boaz e seu imp\u00e9rio de lingerie<\/a><\/p>\n<div style=\"font-size: 120%;\"><h3>Confira tamb\u00e9m<\/h3>\r\n<a href=\"https:\/\/tvnovelas.com.br\/novelas\/\" rel=\"noopener\" target=\"_blank\"><strong>Todos os resumos de novelas<\/strong><\/a><\/br>\r\n<a href=\"https:\/\/www.tvnovelas.com.br\/tvnews\/\" rel=\"noopener\" target=\"_blank\"><strong>\u00daltimas not\u00edcias das novelas<\/strong><\/a><\/br>\r\n<a href=\"https:\/\/www.tvnovelas.com.br\/filmes\/\" target=\"_blank\" rel=\"noopener noreferrer\"><strong>Programa\u00e7\u00e3o de filmes na TV aberta<\/strong><\/a><\/br>\r\n<a href=\"https:\/\/caetenews.com.br\/semana\/filmes-da-globo-na-sessao-da-tarde-desta-semana\/\" target=\"_blank\" rel=\"noopener\"><strong>Confira os filmes da semana na Sess\u00e3o da Tarde<\/strong><\/a><\/br>\r\n<a href=\"https:\/\/classindportal.mj.gov.br\/consulta-filmes\" target=\"_blank\" rel=\"noopener\"><strong>Consulte a classifica\u00e7\u00e3o indicativa dos filmes e novelas<\/strong><\/a><\/br><\/div>\n","protected":false},"excerpt":{"rendered":"<p>Dona de Mim: Katinha diz a Samuel que est\u00e1 gr\u00e1vida&#8230; Em Dona de Mim, Samuel (Juan Paiva) receber\u00e1 uma not\u00edcia bomb\u00e1stica. Ap\u00f3s um breve envolvimento&#8230;<\/p>\n","protected":false},"author":1,"featured_media":79313,"comment_status":"closed","ping_status":"closed","sticky":false,"template":"","format":"standard","meta":{"_uf_show_specific_survey":0,"_uf_disable_surveys":false,"_jetpack_memberships_contains_paid_content":false,"footnotes":"","_wp_rev_ctl_limit":""},"categories":[884],"tags":[883,5,64],"class_list":["post-79312","post","type-post","status-publish","format-standard","has-post-thumbnail","hentry","category-dona-de-mim","tag-dona-de-mim","tag-globo","tag-novelas","wpcat-884-id"],"aioseo_notices":[],"jetpack_featured_media_url":"https:\/\/i0.wp.com\/www.tvnovelas.com.br\/tvnews\/wp-content\/uploads\/2025\/07\/11580.jpg?fit=727%2C410&ssl=1","jetpack_shortlink":"https:\/\/wp.me\/pdP2BO-kDe","jetpack_sharing_enabled":true,"_links":{"self":[{"href":"https:\/\/www.tvnovelas.com.br\/tvnews\/wp-json\/wp\/v2\/posts\/79312","targetHints":{"allow":["GET"]}}],"collection":[{"href":"https:\/\/www.tvnovelas.com.br\/tvnews\/wp-json\/wp\/v2\/posts"}],"about":[{"href":"https:\/\/www.tvnovelas.com.br\/tvnews\/wp-json\/wp\/v2\/types\/post"}],"author":[{"embeddable":true,"href":"https:\/\/www.tvnovelas.com.br\/tvnews\/wp-json\/wp\/v2\/users\/1"}],"replies":[{"embeddable":true,"href":"https:\/\/www.tvnovelas.com.br\/tvnews\/wp-json\/wp\/v2\/comments?post=79312"}],"version-history":[{"count":1,"href":"https:\/\/www.tvnovelas.com.br\/tvnews\/wp-json\/wp\/v2\/posts\/79312\/revisions"}],"predecessor-version":[{"id":79314,"href":"https:\/\/www.tvnovelas.com.br\/tvnews\/wp-json\/wp\/v2\/posts\/79312\/revisions\/79314"}],"wp:featuredmedia":[{"embeddable":true,"href":"https:\/\/www.tvnovelas.com.br\/tvnews\/wp-json\/wp\/v2\/media\/79313"}],"wp:attachment":[{"href":"https:\/\/www.tvnovelas.com.br\/tvnews\/wp-json\/wp\/v2\/media?parent=79312"}],"wp:term":[{"taxonomy":"category","embeddable":true,"href":"https:\/\/www.tvnovelas.com.br\/tvnews\/wp-json\/wp\/v2\/categories?post=79312"},{"taxonomy":"post_tag","embeddable":true,"href":"https:\/\/www.tvnovelas.com.br\/tvnews\/wp-json\/wp\/v2\/tags?post=79312"}],"curies":[{"name":"wp","href":"https:\/\/api.w.org\/{rel}","templated":true}]}}