{"id":79321,"date":"2025-07-22T09:38:31","date_gmt":"2025-07-22T12:38:31","guid":{"rendered":"https:\/\/www.tvnovelas.com.br\/tvnews\/?p=79321"},"modified":"2025-07-22T09:38:31","modified_gmt":"2025-07-22T12:38:31","slug":"cafe-com-aroma-de-mulher-sebastiao-cancela-a-homenagem-a-otavio","status":"publish","type":"post","link":"https:\/\/www.tvnovelas.com.br\/tvnews\/cafe-com-aroma-de-mulher-sebastiao-cancela-a-homenagem-a-otavio\/","title":{"rendered":"Caf\u00e9 Com Aroma de Mulher: Sebasti\u00e3o cancela a homenagem a Ot\u00e1vio"},"content":{"rendered":"<figure id=\"attachment_79322\" aria-describedby=\"caption-attachment-79322\" style=\"width: 728px\" class=\"wp-caption alignnone\"><img data-recalc-dims=\"1\" decoding=\"async\" class=\"wp-image-79322 size-full\" title=\"(Foto: Band\/Caf\u00e9 Com Aroma de Mulher)\" src=\"https:\/\/i0.wp.com\/www.tvnovelas.com.br\/tvnews\/wp-content\/uploads\/2025\/07\/11582.jpg?resize=728%2C410&#038;ssl=1\" alt=\"Foto em Caf\u00e9 Com Aroma de Mulher: Sebasti\u00e3o cancela a homenagem a Ot\u00e1vio\" width=\"728\" height=\"410\" srcset=\"https:\/\/i0.wp.com\/www.tvnovelas.com.br\/tvnews\/wp-content\/uploads\/2025\/07\/11582.jpg?w=728&amp;ssl=1 728w, https:\/\/i0.wp.com\/www.tvnovelas.com.br\/tvnews\/wp-content\/uploads\/2025\/07\/11582.jpg?resize=250%2C141&amp;ssl=1 250w\" sizes=\"(max-width: 728px) 100vw, 728px\" \/><figcaption id=\"caption-attachment-79322\" class=\"wp-caption-text\">Caf\u00e9 Com Aroma de Mulher: Sebasti\u00e3o cancela a homenagem a Ot\u00e1vio<\/figcaption><\/figure>\n<p>No cap\u00edtulo de Caf\u00e9 com Aroma de Mulher desta ter\u00e7a, dia 22, Sebasti\u00e3o cancela a homenagem que estava prevista para Ot\u00e1vio no gastrobar. A festa seria uma forma de celebrar o legado de Ot\u00e1vio, mas Sebasti\u00e3o decide desmarcar o evento \u2014 um sinal claro de seu desgaste emocional diante da situa\u00e7\u00e3o.<\/p>\n<p>Confira o resumo do cap\u00edtulo de hoje:<\/p>\n<h2 style=\"color: #9929ea;\">Resumo de ter\u00e7a-feira, 22 de julho<\/h2>\n<p>Sebasti\u00e3o cancela a homenagem a Ot\u00e1vio no gastrobar. Arthur compartilha incerteza de Gaivota em rela\u00e7\u00e3o a Wilson. Ivan omite a verdade no que se refere \u00e0s movimenta\u00e7\u00f5es financeiras na empresa. Pablo Em\u00edlio \u00e9 demitido da Caf\u00e9 Elite. Gaivota almeja que Margarida a ajude na cooperativa. M\u00e1rcia revela \u00e0 empregada rural que Wilson a incriminou. Sebasti\u00e3o pede desculpas \u00e0 ex-namorada. M\u00e1rcia duvida do esposo e inicia uma averigua\u00e7\u00e3o.<br \/>\n<!--FIM--><br \/>\n<strong>Sobre a novela<\/strong><br \/>\n<a href=\"https:\/\/wp.me\/pfspD2-UX\" target=\"_blank\" rel=\"noopener\">&#8216;Caf\u00e9 Com Aroma de Mulher&#8217;: Um amor proibido (Sinopse e personagens)<\/a><\/p>\n<div style=\"font-size: 120%;\"><h3>Confira tamb\u00e9m<\/h3>\r\n<a href=\"https:\/\/tvnovelas.com.br\/novelas\/\" rel=\"noopener\" target=\"_blank\"><strong>Todos os resumos de novelas<\/strong><\/a><\/br>\r\n<a href=\"https:\/\/www.tvnovelas.com.br\/tvnews\/\" rel=\"noopener\" target=\"_blank\"><strong>\u00daltimas not\u00edcias das novelas<\/strong><\/a><\/br>\r\n<a href=\"https:\/\/www.tvnovelas.com.br\/filmes\/\" target=\"_blank\" rel=\"noopener noreferrer\"><strong>Programa\u00e7\u00e3o de filmes na TV aberta<\/strong><\/a><\/br>\r\n<a href=\"https:\/\/caetenews.com.br\/semana\/filmes-da-globo-na-sessao-da-tarde-desta-semana\/\" target=\"_blank\" rel=\"noopener\"><strong>Confira os filmes da semana na Sess\u00e3o da Tarde<\/strong><\/a><\/br>\r\n<a href=\"https:\/\/classindportal.mj.gov.br\/consulta-filmes\" target=\"_blank\" rel=\"noopener\"><strong>Consulte a classifica\u00e7\u00e3o indicativa dos filmes e novelas<\/strong><\/a><\/br><\/div>\n","protected":false},"excerpt":{"rendered":"<p>Caf\u00e9 Com Aroma de Mulher: Sebasti\u00e3o cancela a homenagem a Ot\u00e1vio&#8230; No cap\u00edtulo de Caf\u00e9 com Aroma de Mulher desta ter\u00e7a, dia 22, Sebasti\u00e3o cancela&#8230;<\/p>\n","protected":false},"author":1,"featured_media":79322,"comment_status":"closed","ping_status":"closed","sticky":false,"template":"","format":"standard","meta":{"_uf_show_specific_survey":0,"_uf_disable_surveys":false,"_jetpack_memberships_contains_paid_content":false,"footnotes":"","_wp_rev_ctl_limit":""},"categories":[918],"tags":[43,919,64],"class_list":["post-79321","post","type-post","status-publish","format-standard","has-post-thumbnail","hentry","category-cafe-com-aroma-de-mulher","tag-band","tag-cafe-com-aroma-de-mulher","tag-novelas","wpcat-918-id"],"aioseo_notices":[],"jetpack_featured_media_url":"https:\/\/i0.wp.com\/www.tvnovelas.com.br\/tvnews\/wp-content\/uploads\/2025\/07\/11582.jpg?fit=728%2C410&ssl=1","jetpack_shortlink":"https:\/\/wp.me\/pdP2BO-kDn","jetpack_sharing_enabled":true,"_links":{"self":[{"href":"https:\/\/www.tvnovelas.com.br\/tvnews\/wp-json\/wp\/v2\/posts\/79321","targetHints":{"allow":["GET"]}}],"collection":[{"href":"https:\/\/www.tvnovelas.com.br\/tvnews\/wp-json\/wp\/v2\/posts"}],"about":[{"href":"https:\/\/www.tvnovelas.com.br\/tvnews\/wp-json\/wp\/v2\/types\/post"}],"author":[{"embeddable":true,"href":"https:\/\/www.tvnovelas.com.br\/tvnews\/wp-json\/wp\/v2\/users\/1"}],"replies":[{"embeddable":true,"href":"https:\/\/www.tvnovelas.com.br\/tvnews\/wp-json\/wp\/v2\/comments?post=79321"}],"version-history":[{"count":1,"href":"https:\/\/www.tvnovelas.com.br\/tvnews\/wp-json\/wp\/v2\/posts\/79321\/revisions"}],"predecessor-version":[{"id":79323,"href":"https:\/\/www.tvnovelas.com.br\/tvnews\/wp-json\/wp\/v2\/posts\/79321\/revisions\/79323"}],"wp:featuredmedia":[{"embeddable":true,"href":"https:\/\/www.tvnovelas.com.br\/tvnews\/wp-json\/wp\/v2\/media\/79322"}],"wp:attachment":[{"href":"https:\/\/www.tvnovelas.com.br\/tvnews\/wp-json\/wp\/v2\/media?parent=79321"}],"wp:term":[{"taxonomy":"category","embeddable":true,"href":"https:\/\/www.tvnovelas.com.br\/tvnews\/wp-json\/wp\/v2\/categories?post=79321"},{"taxonomy":"post_tag","embeddable":true,"href":"https:\/\/www.tvnovelas.com.br\/tvnews\/wp-json\/wp\/v2\/tags?post=79321"}],"curies":[{"name":"wp","href":"https:\/\/api.w.org\/{rel}","templated":true}]}}