{"id":79326,"date":"2025-07-22T10:14:00","date_gmt":"2025-07-22T13:14:00","guid":{"rendered":"https:\/\/www.tvnovelas.com.br\/tvnews\/?p=79326"},"modified":"2025-07-22T10:17:34","modified_gmt":"2025-07-22T13:17:34","slug":"as-filhas-da-senhora-garcia-ofelia-e-mar-vao-para-a-mansao-dos-portilla","status":"publish","type":"post","link":"https:\/\/www.tvnovelas.com.br\/tvnews\/as-filhas-da-senhora-garcia-ofelia-e-mar-vao-para-a-mansao-dos-portilla\/","title":{"rendered":"As Filhas da Senhora Garcia: Of\u00e9lia e Mar v\u00e3o para a mans\u00e3o dos Portilla"},"content":{"rendered":"<figure id=\"attachment_79327\" aria-describedby=\"caption-attachment-79327\" style=\"width: 728px\" class=\"wp-caption alignnone\"><img data-recalc-dims=\"1\" decoding=\"async\" class=\"wp-image-79327 size-full\" title=\"(Foto: Televisa\/SBT\/As Filhas da Senhora Garcia)\" src=\"https:\/\/i0.wp.com\/www.tvnovelas.com.br\/tvnews\/wp-content\/uploads\/2025\/07\/11583.jpg?resize=728%2C410&#038;ssl=1\" alt=\"Foto em As Filhas da Senhora Garcia: Of\u00e9lia e Mar v\u00e3o para a mans\u00e3o dos Portilla\" width=\"728\" height=\"410\" srcset=\"https:\/\/i0.wp.com\/www.tvnovelas.com.br\/tvnews\/wp-content\/uploads\/2025\/07\/11583.jpg?w=728&amp;ssl=1 728w, https:\/\/i0.wp.com\/www.tvnovelas.com.br\/tvnews\/wp-content\/uploads\/2025\/07\/11583.jpg?resize=250%2C141&amp;ssl=1 250w\" sizes=\"(max-width: 728px) 100vw, 728px\" \/><figcaption id=\"caption-attachment-79327\" class=\"wp-caption-text\">As Filhas da Senhora Garcia: Of\u00e9lia e Mar v\u00e3o para a mans\u00e3o dos Portilla<\/figcaption><\/figure>\n<p>No cap\u00edtulo de As Filhas da Senhora Garcia desta ter\u00e7a, dia 22, Of\u00e9lia, muito contente, diz a Valeria que Arturo ofereceu que ficassem na mans\u00e3o. No entanto, Valeria reage com firmeza e diz que n\u00e3o pretende sair de sua pr\u00f3pria casa. Valeria deixa claro para sua m\u00e3e e para Mar que n\u00e3o vai se enfiar na mans\u00e3o dos Portilla.<\/p>\n<p>Para ela, aceitar a oferta de Arturo significaria abrir m\u00e3o de sua independ\u00eancia \u2014 algo que n\u00e3o est\u00e1 disposta a fazer, mesmo diante do entusiasmo da m\u00e3e.<\/p>\n<p>Para criar conflitos, Paula diz a Camila e Priscila que Arturo convidou a namorada e a fam\u00edlia dela para morarem na mans\u00e3o.<br \/>\nConfira o resumo do cap\u00edtulo de hoje:<\/p>\n<h2 style=\"color: #9929ea;\">Resumo de ter\u00e7a-feira, 22 de julho<\/h2>\n<p>Arturo chega \u00e0 casa de Valeria e a ajuda a consertar o encanamento de \u00e1gua. Nicolas chega e diz que quer saber o que ela, sua m\u00e3e e sua irm\u00e3 est\u00e3o tramando com a fam\u00edlia dele. Arturo sai, e os dois se surpreendem. Valeria diz aos dois que v\u00e3o embora. Nicolas responde a Arturo que ele est\u00e1 colocando seu projeto em risco por causa da irresponsabilidade dele, e que, se o pai cancelar, nunca vai perdo\u00e1-lo. Of\u00e9lia, muito contente, diz a Valeria que Arturo contou o que aconteceu com a casa dela e ofereceu que ficassem na mans\u00e3o. Valeria diz que n\u00e3o sair\u00e1 da pr\u00f3pria casa. Valeria deixa claro para sua m\u00e3e e para Mar que n\u00e3o vai se enfiar na mans\u00e3o dos Portilla. Paula fica incomodada porque Arturo ofereceu que Of\u00e9lia e sua filha morassem na mans\u00e3o enquanto consertam a casa delas. Ele diz que n\u00e3o precisa pedir permiss\u00e3o para isso. Of\u00e9lia fica maravilhada com a mans\u00e3o dos Portilla e diz a Mar que um dia elas v\u00e3o estar nos quartos de luxo. Graciela diz a Luis que a recupera\u00e7\u00e3o de Gloria vai demorar. Ele responde que o bom \u00e9 que contam com a senhora Garcia, e Graciela diz que n\u00e3o confia nessa mulher. Luis lembra que a filha dela doou sangue para salvar Arturo, e por isso n\u00e3o acredita que sejam m\u00e1s pessoas. Priscila entra no quarto de Arturo vestindo apenas roupa \u00edntima. Ele diz que, se est\u00e1 ali como convidada de Camila, n\u00e3o deve entrar no quarto dele, e que ela se lembre de que eles n\u00e3o est\u00e3o mais juntos. Priscila o amea\u00e7a, dizendo que ele vai se arrepender. Mar liga para Valeria para saber como ela est\u00e1 e diz que a escuta mal. Valeria responde que est\u00e1 bem e atendeu apenas para que n\u00e3o fiquem preocupadas, e refor\u00e7a que jamais ir\u00e1 com elas para aquela mans\u00e3o. Mar diz \u00e0 m\u00e3e que Valeria est\u00e1 rouca e que elas deviam ir at\u00e9 l\u00e1 busc\u00e1-la. Of\u00e9lia responde que a irm\u00e3 dela \u00e9 muito teimosa. Para criar conflitos, Paula diz a Camila e Priscila que Arturo convidou a namorada e a fam\u00edlia dela para morarem na mans\u00e3o. Camila diz a Priscila que \u00e9 s\u00f3 por um tempo.<br \/>\n<!--FIM--><\/p>\n<div style=\"font-size: 120%;\"><h3>Confira tamb\u00e9m<\/h3>\r\n<a href=\"https:\/\/tvnovelas.com.br\/novelas\/\" rel=\"noopener\" target=\"_blank\"><strong>Todos os resumos de novelas<\/strong><\/a><\/br>\r\n<a href=\"https:\/\/www.tvnovelas.com.br\/tvnews\/\" rel=\"noopener\" target=\"_blank\"><strong>\u00daltimas not\u00edcias das novelas<\/strong><\/a><\/br>\r\n<a href=\"https:\/\/www.tvnovelas.com.br\/filmes\/\" target=\"_blank\" rel=\"noopener noreferrer\"><strong>Programa\u00e7\u00e3o de filmes na TV aberta<\/strong><\/a><\/br>\r\n<a href=\"https:\/\/caetenews.com.br\/semana\/filmes-da-globo-na-sessao-da-tarde-desta-semana\/\" target=\"_blank\" rel=\"noopener\"><strong>Confira os filmes da semana na Sess\u00e3o da Tarde<\/strong><\/a><\/br>\r\n<a href=\"https:\/\/classindportal.mj.gov.br\/consulta-filmes\" target=\"_blank\" rel=\"noopener\"><strong>Consulte a classifica\u00e7\u00e3o indicativa dos filmes e novelas<\/strong><\/a><\/br><\/div>\n","protected":false},"excerpt":{"rendered":"<p>As Filhas da Senhora Garcia: Of\u00e9lia e Mar&#8230; No cap\u00edtulo de As Filhas da Senhora Garcia desta ter\u00e7a, dia 22, Of\u00e9lia, muito contente, diz a Valeria que Arturo ofereceu&#8230;<\/p>\n","protected":false},"author":1,"featured_media":79327,"comment_status":"closed","ping_status":"closed","sticky":false,"template":"","format":"standard","meta":{"_uf_show_specific_survey":0,"_uf_disable_surveys":false,"_jetpack_memberships_contains_paid_content":false,"footnotes":"","_wp_rev_ctl_limit":""},"categories":[930],"tags":[931,64,13],"class_list":["post-79326","post","type-post","status-publish","format-standard","has-post-thumbnail","hentry","category-as-filhas-da-senhora-garcia","tag-as-filhas-da-senhora-garcia","tag-novelas","tag-sbt","wpcat-930-id"],"aioseo_notices":[],"jetpack_featured_media_url":"https:\/\/i0.wp.com\/www.tvnovelas.com.br\/tvnews\/wp-content\/uploads\/2025\/07\/11583.jpg?fit=728%2C410&ssl=1","jetpack_shortlink":"https:\/\/wp.me\/pdP2BO-kDs","jetpack_sharing_enabled":true,"_links":{"self":[{"href":"https:\/\/www.tvnovelas.com.br\/tvnews\/wp-json\/wp\/v2\/posts\/79326","targetHints":{"allow":["GET"]}}],"collection":[{"href":"https:\/\/www.tvnovelas.com.br\/tvnews\/wp-json\/wp\/v2\/posts"}],"about":[{"href":"https:\/\/www.tvnovelas.com.br\/tvnews\/wp-json\/wp\/v2\/types\/post"}],"author":[{"embeddable":true,"href":"https:\/\/www.tvnovelas.com.br\/tvnews\/wp-json\/wp\/v2\/users\/1"}],"replies":[{"embeddable":true,"href":"https:\/\/www.tvnovelas.com.br\/tvnews\/wp-json\/wp\/v2\/comments?post=79326"}],"version-history":[{"count":1,"href":"https:\/\/www.tvnovelas.com.br\/tvnews\/wp-json\/wp\/v2\/posts\/79326\/revisions"}],"predecessor-version":[{"id":79328,"href":"https:\/\/www.tvnovelas.com.br\/tvnews\/wp-json\/wp\/v2\/posts\/79326\/revisions\/79328"}],"wp:featuredmedia":[{"embeddable":true,"href":"https:\/\/www.tvnovelas.com.br\/tvnews\/wp-json\/wp\/v2\/media\/79327"}],"wp:attachment":[{"href":"https:\/\/www.tvnovelas.com.br\/tvnews\/wp-json\/wp\/v2\/media?parent=79326"}],"wp:term":[{"taxonomy":"category","embeddable":true,"href":"https:\/\/www.tvnovelas.com.br\/tvnews\/wp-json\/wp\/v2\/categories?post=79326"},{"taxonomy":"post_tag","embeddable":true,"href":"https:\/\/www.tvnovelas.com.br\/tvnews\/wp-json\/wp\/v2\/tags?post=79326"}],"curies":[{"name":"wp","href":"https:\/\/api.w.org\/{rel}","templated":true}]}}