{"id":79330,"date":"2025-07-22T10:33:48","date_gmt":"2025-07-22T13:33:48","guid":{"rendered":"https:\/\/www.tvnovelas.com.br\/tvnews\/?p=79330"},"modified":"2025-07-22T10:33:48","modified_gmt":"2025-07-22T13:33:48","slug":"a-caverna-encantada-senor-e-isadora-discutem","status":"publish","type":"post","link":"https:\/\/www.tvnovelas.com.br\/tvnews\/a-caverna-encantada-senor-e-isadora-discutem\/","title":{"rendered":"A Caverna Encantada: Senor e Isadora discutem"},"content":{"rendered":"<figure id=\"attachment_79331\" aria-describedby=\"caption-attachment-79331\" style=\"width: 728px\" class=\"wp-caption alignnone\"><img data-recalc-dims=\"1\" decoding=\"async\" class=\"wp-image-79331 size-full\" title=\"(Foto: SBT\/A Caverna Encantada)\" src=\"https:\/\/i0.wp.com\/www.tvnovelas.com.br\/tvnews\/wp-content\/uploads\/2025\/07\/11584.jpg?resize=728%2C410&#038;ssl=1\" alt=\"Foto em A Caverna Encantada: Senor e Isadora discutem\" width=\"728\" height=\"410\" srcset=\"https:\/\/i0.wp.com\/www.tvnovelas.com.br\/tvnews\/wp-content\/uploads\/2025\/07\/11584.jpg?w=728&amp;ssl=1 728w, https:\/\/i0.wp.com\/www.tvnovelas.com.br\/tvnews\/wp-content\/uploads\/2025\/07\/11584.jpg?resize=250%2C141&amp;ssl=1 250w\" sizes=\"(max-width: 728px) 100vw, 728px\" \/><figcaption id=\"caption-attachment-79331\" class=\"wp-caption-text\">A Caverna Encantada: Senor e Isadora discutem<\/figcaption><\/figure>\n<p>No cap\u00edtulo de A Caverna Encantada desta ter\u00e7a, dia 22, Senor faz Isadora chorar, e Pedro parte para um confronto com ele. Enquanto isso, Lav\u00ednia se veste de Poliana (As Aventuras de Poliana) para tentar se aproximar de Flora, que tem a personagem como sua favorita. Mas Flora afirma que sabe de tudo o que ela e as amigas aprontaram.<\/p>\n<p>E mais: Pilar impede que Mois\u00e9s fuja com seu irm\u00e3o Thomas. Anna e Lav\u00ednia pedem perd\u00e3o por todos os conflitos do passado.<br \/>\n<!--FIM--><\/p>\n<div style=\"font-size: 120%;\"><h3>Confira tamb\u00e9m<\/h3>\r\n<a href=\"https:\/\/tvnovelas.com.br\/novelas\/\" rel=\"noopener\" target=\"_blank\"><strong>Todos os resumos de novelas<\/strong><\/a><\/br>\r\n<a href=\"https:\/\/www.tvnovelas.com.br\/tvnews\/\" rel=\"noopener\" target=\"_blank\"><strong>\u00daltimas not\u00edcias das novelas<\/strong><\/a><\/br>\r\n<a href=\"https:\/\/www.tvnovelas.com.br\/filmes\/\" target=\"_blank\" rel=\"noopener noreferrer\"><strong>Programa\u00e7\u00e3o de filmes na TV aberta<\/strong><\/a><\/br>\r\n<a href=\"https:\/\/caetenews.com.br\/semana\/filmes-da-globo-na-sessao-da-tarde-desta-semana\/\" target=\"_blank\" rel=\"noopener\"><strong>Confira os filmes da semana na Sess\u00e3o da Tarde<\/strong><\/a><\/br>\r\n<a href=\"https:\/\/classindportal.mj.gov.br\/consulta-filmes\" target=\"_blank\" rel=\"noopener\"><strong>Consulte a classifica\u00e7\u00e3o indicativa dos filmes e novelas<\/strong><\/a><\/br><\/div>\n","protected":false},"excerpt":{"rendered":"<p>A Caverna Encantada: Senor e Isadora discutem&#8230;. No cap\u00edtulo de A Caverna Encantada desta ter\u00e7a, dia 22, Senor faz Isadora chora&#8230;<\/p>\n","protected":false},"author":1,"featured_media":79331,"comment_status":"closed","ping_status":"closed","sticky":false,"template":"","format":"standard","meta":{"_uf_show_specific_survey":0,"_uf_disable_surveys":false,"_jetpack_memberships_contains_paid_content":false,"footnotes":"","_wp_rev_ctl_limit":""},"categories":[766],"tags":[767,64,13],"class_list":["post-79330","post","type-post","status-publish","format-standard","has-post-thumbnail","hentry","category-a-caverna-encantada","tag-a-caverna-encantada","tag-novelas","tag-sbt","wpcat-766-id"],"aioseo_notices":[],"jetpack_featured_media_url":"https:\/\/i0.wp.com\/www.tvnovelas.com.br\/tvnews\/wp-content\/uploads\/2025\/07\/11584.jpg?fit=728%2C410&ssl=1","jetpack_shortlink":"https:\/\/wp.me\/pdP2BO-kDw","jetpack_sharing_enabled":true,"_links":{"self":[{"href":"https:\/\/www.tvnovelas.com.br\/tvnews\/wp-json\/wp\/v2\/posts\/79330","targetHints":{"allow":["GET"]}}],"collection":[{"href":"https:\/\/www.tvnovelas.com.br\/tvnews\/wp-json\/wp\/v2\/posts"}],"about":[{"href":"https:\/\/www.tvnovelas.com.br\/tvnews\/wp-json\/wp\/v2\/types\/post"}],"author":[{"embeddable":true,"href":"https:\/\/www.tvnovelas.com.br\/tvnews\/wp-json\/wp\/v2\/users\/1"}],"replies":[{"embeddable":true,"href":"https:\/\/www.tvnovelas.com.br\/tvnews\/wp-json\/wp\/v2\/comments?post=79330"}],"version-history":[{"count":1,"href":"https:\/\/www.tvnovelas.com.br\/tvnews\/wp-json\/wp\/v2\/posts\/79330\/revisions"}],"predecessor-version":[{"id":79332,"href":"https:\/\/www.tvnovelas.com.br\/tvnews\/wp-json\/wp\/v2\/posts\/79330\/revisions\/79332"}],"wp:featuredmedia":[{"embeddable":true,"href":"https:\/\/www.tvnovelas.com.br\/tvnews\/wp-json\/wp\/v2\/media\/79331"}],"wp:attachment":[{"href":"https:\/\/www.tvnovelas.com.br\/tvnews\/wp-json\/wp\/v2\/media?parent=79330"}],"wp:term":[{"taxonomy":"category","embeddable":true,"href":"https:\/\/www.tvnovelas.com.br\/tvnews\/wp-json\/wp\/v2\/categories?post=79330"},{"taxonomy":"post_tag","embeddable":true,"href":"https:\/\/www.tvnovelas.com.br\/tvnews\/wp-json\/wp\/v2\/tags?post=79330"}],"curies":[{"name":"wp","href":"https:\/\/api.w.org\/{rel}","templated":true}]}}