{"id":79349,"date":"2025-07-22T12:07:39","date_gmt":"2025-07-22T15:07:39","guid":{"rendered":"https:\/\/www.tvnovelas.com.br\/tvnews\/?p=79349"},"modified":"2025-07-22T12:07:39","modified_gmt":"2025-07-22T15:07:39","slug":"vale-tudo-fatima-flagra-cesar-na-cama-com-outra","status":"publish","type":"post","link":"https:\/\/www.tvnovelas.com.br\/tvnews\/vale-tudo-fatima-flagra-cesar-na-cama-com-outra\/","title":{"rendered":"Vale Tudo: F\u00e1tima flagra C\u00e9sar na cama com outra"},"content":{"rendered":"<figure id=\"attachment_79350\" aria-describedby=\"caption-attachment-79350\" style=\"width: 728px\" class=\"wp-caption alignnone\"><img data-recalc-dims=\"1\" decoding=\"async\" class=\"wp-image-79350 size-full\" title=\"(Foto: TV Globo\/Vale Tudo)\" src=\"https:\/\/i0.wp.com\/www.tvnovelas.com.br\/tvnews\/wp-content\/uploads\/2025\/07\/11587.jpg?resize=728%2C410&#038;ssl=1\" alt=\"Foto em Vale Tudo: F\u00e1tima flagra C\u00e9sar na cama com outra\" width=\"728\" height=\"410\" srcset=\"https:\/\/i0.wp.com\/www.tvnovelas.com.br\/tvnews\/wp-content\/uploads\/2025\/07\/11587.jpg?w=728&amp;ssl=1 728w, https:\/\/i0.wp.com\/www.tvnovelas.com.br\/tvnews\/wp-content\/uploads\/2025\/07\/11587.jpg?resize=250%2C141&amp;ssl=1 250w\" sizes=\"(max-width: 728px) 100vw, 728px\" \/><figcaption id=\"caption-attachment-79350\" class=\"wp-caption-text\">Vale Tudo: F\u00e1tima flagra C\u00e9sar na cama com outra<\/figcaption><\/figure>\n<p>Em Vale Tudo, F\u00e1tima (Bella Campos) n\u00e3o esconde que detesta ver C\u00e9sar (Cau\u00e3 Reymond) com outras mulheres. A vil\u00e3 acha que o amante deve ser fiel a ela, e n\u00e3o vale argumentar com o fato dela ser casada com Afonso (Humberto Carr\u00e3o). Para F\u00e1tima, o matrim\u00f4nio com o bilion\u00e1rio \u00e9 quase como um momento profissional na carreira de bandida que ela trilha. Mas a jovem ter\u00e1 mais uma decep\u00e7\u00e3o com o parceiro de crimes.<\/p>\n<p>Como tem feito ao longo deste mais de um ano em que est\u00e1 casada, F\u00e1tima inventar\u00e1 uma desculpa ao marido para dar uma escapulida de casa e visitar C\u00e9sar.<\/p>\n<p>\u201cA Nati, minha amiga, ligou e ela n\u00e3o t\u00e1 legal\u201d, mentir\u00e1 ela, que alegar\u00e1 que a amizade imagin\u00e1ria est\u00e1 b\u00eabada e sem dinheiro para pagar a conta do bar.<\/p>\n<p>\u201cN\u00e3o quer que eu v\u00e1 com voc\u00ea?\u201d, se oferecer\u00e1 Afonso.<\/p>\n<p>\u201cDe jeito nenhum&#8230; Que eu sei que voc\u00ea vai odiar esse aluguel. N\u00e3o vou demorar, n\u00e3o\u201d, finalizar\u00e1 ela, que ainda dar\u00e1 um beijinho de despedida no marido.<\/p>\n<p>Mas, assim que sair da mans\u00e3o de Celina (Malu Galli), F\u00e1tima ir\u00e1 direto ao apart-hotel que C\u00e9sar est\u00e1 vivendo. E, ao chegar no apartamento do bonit\u00e3o, ir\u00e1 se deparar com ele na cama&#8230; mas acompanhado de uma modelo.<\/p>\n<p>\u201cEu n\u00e3o acredito nisso, C\u00e9sar!\u201d, reclamar\u00e1 ela, ao flagrar a cena.<br \/>\n<!--FIM--><br \/>\n<strong>Sobre a novela<\/strong><\/p>\n<p><a href=\"https:\/\/wp.me\/pfspD2-U7\" target=\"_blank\" rel=\"noopener\">Vale Tudo: Conflitos de princ\u00edpios e valores (Sinopse)<\/a><\/p>\n<p><a href=\"https:\/\/wp.me\/pfspD2-oI\" target=\"_blank\" rel=\"noopener\">Vale Tudo: Invers\u00e3o de valores no final dos anos 1980<\/a> (Sinopse)<\/p>\n<div style=\"font-size: 120%;\"><h3>Confira tamb\u00e9m<\/h3>\r\n<a href=\"https:\/\/tvnovelas.com.br\/novelas\/\" rel=\"noopener\" target=\"_blank\"><strong>Todos os resumos de novelas<\/strong><\/a><\/br>\r\n<a href=\"https:\/\/www.tvnovelas.com.br\/tvnews\/\" rel=\"noopener\" target=\"_blank\"><strong>\u00daltimas not\u00edcias das novelas<\/strong><\/a><\/br>\r\n<a href=\"https:\/\/www.tvnovelas.com.br\/filmes\/\" target=\"_blank\" rel=\"noopener noreferrer\"><strong>Programa\u00e7\u00e3o de filmes na TV aberta<\/strong><\/a><\/br>\r\n<a href=\"https:\/\/caetenews.com.br\/semana\/filmes-da-globo-na-sessao-da-tarde-desta-semana\/\" target=\"_blank\" rel=\"noopener\"><strong>Confira os filmes da semana na Sess\u00e3o da Tarde<\/strong><\/a><\/br>\r\n<a href=\"https:\/\/classindportal.mj.gov.br\/consulta-filmes\" target=\"_blank\" rel=\"noopener\"><strong>Consulte a classifica\u00e7\u00e3o indicativa dos filmes e novelas<\/strong><\/a><\/br><br \/>\n&lt;\/div<\/div>\n","protected":false},"excerpt":{"rendered":"<p>Vale Tudo: F\u00e1tima flagra C\u00e9sar na cama com outra&#8230; Em Vale Tudo, F\u00e1tima (Bella Campos) n\u00e3o esconde que detesta ver C\u00e9sar com outras mulheres&#8230;<\/p>\n","protected":false},"author":1,"featured_media":79350,"comment_status":"closed","ping_status":"closed","sticky":false,"template":"","format":"standard","meta":{"_uf_show_specific_survey":0,"_uf_disable_surveys":false,"_jetpack_memberships_contains_paid_content":false,"footnotes":"","_wp_rev_ctl_limit":""},"categories":[871],"tags":[5,64,801],"class_list":["post-79349","post","type-post","status-publish","format-standard","has-post-thumbnail","hentry","category-vale-tudo","tag-globo","tag-novelas","tag-vale-tudo","wpcat-871-id"],"aioseo_notices":[],"jetpack_featured_media_url":"https:\/\/i0.wp.com\/www.tvnovelas.com.br\/tvnews\/wp-content\/uploads\/2025\/07\/11587.jpg?fit=728%2C410&ssl=1","jetpack_shortlink":"https:\/\/wp.me\/pdP2BO-kDP","jetpack_sharing_enabled":true,"_links":{"self":[{"href":"https:\/\/www.tvnovelas.com.br\/tvnews\/wp-json\/wp\/v2\/posts\/79349","targetHints":{"allow":["GET"]}}],"collection":[{"href":"https:\/\/www.tvnovelas.com.br\/tvnews\/wp-json\/wp\/v2\/posts"}],"about":[{"href":"https:\/\/www.tvnovelas.com.br\/tvnews\/wp-json\/wp\/v2\/types\/post"}],"author":[{"embeddable":true,"href":"https:\/\/www.tvnovelas.com.br\/tvnews\/wp-json\/wp\/v2\/users\/1"}],"replies":[{"embeddable":true,"href":"https:\/\/www.tvnovelas.com.br\/tvnews\/wp-json\/wp\/v2\/comments?post=79349"}],"version-history":[{"count":1,"href":"https:\/\/www.tvnovelas.com.br\/tvnews\/wp-json\/wp\/v2\/posts\/79349\/revisions"}],"predecessor-version":[{"id":79351,"href":"https:\/\/www.tvnovelas.com.br\/tvnews\/wp-json\/wp\/v2\/posts\/79349\/revisions\/79351"}],"wp:featuredmedia":[{"embeddable":true,"href":"https:\/\/www.tvnovelas.com.br\/tvnews\/wp-json\/wp\/v2\/media\/79350"}],"wp:attachment":[{"href":"https:\/\/www.tvnovelas.com.br\/tvnews\/wp-json\/wp\/v2\/media?parent=79349"}],"wp:term":[{"taxonomy":"category","embeddable":true,"href":"https:\/\/www.tvnovelas.com.br\/tvnews\/wp-json\/wp\/v2\/categories?post=79349"},{"taxonomy":"post_tag","embeddable":true,"href":"https:\/\/www.tvnovelas.com.br\/tvnews\/wp-json\/wp\/v2\/tags?post=79349"}],"curies":[{"name":"wp","href":"https:\/\/api.w.org\/{rel}","templated":true}]}}