{"id":79377,"date":"2025-07-23T08:18:19","date_gmt":"2025-07-23T11:18:19","guid":{"rendered":"https:\/\/www.tvnovelas.com.br\/tvnews\/?p=79377"},"modified":"2025-07-23T08:18:19","modified_gmt":"2025-07-23T11:18:19","slug":"eta-mundo-melhor-apos-castigo-cruel-samir-foge-para-casa-de-candinho","status":"publish","type":"post","link":"https:\/\/www.tvnovelas.com.br\/tvnews\/eta-mundo-melhor-apos-castigo-cruel-samir-foge-para-casa-de-candinho\/","title":{"rendered":"\u00cata Mundo Melhor!: Ap\u00f3s castigo cruel, Samir foge para casa de Candinho"},"content":{"rendered":"<figure id=\"attachment_79378\" aria-describedby=\"caption-attachment-79378\" style=\"width: 728px\" class=\"wp-caption alignnone\"><img data-recalc-dims=\"1\" decoding=\"async\" class=\"wp-image-79378 size-full\" title=\"(Foto: TV Globo\/\u00cata Mundo Melhor!)\" src=\"https:\/\/i0.wp.com\/www.tvnovelas.com.br\/tvnews\/wp-content\/uploads\/2025\/07\/11589.jpg?resize=728%2C409&#038;ssl=1\" alt=\"Foto em \u00cata Mundo Melhor!: Ap\u00f3s castigo cruel, Samir foge para casa de Candinho\" width=\"728\" height=\"409\" srcset=\"https:\/\/i0.wp.com\/www.tvnovelas.com.br\/tvnews\/wp-content\/uploads\/2025\/07\/11589.jpg?w=728&amp;ssl=1 728w, https:\/\/i0.wp.com\/www.tvnovelas.com.br\/tvnews\/wp-content\/uploads\/2025\/07\/11589.jpg?resize=250%2C140&amp;ssl=1 250w\" sizes=\"(max-width: 728px) 100vw, 728px\" \/><figcaption id=\"caption-attachment-79378\" class=\"wp-caption-text\">\u00cata Mundo Melhor!: Ap\u00f3s castigo cruel, Samir foge para casa de Candinho<\/figcaption><\/figure>\n<p>Em \u00cata Mundo Melhor!, Zulma (Heloisa P\u00e9riss\u00e9) vai mostrar sua crueldade. Ap\u00f3s flagrar Candinho (Sergio Guiz\u00e9) e Samir (Davi Malizia) juntos e concluir que eles s\u00e3o pai e filho, a dona do abrigo decide aplicar um castigo severo no menino, na tentativa de separ\u00e1-lo de vez do caipira.<\/p>\n<p>&#8220;Hoje voc\u00ea fica sem jantar. Portou-se muito mal na rua. Deu conversa para um homem muito estranho e ainda riu de mim quando aquele burro horr\u00edvel me atacou&#8221;, ela diz, se referindo ao coice que vai levar de Policarpo.<\/p>\n<p>Revoltado, Samir toma uma atitude perigosa: ele pula a janela, foge de casa e vai para a mans\u00e3o de Candinho, j\u00e1 que o caipira ter\u00e1 lhe dado o endere\u00e7o.<\/p>\n<p>Ao chegar l\u00e1, Samir grita por Candinho:<\/p>\n<p>&#8220;Samir, que surpresa dimais di boa! Oc\u00ea veio visit\u00e1 eu, foi?&#8221;<\/p>\n<p>&#8220;Estou com fome, Candinho!&#8221;, implora Samir.<\/p>\n<h2>Sobre a novela:<\/h2>\n<p><a href=\"https:\/\/tvnovelas.com.br\/page2\/arquivo\/eta-mundo-melhor-a-volta-de-candinho-e-policarpo\/&quot;\" target=\"_blank\" rel=\"noopener\">\u00cata Mundo Melhor!: A volta de Candinho e Policarpo<\/a> (Sinopse)<br \/>\n<a href=\"https:\/\/pt.wikipedia.org\/wiki\/%C3%8Ata_Mundo_Melhor!\" target=\"_blank\" rel=\"noopener\">Sobre \u00cata Mundo Melhor!, na Wikipedia<\/a><\/p>\n<div style=\"font-size: 120%;\"><h3>Confira tamb\u00e9m<\/h3>\r\n<a href=\"https:\/\/tvnovelas.com.br\/novelas\/\" rel=\"noopener\" target=\"_blank\"><strong>Todos os resumos de novelas<\/strong><\/a><\/br>\r\n<a href=\"https:\/\/www.tvnovelas.com.br\/tvnews\/\" rel=\"noopener\" target=\"_blank\"><strong>\u00daltimas not\u00edcias das novelas<\/strong><\/a><\/br>\r\n<a href=\"https:\/\/www.tvnovelas.com.br\/filmes\/\" target=\"_blank\" rel=\"noopener noreferrer\"><strong>Programa\u00e7\u00e3o de filmes na TV aberta<\/strong><\/a><\/br>\r\n<a href=\"https:\/\/caetenews.com.br\/semana\/filmes-da-globo-na-sessao-da-tarde-desta-semana\/\" target=\"_blank\" rel=\"noopener\"><strong>Confira os filmes da semana na Sess\u00e3o da Tarde<\/strong><\/a><\/br>\r\n<a href=\"https:\/\/classindportal.mj.gov.br\/consulta-filmes\" target=\"_blank\" rel=\"noopener\"><strong>Consulte a classifica\u00e7\u00e3o indicativa dos filmes e novelas<\/strong><\/a><\/br><\/div>\n","protected":false},"excerpt":{"rendered":"<p>\u00cata Mundo Melhor!: Ap\u00f3s castigo cruel, Samir foge&#8230; Em \u00cata Mundo Melhor!, Zulma (Heloisa P\u00e9riss\u00e9) vai mostrar sua crueldade. Ap\u00f3s flagrar Candinho&#8230;<\/p>\n","protected":false},"author":1,"featured_media":79378,"comment_status":"closed","ping_status":"closed","sticky":false,"template":"","format":"standard","meta":{"_uf_show_specific_survey":0,"_uf_disable_surveys":false,"_jetpack_memberships_contains_paid_content":false,"footnotes":"","_wp_rev_ctl_limit":""},"categories":[920],"tags":[736,921,5,64],"class_list":["post-79377","post","type-post","status-publish","format-standard","has-post-thumbnail","hentry","category-eta-mundo-melhor","tag-castigo","tag-eta-mundo-melhor","tag-globo","tag-novelas","wpcat-920-id"],"aioseo_notices":[],"jetpack_featured_media_url":"https:\/\/i0.wp.com\/www.tvnovelas.com.br\/tvnews\/wp-content\/uploads\/2025\/07\/11589.jpg?fit=728%2C409&ssl=1","jetpack_shortlink":"https:\/\/wp.me\/pdP2BO-kEh","jetpack_sharing_enabled":true,"_links":{"self":[{"href":"https:\/\/www.tvnovelas.com.br\/tvnews\/wp-json\/wp\/v2\/posts\/79377","targetHints":{"allow":["GET"]}}],"collection":[{"href":"https:\/\/www.tvnovelas.com.br\/tvnews\/wp-json\/wp\/v2\/posts"}],"about":[{"href":"https:\/\/www.tvnovelas.com.br\/tvnews\/wp-json\/wp\/v2\/types\/post"}],"author":[{"embeddable":true,"href":"https:\/\/www.tvnovelas.com.br\/tvnews\/wp-json\/wp\/v2\/users\/1"}],"replies":[{"embeddable":true,"href":"https:\/\/www.tvnovelas.com.br\/tvnews\/wp-json\/wp\/v2\/comments?post=79377"}],"version-history":[{"count":1,"href":"https:\/\/www.tvnovelas.com.br\/tvnews\/wp-json\/wp\/v2\/posts\/79377\/revisions"}],"predecessor-version":[{"id":79379,"href":"https:\/\/www.tvnovelas.com.br\/tvnews\/wp-json\/wp\/v2\/posts\/79377\/revisions\/79379"}],"wp:featuredmedia":[{"embeddable":true,"href":"https:\/\/www.tvnovelas.com.br\/tvnews\/wp-json\/wp\/v2\/media\/79378"}],"wp:attachment":[{"href":"https:\/\/www.tvnovelas.com.br\/tvnews\/wp-json\/wp\/v2\/media?parent=79377"}],"wp:term":[{"taxonomy":"category","embeddable":true,"href":"https:\/\/www.tvnovelas.com.br\/tvnews\/wp-json\/wp\/v2\/categories?post=79377"},{"taxonomy":"post_tag","embeddable":true,"href":"https:\/\/www.tvnovelas.com.br\/tvnews\/wp-json\/wp\/v2\/tags?post=79377"}],"curies":[{"name":"wp","href":"https:\/\/api.w.org\/{rel}","templated":true}]}}