{"id":79381,"date":"2025-07-23T08:30:43","date_gmt":"2025-07-23T11:30:43","guid":{"rendered":"https:\/\/www.tvnovelas.com.br\/tvnews\/?p=79381"},"modified":"2025-07-23T08:30:43","modified_gmt":"2025-07-23T11:30:43","slug":"dona-de-mim-jaques-manipula-davi-contra-o-proprio-pai","status":"publish","type":"post","link":"https:\/\/www.tvnovelas.com.br\/tvnews\/dona-de-mim-jaques-manipula-davi-contra-o-proprio-pai\/","title":{"rendered":"Dona de Mim: Jaques manipula Davi contra o pr\u00f3prio pai"},"content":{"rendered":"<figure id=\"attachment_79382\" aria-describedby=\"caption-attachment-79382\" style=\"width: 728px\" class=\"wp-caption alignnone\"><img data-recalc-dims=\"1\" decoding=\"async\" class=\"wp-image-79382 size-full\" title=\"(Foto: TV Globo\/Dona de Mim)\" src=\"https:\/\/i0.wp.com\/www.tvnovelas.com.br\/tvnews\/wp-content\/uploads\/2025\/07\/11590.jpg?resize=728%2C410&#038;ssl=1\" alt=\"Foto em Dona de Mim: Jaques manipula Davi contra o pr\u00f3prio pai\" width=\"728\" height=\"410\" srcset=\"https:\/\/i0.wp.com\/www.tvnovelas.com.br\/tvnews\/wp-content\/uploads\/2025\/07\/11590.jpg?w=728&amp;ssl=1 728w, https:\/\/i0.wp.com\/www.tvnovelas.com.br\/tvnews\/wp-content\/uploads\/2025\/07\/11590.jpg?resize=250%2C141&amp;ssl=1 250w\" sizes=\"(max-width: 728px) 100vw, 728px\" \/><figcaption id=\"caption-attachment-79382\" class=\"wp-caption-text\">Dona de Mim: Jaques manipula Davi contra o pr\u00f3prio pai<\/figcaption><\/figure>\n<p>Em Dona de Mim, Davi (Rafael Vitti) sempre se sentiu preterido por Abel (Tony Ramos) em rela\u00e7\u00e3o a Samuel (Juan Paiva). E Jaques (Marcello Novaes) ir\u00e1 se aproveitar disso. O vil\u00e3o ir\u00e1 notar o sobrinho chateado ap\u00f3s uma briga com o irm\u00e3o e ir\u00e1 manipul\u00e1-lo contra Samuel e o pr\u00f3prio pai. Vem saber mais!<\/p>\n<p>Jaques contar\u00e1 a Davi que Abel ir\u00e1 lhe entregar a presid\u00eancia da Boaz para ficar com Sofia e ir\u00e1 fazer o sobrinho entender o seu lado apesar da chantagem.<\/p>\n<p>\u201cEu e Abel temos um acordo. Ele vai me entregar a presid\u00eancia da Boaz e o Vanderson desiste da guarda da Sofia\u201d, afirma Jaques, na maior cara de pau.<\/p>\n<p>\u201cEnt\u00e3o era por isso que meu pai estava esquisito de manh\u00e3. Ele n\u00e3o me falou nada&#8230; Mesmo eu morando na mans\u00e3o, ele n\u00e3o confia em mim. Voc\u00ea chantageou meu pai, tio\u201d, diz Davi.<\/p>\n<p>\u201cFoi o \u00fanico jeito que encontrei de sair da sombra dele. Ele n\u00e3o facilita. Nunca ia me deixar crescer\u201d, responde Jaques.<\/p>\n<p>E Jaques ainda tentar\u00e1 seduzir Davi, dizendo que ele poder\u00e1 crescer na empresa da fam\u00edlia durante a sua gest\u00e3o.<\/p>\n<p>\u201cVoc\u00ea devia estar pensando \u00e9 no seu futuro. Na minha gest\u00e3o, quero que voc\u00ea tenha as chances que eu n\u00e3o tive. J\u00e1 pensou em ser meu bra\u00e7o direito? Assumir \u201cresponsabilidades, ter poder&#8230;\u201d, diz Jaques.<\/p>\n<p>&#8220;Sei l\u00e1, tio. Voc\u00ea falando assim, parece que eu estou traindo o meu pai\u201d, reage Davi.<\/p>\n<p>Mas Jaques insistir\u00e1 na l\u00e1bia para tentar trazer Davi para o seu lado.<\/p>\n<p>\u201cQuero te ver feliz e vou fazer de tudo pra que isso aconte\u00e7a.\u201d<br \/>\n<!--FIM--><br \/>\n<strong>Sobre a novela<\/strong><br \/>\n<a href=\"https:\/\/wp.me\/pfspD2-UO\" target=\"_blank\" rel=\"noopener\">Dona de Mim: A trama da novela<\/a><br \/>\n<a href=\"https:\/\/wp.me\/pfspD2-UG\" target=\"_blank\" rel=\"noopener\">Dona de Mim: A fam\u00edlia Boaz e seu imp\u00e9rio de lingerie<\/a><\/p>\n<div style=\"font-size: 120%;\"><h3>Confira tamb\u00e9m<\/h3>\r\n<a href=\"https:\/\/tvnovelas.com.br\/novelas\/\" rel=\"noopener\" target=\"_blank\"><strong>Todos os resumos de novelas<\/strong><\/a><\/br>\r\n<a href=\"https:\/\/www.tvnovelas.com.br\/tvnews\/\" rel=\"noopener\" target=\"_blank\"><strong>\u00daltimas not\u00edcias das novelas<\/strong><\/a><\/br>\r\n<a href=\"https:\/\/www.tvnovelas.com.br\/filmes\/\" target=\"_blank\" rel=\"noopener noreferrer\"><strong>Programa\u00e7\u00e3o de filmes na TV aberta<\/strong><\/a><\/br>\r\n<a href=\"https:\/\/caetenews.com.br\/semana\/filmes-da-globo-na-sessao-da-tarde-desta-semana\/\" target=\"_blank\" rel=\"noopener\"><strong>Confira os filmes da semana na Sess\u00e3o da Tarde<\/strong><\/a><\/br>\r\n<a href=\"https:\/\/classindportal.mj.gov.br\/consulta-filmes\" target=\"_blank\" rel=\"noopener\"><strong>Consulte a classifica\u00e7\u00e3o indicativa dos filmes e novelas<\/strong><\/a><\/br><\/div>\n","protected":false},"excerpt":{"rendered":"<p>Dona de Mim: Jaques manipula Davi contra o pr\u00f3prio pai&#8230; Em Dona de Mim, Davi (Rafael Vitti) sempre se sentiu preterido por Abel (Tony Ramos) em rela\u00e7\u00e3o&#8230;<\/p>\n","protected":false},"author":1,"featured_media":79382,"comment_status":"closed","ping_status":"closed","sticky":false,"template":"","format":"standard","meta":{"_uf_show_specific_survey":0,"_uf_disable_surveys":false,"_jetpack_memberships_contains_paid_content":false,"footnotes":"","_wp_rev_ctl_limit":""},"categories":[884],"tags":[883,5,64],"class_list":["post-79381","post","type-post","status-publish","format-standard","has-post-thumbnail","hentry","category-dona-de-mim","tag-dona-de-mim","tag-globo","tag-novelas","wpcat-884-id"],"aioseo_notices":[],"jetpack_featured_media_url":"https:\/\/i0.wp.com\/www.tvnovelas.com.br\/tvnews\/wp-content\/uploads\/2025\/07\/11590.jpg?fit=728%2C410&ssl=1","jetpack_shortlink":"https:\/\/wp.me\/pdP2BO-kEl","jetpack_sharing_enabled":true,"_links":{"self":[{"href":"https:\/\/www.tvnovelas.com.br\/tvnews\/wp-json\/wp\/v2\/posts\/79381","targetHints":{"allow":["GET"]}}],"collection":[{"href":"https:\/\/www.tvnovelas.com.br\/tvnews\/wp-json\/wp\/v2\/posts"}],"about":[{"href":"https:\/\/www.tvnovelas.com.br\/tvnews\/wp-json\/wp\/v2\/types\/post"}],"author":[{"embeddable":true,"href":"https:\/\/www.tvnovelas.com.br\/tvnews\/wp-json\/wp\/v2\/users\/1"}],"replies":[{"embeddable":true,"href":"https:\/\/www.tvnovelas.com.br\/tvnews\/wp-json\/wp\/v2\/comments?post=79381"}],"version-history":[{"count":1,"href":"https:\/\/www.tvnovelas.com.br\/tvnews\/wp-json\/wp\/v2\/posts\/79381\/revisions"}],"predecessor-version":[{"id":79383,"href":"https:\/\/www.tvnovelas.com.br\/tvnews\/wp-json\/wp\/v2\/posts\/79381\/revisions\/79383"}],"wp:featuredmedia":[{"embeddable":true,"href":"https:\/\/www.tvnovelas.com.br\/tvnews\/wp-json\/wp\/v2\/media\/79382"}],"wp:attachment":[{"href":"https:\/\/www.tvnovelas.com.br\/tvnews\/wp-json\/wp\/v2\/media?parent=79381"}],"wp:term":[{"taxonomy":"category","embeddable":true,"href":"https:\/\/www.tvnovelas.com.br\/tvnews\/wp-json\/wp\/v2\/categories?post=79381"},{"taxonomy":"post_tag","embeddable":true,"href":"https:\/\/www.tvnovelas.com.br\/tvnews\/wp-json\/wp\/v2\/tags?post=79381"}],"curies":[{"name":"wp","href":"https:\/\/api.w.org\/{rel}","templated":true}]}}