{"id":79401,"date":"2025-07-23T11:33:40","date_gmt":"2025-07-23T14:33:40","guid":{"rendered":"https:\/\/www.tvnovelas.com.br\/tvnews\/?p=79401"},"modified":"2025-07-23T11:33:40","modified_gmt":"2025-07-23T14:33:40","slug":"vale-tudo-solange-desmaia-e-e-socorrida-por-afonso","status":"publish","type":"post","link":"https:\/\/www.tvnovelas.com.br\/tvnews\/vale-tudo-solange-desmaia-e-e-socorrida-por-afonso\/","title":{"rendered":"Vale Tudo: Solange desmaia e \u00e9 socorrida por Afonso"},"content":{"rendered":"<p><img data-recalc-dims=\"1\" decoding=\"async\" class=\"alignnone wp-image-79402 size-full\" title=\"(Foto: TV Globo\/Vale Tudo)\" src=\"https:\/\/i0.wp.com\/www.tvnovelas.com.br\/tvnews\/wp-content\/uploads\/2025\/07\/11593.jpg?resize=728%2C409&#038;ssl=1\" alt=\"Foto em Vale Tudo: Solange desmaia e \u00e9 socorrida por Afonso\" width=\"728\" height=\"409\" srcset=\"https:\/\/i0.wp.com\/www.tvnovelas.com.br\/tvnews\/wp-content\/uploads\/2025\/07\/11593.jpg?w=728&amp;ssl=1 728w, https:\/\/i0.wp.com\/www.tvnovelas.com.br\/tvnews\/wp-content\/uploads\/2025\/07\/11593.jpg?resize=250%2C140&amp;ssl=1 250w\" sizes=\"(max-width: 728px) 100vw, 728px\" \/><\/p>\n<p>Em Vale Tudo, A \u00faltima vez em que Afonso (Humberto Carr\u00e3o) e Solange (Alice Wegmann) se encontraram n\u00e3o foi das melhores. Na ocasi\u00e3o, o bilion\u00e1rio estava acompanhado de seguran\u00e7as para expulsar a ex da festa de casamento dele, ap\u00f3s a mo\u00e7a ter dado um tapa na cara de F\u00e1tima (Bella Campos). Mas, mesmo com o tempo, quando se virem novamente, ficar\u00e1 evidente que ainda existe sentimento entre os dois.<\/p>\n<p>O ex-casal se encontrar\u00e1 em um bistr\u00f4 enquanto ele estiver de sa\u00edda e ela, de chegada. L\u00f3gico que a campanha de F\u00e1tima dirigida por Solange ser\u00e1 o assunto.<\/p>\n<p>\u201cE voc\u00ea? Feliz com o sucesso da sua ador\u00e1vel esposa?\u201d, provocar\u00e1 ela.<\/p>\n<p>\u201cEu n\u00e3o vou entrar em nenhuma discuss\u00e3o com voc\u00ea sobre a F\u00e1tima\u201d, devolver\u00e1 ele.<\/p>\n<p>Eles v\u00e3o entrar em uma discuss\u00e3o na qual a diretora far\u00e1 quest\u00e3o de lembrar ao ex que qualquer problema que ela tenha com F\u00e1tima diz respeito somente \u00e0s duas.<\/p>\n<p>\u201cVoc\u00ea se acha, n\u00e9, Afonso? Pode ficar sabendo que eu t\u00f4 \u00f3tima sem voc\u00ea. E que eu n\u00e3o sinto nenhuma saudade de nada do que a gente viveu. E agora, com licen\u00e7a. Que eu tenho hora pra comer, porque eu sou diab\u00e9tica.\u201d<\/p>\n<p>Por\u00e9m, antes que possa perceber, Solange ir\u00e1 desmaiar por conta de um epis\u00f3dio de hipoglicemia e ser\u00e1 socorrida na hora por Afonso. A diretora vai acordar no colo do ex, com ele dando um suco para ela.<\/p>\n<p>\u201cEu j\u00e1 vou levantar, me ajuda aqui\u201d, dir\u00e1 Solange, enquanto recupera os sentidos.<\/p>\n<p>\u201cN\u00e3o, fica aqui mais um pouquinho no meu colo\u201d, dir\u00e1 Afonso. \u201cEu tomei um susto quando voc\u00ea apagou&#8230; Ainda bem que eu consegui te pegar, sen\u00e3o voc\u00ea podia ter batido a cabe\u00e7a.\u201d<br \/>\n<!--FIM--><br \/>\n<strong>Sobre a novela<\/strong><\/p>\n<p><a href=\"https:\/\/wp.me\/pfspD2-U7\" target=\"_blank\" rel=\"noopener\">Vale Tudo: Conflitos de princ\u00edpios e valores (Sinopse)<\/a><\/p>\n<p><a href=\"https:\/\/wp.me\/pfspD2-oI\" target=\"_blank\" rel=\"noopener\">Vale Tudo: Invers\u00e3o de valores no final dos anos 1980<\/a> (Sinopse)<\/p>\n<div style=\"font-size: 120%;\"><h3>Confira tamb\u00e9m<\/h3>\r\n<a href=\"https:\/\/tvnovelas.com.br\/novelas\/\" rel=\"noopener\" target=\"_blank\"><strong>Todos os resumos de novelas<\/strong><\/a><\/br>\r\n<a href=\"https:\/\/www.tvnovelas.com.br\/tvnews\/\" rel=\"noopener\" target=\"_blank\"><strong>\u00daltimas not\u00edcias das novelas<\/strong><\/a><\/br>\r\n<a href=\"https:\/\/www.tvnovelas.com.br\/filmes\/\" target=\"_blank\" rel=\"noopener noreferrer\"><strong>Programa\u00e7\u00e3o de filmes na TV aberta<\/strong><\/a><\/br>\r\n<a href=\"https:\/\/caetenews.com.br\/semana\/filmes-da-globo-na-sessao-da-tarde-desta-semana\/\" target=\"_blank\" rel=\"noopener\"><strong>Confira os filmes da semana na Sess\u00e3o da Tarde<\/strong><\/a><\/br>\r\n<a href=\"https:\/\/classindportal.mj.gov.br\/consulta-filmes\" target=\"_blank\" rel=\"noopener\"><strong>Consulte a classifica\u00e7\u00e3o indicativa dos filmes e novelas<\/strong><\/a><\/br><br \/>\n&lt;\/div<\/div>\n","protected":false},"excerpt":{"rendered":"<p>Vale Tudo: Solange desmaia e \u00e9 socorrida por Afonso&#8230; Em Vale Tudo, A \u00faltima vez em que Afonso e Solange se encontraram n\u00e3o foi das melhores&#8230;<\/p>\n","protected":false},"author":1,"featured_media":79402,"comment_status":"closed","ping_status":"closed","sticky":false,"template":"","format":"standard","meta":{"_uf_show_specific_survey":0,"_uf_disable_surveys":false,"_jetpack_memberships_contains_paid_content":false,"footnotes":"","_wp_rev_ctl_limit":""},"categories":[871],"tags":[5,64,801],"class_list":["post-79401","post","type-post","status-publish","format-standard","has-post-thumbnail","hentry","category-vale-tudo","tag-globo","tag-novelas","tag-vale-tudo","wpcat-871-id"],"aioseo_notices":[],"jetpack_featured_media_url":"https:\/\/i0.wp.com\/www.tvnovelas.com.br\/tvnews\/wp-content\/uploads\/2025\/07\/11593.jpg?fit=728%2C409&ssl=1","jetpack_shortlink":"https:\/\/wp.me\/pdP2BO-kEF","jetpack_sharing_enabled":true,"_links":{"self":[{"href":"https:\/\/www.tvnovelas.com.br\/tvnews\/wp-json\/wp\/v2\/posts\/79401","targetHints":{"allow":["GET"]}}],"collection":[{"href":"https:\/\/www.tvnovelas.com.br\/tvnews\/wp-json\/wp\/v2\/posts"}],"about":[{"href":"https:\/\/www.tvnovelas.com.br\/tvnews\/wp-json\/wp\/v2\/types\/post"}],"author":[{"embeddable":true,"href":"https:\/\/www.tvnovelas.com.br\/tvnews\/wp-json\/wp\/v2\/users\/1"}],"replies":[{"embeddable":true,"href":"https:\/\/www.tvnovelas.com.br\/tvnews\/wp-json\/wp\/v2\/comments?post=79401"}],"version-history":[{"count":1,"href":"https:\/\/www.tvnovelas.com.br\/tvnews\/wp-json\/wp\/v2\/posts\/79401\/revisions"}],"predecessor-version":[{"id":79403,"href":"https:\/\/www.tvnovelas.com.br\/tvnews\/wp-json\/wp\/v2\/posts\/79401\/revisions\/79403"}],"wp:featuredmedia":[{"embeddable":true,"href":"https:\/\/www.tvnovelas.com.br\/tvnews\/wp-json\/wp\/v2\/media\/79402"}],"wp:attachment":[{"href":"https:\/\/www.tvnovelas.com.br\/tvnews\/wp-json\/wp\/v2\/media?parent=79401"}],"wp:term":[{"taxonomy":"category","embeddable":true,"href":"https:\/\/www.tvnovelas.com.br\/tvnews\/wp-json\/wp\/v2\/categories?post=79401"},{"taxonomy":"post_tag","embeddable":true,"href":"https:\/\/www.tvnovelas.com.br\/tvnews\/wp-json\/wp\/v2\/tags?post=79401"}],"curies":[{"name":"wp","href":"https:\/\/api.w.org\/{rel}","templated":true}]}}