{"id":79420,"date":"2025-07-23T16:05:01","date_gmt":"2025-07-23T19:05:01","guid":{"rendered":"https:\/\/www.tvnovelas.com.br\/tvnews\/?p=79420"},"modified":"2025-07-24T08:39:50","modified_gmt":"2025-07-24T11:39:50","slug":"eta-mundo-melhor-zulma-ofende-policarpo-e-leva-um-coice","status":"publish","type":"post","link":"https:\/\/www.tvnovelas.com.br\/tvnews\/eta-mundo-melhor-zulma-ofende-policarpo-e-leva-um-coice\/","title":{"rendered":"\u00cata Mundo Melhor!: Zulma ofende Policarpo e leva um coice"},"content":{"rendered":"<figure id=\"attachment_79421\" aria-describedby=\"caption-attachment-79421\" style=\"width: 728px\" class=\"wp-caption alignnone\"><img data-recalc-dims=\"1\" decoding=\"async\" class=\"wp-image-79421 size-full\" title=\"(Foto: TV Globo\/\u00cata Mundo Melhor!)\" src=\"https:\/\/i0.wp.com\/www.tvnovelas.com.br\/tvnews\/wp-content\/uploads\/2025\/07\/11596.jpg?resize=728%2C409&#038;ssl=1\" alt=\"Foto em \u00cata Mundo Melhor!: Zulma ofende Policarpo e leva um coice\" width=\"728\" height=\"409\" srcset=\"https:\/\/i0.wp.com\/www.tvnovelas.com.br\/tvnews\/wp-content\/uploads\/2025\/07\/11596.jpg?w=728&amp;ssl=1 728w, https:\/\/i0.wp.com\/www.tvnovelas.com.br\/tvnews\/wp-content\/uploads\/2025\/07\/11596.jpg?resize=250%2C140&amp;ssl=1 250w\" sizes=\"(max-width: 728px) 100vw, 728px\" \/><figcaption id=\"caption-attachment-79421\" class=\"wp-caption-text\">\u00cata Mundo Melhor!: Zulma ofende Policarpo e leva um coice<\/figcaption><\/figure>\n<p>Em \u00cata Mundo Melhor!, Apavorada ao ver Candinho (Sergio Guiz\u00e9) e Samir (Davi Malizia) juntos e concluir que eles s\u00e3o pai e filho, Zulma (Heloisa P\u00e9riss\u00e9) se apressa para impedir qualquer chance de amizade entre eles. Mas, at\u00e9 Policarpo se alegra com o encontro entre os dois e se agita.<\/p>\n<p>&#8220;Ele t\u00e1 dizendo que oc\u00ea \u00e9 parecido com eu! Oc\u00ea veio da ro\u00e7a tumb\u00e9m?&#8221;, explica Candinho sobre a rea\u00e7\u00e3o de seu fiel companheiro.<\/p>\n<p>&#8220;Eu n\u00e3o sei de onde vim&#8230;&#8221;<\/p>\n<p>&#8220;Arre, mais como num sabe? Pregunta pros seus pai, eles contam proc\u00ea!&#8221;, diz Candinho.<\/p>\n<p>Nisso, Zulma chega e repreende Samir pela fuga. Ela passa um sufoco ao perceber o entrosamento entre os dois, com direito a Samir dizendo com todas as letras que quer ficar com Candinho. Policarpo, por sua vez, se enfurece com a presen\u00e7a de Zulma e zurra forte sempre que ela se faz de santa.<\/p>\n<p>&#8220;Policarpo disse que a sinhora num parece princesa, n\u00e3o, parece bruxa&#8221;, traduz Candinho.<\/p>\n<p>&#8220;Que burro desaforado!&#8221;, grita Zulma.<\/p>\n<p>Ofendido com a rea\u00e7\u00e3o de Zulma, Policarpo d\u00e1 um coice na vil\u00e3, que vai parar longe com a pancada. Irritada, Zulma se levanta e vai embora, sem perceber que Candinho entrega a Samir um bilhete com seu endere\u00e7o:<\/p>\n<p>&#8220;Samir, aqui t\u00e1 o meu endere\u00e7o. Quando quis\u00e9 vai me visit\u00e1.&#8221;<br \/>\n<!--FIM DO POST--><\/p>\n<h2>Sobre a novela:<\/h2>\n<p><a href=\"https:\/\/tvnovelas.com.br\/page2\/arquivo\/eta-mundo-melhor-a-volta-de-candinho-e-policarpo\/&quot;\" target=\"_blank\" rel=\"noopener\">\u00cata Mundo Melhor!: A volta de Candinho e Policarpo<\/a> (Sinopse)<br \/>\n<a href=\"https:\/\/pt.wikipedia.org\/wiki\/%C3%8Ata_Mundo_Melhor!\" target=\"_blank\" rel=\"noopener\">Sobre \u00cata Mundo Melhor!, na Wikipedia<\/a><\/p>\n<div style=\"font-size: 120%;\"><h3>Confira tamb\u00e9m<\/h3>\r\n<a href=\"https:\/\/tvnovelas.com.br\/novelas\/\" rel=\"noopener\" target=\"_blank\"><strong>Todos os resumos de novelas<\/strong><\/a><\/br>\r\n<a href=\"https:\/\/www.tvnovelas.com.br\/tvnews\/\" rel=\"noopener\" target=\"_blank\"><strong>\u00daltimas not\u00edcias das novelas<\/strong><\/a><\/br>\r\n<a href=\"https:\/\/www.tvnovelas.com.br\/filmes\/\" target=\"_blank\" rel=\"noopener noreferrer\"><strong>Programa\u00e7\u00e3o de filmes na TV aberta<\/strong><\/a><\/br>\r\n<a href=\"https:\/\/caetenews.com.br\/semana\/filmes-da-globo-na-sessao-da-tarde-desta-semana\/\" target=\"_blank\" rel=\"noopener\"><strong>Confira os filmes da semana na Sess\u00e3o da Tarde<\/strong><\/a><\/br>\r\n<a href=\"https:\/\/classindportal.mj.gov.br\/consulta-filmes\" target=\"_blank\" rel=\"noopener\"><strong>Consulte a classifica\u00e7\u00e3o indicativa dos filmes e novelas<\/strong><\/a><\/br><\/div>\n","protected":false},"excerpt":{"rendered":"<p>\u00cata Mundo Melhor!: Zulma ofende Policarpo e leva um coice&#8230; Em \u00cata Mundo Melhor!, Apavorada ao ver Candinho (Sergio Guiz\u00e9) e Samir&#8230;<\/p>\n","protected":false},"author":1,"featured_media":79421,"comment_status":"closed","ping_status":"closed","sticky":false,"template":"","format":"standard","meta":{"_uf_show_specific_survey":0,"_uf_disable_surveys":false,"_jetpack_memberships_contains_paid_content":false,"footnotes":"","_wp_rev_ctl_limit":""},"categories":[920],"tags":[921,5,64],"class_list":["post-79420","post","type-post","status-publish","format-standard","has-post-thumbnail","hentry","category-eta-mundo-melhor","tag-eta-mundo-melhor","tag-globo","tag-novelas","wpcat-920-id"],"aioseo_notices":[],"jetpack_featured_media_url":"https:\/\/i0.wp.com\/www.tvnovelas.com.br\/tvnews\/wp-content\/uploads\/2025\/07\/11596.jpg?fit=728%2C409&ssl=1","jetpack_shortlink":"https:\/\/wp.me\/pdP2BO-kEY","jetpack_sharing_enabled":true,"_links":{"self":[{"href":"https:\/\/www.tvnovelas.com.br\/tvnews\/wp-json\/wp\/v2\/posts\/79420","targetHints":{"allow":["GET"]}}],"collection":[{"href":"https:\/\/www.tvnovelas.com.br\/tvnews\/wp-json\/wp\/v2\/posts"}],"about":[{"href":"https:\/\/www.tvnovelas.com.br\/tvnews\/wp-json\/wp\/v2\/types\/post"}],"author":[{"embeddable":true,"href":"https:\/\/www.tvnovelas.com.br\/tvnews\/wp-json\/wp\/v2\/users\/1"}],"replies":[{"embeddable":true,"href":"https:\/\/www.tvnovelas.com.br\/tvnews\/wp-json\/wp\/v2\/comments?post=79420"}],"version-history":[{"count":2,"href":"https:\/\/www.tvnovelas.com.br\/tvnews\/wp-json\/wp\/v2\/posts\/79420\/revisions"}],"predecessor-version":[{"id":79457,"href":"https:\/\/www.tvnovelas.com.br\/tvnews\/wp-json\/wp\/v2\/posts\/79420\/revisions\/79457"}],"wp:featuredmedia":[{"embeddable":true,"href":"https:\/\/www.tvnovelas.com.br\/tvnews\/wp-json\/wp\/v2\/media\/79421"}],"wp:attachment":[{"href":"https:\/\/www.tvnovelas.com.br\/tvnews\/wp-json\/wp\/v2\/media?parent=79420"}],"wp:term":[{"taxonomy":"category","embeddable":true,"href":"https:\/\/www.tvnovelas.com.br\/tvnews\/wp-json\/wp\/v2\/categories?post=79420"},{"taxonomy":"post_tag","embeddable":true,"href":"https:\/\/www.tvnovelas.com.br\/tvnews\/wp-json\/wp\/v2\/tags?post=79420"}],"curies":[{"name":"wp","href":"https:\/\/api.w.org\/{rel}","templated":true}]}}