{"id":79425,"date":"2025-07-23T17:11:53","date_gmt":"2025-07-23T20:11:53","guid":{"rendered":"https:\/\/www.tvnovelas.com.br\/tvnews\/?p=79425"},"modified":"2025-07-23T17:11:53","modified_gmt":"2025-07-23T20:11:53","slug":"dona-de-mim-sofia-diz-que-nao-quer-morar-com-vanderson","status":"publish","type":"post","link":"https:\/\/www.tvnovelas.com.br\/tvnews\/dona-de-mim-sofia-diz-que-nao-quer-morar-com-vanderson\/","title":{"rendered":"Dona de Mim: Sofia diz que n\u00e3o quer morar com Vanderson"},"content":{"rendered":"<figure id=\"attachment_79426\" aria-describedby=\"caption-attachment-79426\" style=\"width: 727px\" class=\"wp-caption alignnone\"><img data-recalc-dims=\"1\" decoding=\"async\" class=\"wp-image-79426 size-full\" title=\"(Foto: TV Globo\/Dona de Mim)\" src=\"https:\/\/i0.wp.com\/www.tvnovelas.com.br\/tvnews\/wp-content\/uploads\/2025\/07\/11597.jpg?resize=727%2C410&#038;ssl=1\" alt=\"Foto em Dona de Mim: Sofia diz que n\u00e3o quer morar com Vanderson\" width=\"727\" height=\"410\" srcset=\"https:\/\/i0.wp.com\/www.tvnovelas.com.br\/tvnews\/wp-content\/uploads\/2025\/07\/11597.jpg?w=727&amp;ssl=1 727w, https:\/\/i0.wp.com\/www.tvnovelas.com.br\/tvnews\/wp-content\/uploads\/2025\/07\/11597.jpg?resize=250%2C141&amp;ssl=1 250w\" sizes=\"(max-width: 727px) 100vw, 727px\" \/><figcaption id=\"caption-attachment-79426\" class=\"wp-caption-text\">Dona de Mim: Sofia diz que n\u00e3o quer morar com Vanderson<\/figcaption><\/figure>\n<p>Em Dona de Mim, Abel (Tony Ramos) precisar\u00e1 ter uma conversa s\u00e9ria com Sofia (Elis Cabral), e n\u00e3o vai ser nada f\u00e1cil para nenhum dos dois. Ap\u00f3s o juiz determinar que a guarda da menina fique com o pai biol\u00f3gico, Vanderson (Armando Babaioff), Abel dar\u00e1 a not\u00edcia a Sofia, que entrar\u00e1 em p\u00e2nico. Sofia dir\u00e1 a Abel que n\u00e3o quer morar com Vanderson, e ele prometer\u00e1 lutar por ela&#8230;<\/p>\n<p>\u201cAconteceu uma coisa nova que a gente n\u00e3o esperava. Agora voc\u00ea vai poder ter outro quarto, outra casa com o pai Vanderson\u201d, diz ele, tentando ser leve.<\/p>\n<p>\u201cEu n\u00e3o quero outra casa\u201d, reage ela.<\/p>\n<p>&#8220;\u00c0s vezes, a gente n\u00e3o quer algumas coisas, e elas acontecem na nossa vida. Mas voc\u00ea vai continuar tendo essa casa aqui, s\u00f3 que agora vai ficar mais tempo na outra\u201d, explica Abel.<\/p>\n<p>\u201cEnt\u00e3o, eu n\u00e3o vou. Fala que eu n\u00e3o vou! Papai! N\u00e3o deixa eu ir morar com ele n\u00e3o!\u201d, implora Sofia.<\/p>\n<p>Sofia ainda sentir\u00e1 como se n\u00e3o tivesse mais espa\u00e7o para ela na mans\u00e3o dos Boaz.<\/p>\n<p>\u201cEu me comporto! Nunca mais dou susto! N\u00e3o me manda embora, papai!\u201d, pede ela.<\/p>\n<p>\u201cPapai nunca vai te mandar embora, meu amor. O juiz, que \u00e9 tipo um chef\u00e3o da justi\u00e7a, foi ele que decidiu que seria bom voc\u00ea morar um pouco com o seu outro pai. O Vanderson\u201d, explica.<\/p>\n<p>\u201cEsse juiz \u00e9 mau! Nem me perguntou! N\u00e3o quero!\u201d, reclama ela.<\/p>\n<p>Abel, ent\u00e3o, prometer\u00e1 lutar para ficar com Sofia.<\/p>\n<p>\u201cPapai tamb\u00e9m n\u00e3o quer, meu amor. Papai vai lutar por voc\u00ea. Entendeu? Nunca vou desistir.\u201d<br \/>\n<!--FIM--><br \/>\n<strong>Sobre a novela<\/strong><br \/>\n<a href=\"https:\/\/wp.me\/pfspD2-UO\" target=\"_blank\" rel=\"noopener\">Dona de Mim: A trama da novela<\/a><br \/>\n<a href=\"https:\/\/wp.me\/pfspD2-UG\" target=\"_blank\" rel=\"noopener\">Dona de Mim: A fam\u00edlia Boaz e seu imp\u00e9rio de lingerie<\/a><\/p>\n<div style=\"font-size: 120%;\"><h3>Confira tamb\u00e9m<\/h3>\r\n<a href=\"https:\/\/tvnovelas.com.br\/novelas\/\" rel=\"noopener\" target=\"_blank\"><strong>Todos os resumos de novelas<\/strong><\/a><\/br>\r\n<a href=\"https:\/\/www.tvnovelas.com.br\/tvnews\/\" rel=\"noopener\" target=\"_blank\"><strong>\u00daltimas not\u00edcias das novelas<\/strong><\/a><\/br>\r\n<a href=\"https:\/\/www.tvnovelas.com.br\/filmes\/\" target=\"_blank\" rel=\"noopener noreferrer\"><strong>Programa\u00e7\u00e3o de filmes na TV aberta<\/strong><\/a><\/br>\r\n<a href=\"https:\/\/caetenews.com.br\/semana\/filmes-da-globo-na-sessao-da-tarde-desta-semana\/\" target=\"_blank\" rel=\"noopener\"><strong>Confira os filmes da semana na Sess\u00e3o da Tarde<\/strong><\/a><\/br>\r\n<a href=\"https:\/\/classindportal.mj.gov.br\/consulta-filmes\" target=\"_blank\" rel=\"noopener\"><strong>Consulte a classifica\u00e7\u00e3o indicativa dos filmes e novelas<\/strong><\/a><\/br><\/div>\n","protected":false},"excerpt":{"rendered":"<p>Dona de Mim: Sofia diz que n\u00e3o quer morar com Vanderson&#8230; Em Dona de Mim, Abel (Tony Ramos) precisar\u00e1 ter uma conversa s\u00e9ria com Sofia&#8230;<\/p>\n","protected":false},"author":1,"featured_media":79426,"comment_status":"closed","ping_status":"closed","sticky":false,"template":"","format":"standard","meta":{"_uf_show_specific_survey":0,"_uf_disable_surveys":false,"_jetpack_memberships_contains_paid_content":false,"footnotes":"","_wp_rev_ctl_limit":""},"categories":[884],"tags":[883,5,64],"class_list":["post-79425","post","type-post","status-publish","format-standard","has-post-thumbnail","hentry","category-dona-de-mim","tag-dona-de-mim","tag-globo","tag-novelas","wpcat-884-id"],"aioseo_notices":[],"jetpack_featured_media_url":"https:\/\/i0.wp.com\/www.tvnovelas.com.br\/tvnews\/wp-content\/uploads\/2025\/07\/11597.jpg?fit=727%2C410&ssl=1","jetpack_shortlink":"https:\/\/wp.me\/pdP2BO-kF3","jetpack_sharing_enabled":true,"_links":{"self":[{"href":"https:\/\/www.tvnovelas.com.br\/tvnews\/wp-json\/wp\/v2\/posts\/79425","targetHints":{"allow":["GET"]}}],"collection":[{"href":"https:\/\/www.tvnovelas.com.br\/tvnews\/wp-json\/wp\/v2\/posts"}],"about":[{"href":"https:\/\/www.tvnovelas.com.br\/tvnews\/wp-json\/wp\/v2\/types\/post"}],"author":[{"embeddable":true,"href":"https:\/\/www.tvnovelas.com.br\/tvnews\/wp-json\/wp\/v2\/users\/1"}],"replies":[{"embeddable":true,"href":"https:\/\/www.tvnovelas.com.br\/tvnews\/wp-json\/wp\/v2\/comments?post=79425"}],"version-history":[{"count":1,"href":"https:\/\/www.tvnovelas.com.br\/tvnews\/wp-json\/wp\/v2\/posts\/79425\/revisions"}],"predecessor-version":[{"id":79427,"href":"https:\/\/www.tvnovelas.com.br\/tvnews\/wp-json\/wp\/v2\/posts\/79425\/revisions\/79427"}],"wp:featuredmedia":[{"embeddable":true,"href":"https:\/\/www.tvnovelas.com.br\/tvnews\/wp-json\/wp\/v2\/media\/79426"}],"wp:attachment":[{"href":"https:\/\/www.tvnovelas.com.br\/tvnews\/wp-json\/wp\/v2\/media?parent=79425"}],"wp:term":[{"taxonomy":"category","embeddable":true,"href":"https:\/\/www.tvnovelas.com.br\/tvnews\/wp-json\/wp\/v2\/categories?post=79425"},{"taxonomy":"post_tag","embeddable":true,"href":"https:\/\/www.tvnovelas.com.br\/tvnews\/wp-json\/wp\/v2\/tags?post=79425"}],"curies":[{"name":"wp","href":"https:\/\/api.w.org\/{rel}","templated":true}]}}