{"id":79459,"date":"2025-07-24T08:48:43","date_gmt":"2025-07-24T11:48:43","guid":{"rendered":"https:\/\/www.tvnovelas.com.br\/tvnews\/?p=79459"},"modified":"2025-07-24T08:48:43","modified_gmt":"2025-07-24T11:48:43","slug":"dona-de-mim-filipa-recebe-diagnostico-do-psiquiatra","status":"publish","type":"post","link":"https:\/\/www.tvnovelas.com.br\/tvnews\/dona-de-mim-filipa-recebe-diagnostico-do-psiquiatra\/","title":{"rendered":"Dona de Mim: Filipa recebe diagn\u00f3stico do psiquiatra"},"content":{"rendered":"<figure id=\"attachment_79460\" aria-describedby=\"caption-attachment-79460\" style=\"width: 727px\" class=\"wp-caption alignnone\"><img data-recalc-dims=\"1\" decoding=\"async\" class=\"wp-image-79460 size-full\" title=\"(Foto: TV Globo\/Dona de Mim)\" src=\"https:\/\/i0.wp.com\/www.tvnovelas.com.br\/tvnews\/wp-content\/uploads\/2025\/07\/11599.jpg?resize=727%2C410&#038;ssl=1\" alt=\"Foto em Dona de Mim: Filipa recebe diagn\u00f3stico do psiquiatra\" width=\"727\" height=\"410\" srcset=\"https:\/\/i0.wp.com\/www.tvnovelas.com.br\/tvnews\/wp-content\/uploads\/2025\/07\/11599.jpg?w=727&amp;ssl=1 727w, https:\/\/i0.wp.com\/www.tvnovelas.com.br\/tvnews\/wp-content\/uploads\/2025\/07\/11599.jpg?resize=250%2C141&amp;ssl=1 250w\" sizes=\"(max-width: 727px) 100vw, 727px\" \/><figcaption id=\"caption-attachment-79460\" class=\"wp-caption-text\">Dona de Mim: Filipa recebe diagn\u00f3stico do psiquiatra<\/figcaption><\/figure>\n<p>Em Dona de Mim, Filipa (Cl\u00e1udia Abreu) sempre foi uma mulher intensa, que vai da alegria extrema \u00e0 tristeza profunda em pouco tempo. Mas isso est\u00e1 come\u00e7ando a incomod\u00e1-la. Ent\u00e3o, depois de algumas sess\u00f5es de terapia, a artista vai procurar um psiquiatra, que dar\u00e1 o diagn\u00f3stico sobre o caso dela. Nos pr\u00f3ximos cap\u00edtulos de Dona de Mim, Filipa vai descobrir que, na verdade, sofre de transtorno bipolar.<\/p>\n<p>Na terapia, a psic\u00f3loga ir\u00e1 sugerir trabalho conjunto com um psiquiatra, o que deixar\u00e1 Filipa ansiosa e sem conseguir dormir.<\/p>\n<p>\u201cEu nunca tive que ir num psiquiatra! Eu estou ansiosa! Nunca viu ningu\u00e9m ansioso!?\u201d<\/p>\n<p>E, ent\u00e3o, um tempo depois, no consult\u00f3rio, Filipa ouvir\u00e1 do m\u00e9dico que tem transtorno bipolar e ficar\u00e1 assustada.<\/p>\n<p>\u201cFilipa, ningu\u00e9m possui a verdade absoluta. S\u00f3 que conversando com a sua analista, nas nossas consultas, avalia\u00e7\u00f5es, indica sim um quadro compat\u00edvel com um transtorno bipolar\u201d, diz ele.<\/p>\n<p>\u201cEssa palavra assusta. Como eu peguei isso?\u201d, questiona ela.<\/p>\n<p>\u201cOlha, fatores gen\u00e9ticos s\u00e3o levados em considera\u00e7\u00e3o, bem como fatores fisiopatol\u00f3gicos, mas situa\u00e7\u00f5es traum\u00e1ticas muito intensas tamb\u00e9m podem agravar\u201d, explica ele.<\/p>\n<p>\u201cComo eu fico curada?\u201d, pergunta.<\/p>\n<p>\u201cN\u00e3o tem cura. Existe tratamento, profilaxia pra evitar as crises, psicoterapia, temos uma s\u00e9rie de ferramentas para te ajudar a aprender a conviver com o transtorno. Com a medica\u00e7\u00e3o certa, psicoterapia, um estilo de vida mais saud\u00e1vel&#8230; o cen\u00e1rio muda\u201d, diz o m\u00e9dico.<br \/>\n<!--FIM--><br \/>\n<strong>Sobre a novela<\/strong><br \/>\n<a href=\"https:\/\/wp.me\/pfspD2-UO\" target=\"_blank\" rel=\"noopener\">Dona de Mim: A trama da novela<\/a><br \/>\n<a href=\"https:\/\/wp.me\/pfspD2-UG\" target=\"_blank\" rel=\"noopener\">Dona de Mim: A fam\u00edlia Boaz e seu imp\u00e9rio de lingerie<\/a><\/p>\n<div style=\"font-size: 120%;\"><h3>Confira tamb\u00e9m<\/h3>\r\n<a href=\"https:\/\/tvnovelas.com.br\/novelas\/\" rel=\"noopener\" target=\"_blank\"><strong>Todos os resumos de novelas<\/strong><\/a><\/br>\r\n<a href=\"https:\/\/www.tvnovelas.com.br\/tvnews\/\" rel=\"noopener\" target=\"_blank\"><strong>\u00daltimas not\u00edcias das novelas<\/strong><\/a><\/br>\r\n<a href=\"https:\/\/www.tvnovelas.com.br\/filmes\/\" target=\"_blank\" rel=\"noopener noreferrer\"><strong>Programa\u00e7\u00e3o de filmes na TV aberta<\/strong><\/a><\/br>\r\n<a href=\"https:\/\/caetenews.com.br\/semana\/filmes-da-globo-na-sessao-da-tarde-desta-semana\/\" target=\"_blank\" rel=\"noopener\"><strong>Confira os filmes da semana na Sess\u00e3o da Tarde<\/strong><\/a><\/br>\r\n<a href=\"https:\/\/classindportal.mj.gov.br\/consulta-filmes\" target=\"_blank\" rel=\"noopener\"><strong>Consulte a classifica\u00e7\u00e3o indicativa dos filmes e novelas<\/strong><\/a><\/br><\/div>\n","protected":false},"excerpt":{"rendered":"<p>Dona de Mim: Filipa recebe diagn\u00f3stico do psiquiatra&#8230; Em Dona de Mim, Filipa (Cl\u00e1udia Abreu) sempre foi uma mulher intensa, que vai da alegria extrema&#8230;<\/p>\n","protected":false},"author":1,"featured_media":79460,"comment_status":"closed","ping_status":"closed","sticky":false,"template":"","format":"standard","meta":{"_uf_show_specific_survey":0,"_uf_disable_surveys":false,"_jetpack_memberships_contains_paid_content":false,"footnotes":"","_wp_rev_ctl_limit":""},"categories":[884],"tags":[883,5,64],"class_list":["post-79459","post","type-post","status-publish","format-standard","has-post-thumbnail","hentry","category-dona-de-mim","tag-dona-de-mim","tag-globo","tag-novelas","wpcat-884-id"],"aioseo_notices":[],"jetpack_featured_media_url":"https:\/\/i0.wp.com\/www.tvnovelas.com.br\/tvnews\/wp-content\/uploads\/2025\/07\/11599.jpg?fit=727%2C410&ssl=1","jetpack_shortlink":"https:\/\/wp.me\/pdP2BO-kFB","jetpack_sharing_enabled":true,"_links":{"self":[{"href":"https:\/\/www.tvnovelas.com.br\/tvnews\/wp-json\/wp\/v2\/posts\/79459","targetHints":{"allow":["GET"]}}],"collection":[{"href":"https:\/\/www.tvnovelas.com.br\/tvnews\/wp-json\/wp\/v2\/posts"}],"about":[{"href":"https:\/\/www.tvnovelas.com.br\/tvnews\/wp-json\/wp\/v2\/types\/post"}],"author":[{"embeddable":true,"href":"https:\/\/www.tvnovelas.com.br\/tvnews\/wp-json\/wp\/v2\/users\/1"}],"replies":[{"embeddable":true,"href":"https:\/\/www.tvnovelas.com.br\/tvnews\/wp-json\/wp\/v2\/comments?post=79459"}],"version-history":[{"count":1,"href":"https:\/\/www.tvnovelas.com.br\/tvnews\/wp-json\/wp\/v2\/posts\/79459\/revisions"}],"predecessor-version":[{"id":79461,"href":"https:\/\/www.tvnovelas.com.br\/tvnews\/wp-json\/wp\/v2\/posts\/79459\/revisions\/79461"}],"wp:featuredmedia":[{"embeddable":true,"href":"https:\/\/www.tvnovelas.com.br\/tvnews\/wp-json\/wp\/v2\/media\/79460"}],"wp:attachment":[{"href":"https:\/\/www.tvnovelas.com.br\/tvnews\/wp-json\/wp\/v2\/media?parent=79459"}],"wp:term":[{"taxonomy":"category","embeddable":true,"href":"https:\/\/www.tvnovelas.com.br\/tvnews\/wp-json\/wp\/v2\/categories?post=79459"},{"taxonomy":"post_tag","embeddable":true,"href":"https:\/\/www.tvnovelas.com.br\/tvnews\/wp-json\/wp\/v2\/tags?post=79459"}],"curies":[{"name":"wp","href":"https:\/\/api.w.org\/{rel}","templated":true}]}}