{"id":79464,"date":"2025-07-24T09:01:43","date_gmt":"2025-07-24T12:01:43","guid":{"rendered":"https:\/\/www.tvnovelas.com.br\/tvnews\/?p=79464"},"modified":"2025-07-24T09:01:43","modified_gmt":"2025-07-24T12:01:43","slug":"vale-tudo-marco-aurelio-e-ivan-trocam-socos","status":"publish","type":"post","link":"https:\/\/www.tvnovelas.com.br\/tvnews\/vale-tudo-marco-aurelio-e-ivan-trocam-socos\/","title":{"rendered":"Vale Tudo: Marco Aur\u00e9lio e Ivan trocam socos"},"content":{"rendered":"<figure id=\"attachment_79465\" aria-describedby=\"caption-attachment-79465\" style=\"width: 728px\" class=\"wp-caption alignnone\"><img data-recalc-dims=\"1\" decoding=\"async\" class=\"wp-image-79465 size-full\" title=\"(Foto: TV Globo\/Vale Tudo)\" src=\"https:\/\/i0.wp.com\/www.tvnovelas.com.br\/tvnews\/wp-content\/uploads\/2025\/07\/11600.jpg?resize=728%2C410&#038;ssl=1\" alt=\"Foto em Vale Tudo: Marco Aur\u00e9lio e Ivan trocam socos\" width=\"728\" height=\"410\" srcset=\"https:\/\/i0.wp.com\/www.tvnovelas.com.br\/tvnews\/wp-content\/uploads\/2025\/07\/11600.jpg?w=728&amp;ssl=1 728w, https:\/\/i0.wp.com\/www.tvnovelas.com.br\/tvnews\/wp-content\/uploads\/2025\/07\/11600.jpg?resize=250%2C141&amp;ssl=1 250w\" sizes=\"(max-width: 728px) 100vw, 728px\" \/><figcaption id=\"caption-attachment-79465\" class=\"wp-caption-text\">Vale Tudo: Marco Aur\u00e9lio e Ivan trocam socos<\/figcaption><\/figure>\n<p>Em Vale Tudo, Nos \u00faltimos tempos, Heleninha (Paolla Oliveira) e Marco Aur\u00e9lio (Alexandre Nero) t\u00eam tido uma rela\u00e7\u00e3o calma se comparada \u00e0 conviv\u00eancia que o ex-casal tinha antes. Mas, os dois voltar\u00e3o a entrar em rota de colis\u00e3o por conta do futuro de Tiago (Pedro Waddington). Por\u00e9m, desta vez, a discuss\u00e3o chegar\u00e1 a um ponto que Ivan (Renato G\u00f3es) ter\u00e1 que se envolver para defender a esposa.<\/p>\n<p>Acontece que Tiago decidiu seguir uma carreira art\u00edstica, tal qual a m\u00e3e, o que deixou Marco Aur\u00e9lio extremamente frustrado. O executivo ir\u00e1 \u00e0 mans\u00e3o de Celina (Malu Galli) para discutir com a ex-esposa.<\/p>\n<p>\u201cDesculpa se eu discordo de voc\u00ea e se isso \u00e9 desgastante. Mas eu acho que o Tiago tem que fazer o que ele tiver vontade\u201d, defender\u00e1 a pintora.<\/p>\n<p>\u201cVoc\u00ea acha isso porque \u00e9 uma mimada. Porque tem uma fam\u00edlia que fica atr\u00e1s de voc\u00ea fazendo controle de danos! N\u00e3o \u00e9 poss\u00edvel que voc\u00ea n\u00e3o entenda isso!\u201d, responder\u00e1 Marco Aur\u00e9lio, j\u00e1 gritando.<\/p>\n<p>Aos berros, o executivo come\u00e7ar\u00e1 a partir para viol\u00eancia verbal contra a ex, o que chamar\u00e1 a aten\u00e7\u00e3o de Ivan.<\/p>\n<p>\u201cIdiota \u00e9 voc\u00ea que t\u00e1 sempre procurando a resposta pra tudo no fundo de uma garrafa de u\u00edsque!\u201d, dir\u00e1 ele.<\/p>\n<p>\u201cVoc\u00ea \u00e9 um monstro, Marco Aur\u00e9lio!\u201d, responder\u00e1 Heleninha, j\u00e1 chorando.<\/p>\n<p>\u201cClaro, chora! Chora e depois bebe pra ver se melhora\u201d, continuar\u00e1 ele.<\/p>\n<p>\u201cCala a boca!\u201d, dir\u00e1 Ivan, j\u00e1 soltando um soco daqueles na cara de Marco Aur\u00e9lio, que, por sua vez, ir\u00e1 retribuir na hora, com outro murro.<br \/>\n<!--FIM--><br \/>\n<strong>Sobre a novela<\/strong><\/p>\n<p><a href=\"https:\/\/wp.me\/pfspD2-U7\" target=\"_blank\" rel=\"noopener\">Vale Tudo: Conflitos de princ\u00edpios e valores (Sinopse)<\/a><\/p>\n<p><a href=\"https:\/\/wp.me\/pfspD2-oI\" target=\"_blank\" rel=\"noopener\">Vale Tudo: Invers\u00e3o de valores no final dos anos 1980<\/a> (Sinopse)<\/p>\n<div style=\"font-size: 120%;\"><h3>Confira tamb\u00e9m<\/h3>\r\n<a href=\"https:\/\/tvnovelas.com.br\/novelas\/\" rel=\"noopener\" target=\"_blank\"><strong>Todos os resumos de novelas<\/strong><\/a><\/br>\r\n<a href=\"https:\/\/www.tvnovelas.com.br\/tvnews\/\" rel=\"noopener\" target=\"_blank\"><strong>\u00daltimas not\u00edcias das novelas<\/strong><\/a><\/br>\r\n<a href=\"https:\/\/www.tvnovelas.com.br\/filmes\/\" target=\"_blank\" rel=\"noopener noreferrer\"><strong>Programa\u00e7\u00e3o de filmes na TV aberta<\/strong><\/a><\/br>\r\n<a href=\"https:\/\/caetenews.com.br\/semana\/filmes-da-globo-na-sessao-da-tarde-desta-semana\/\" target=\"_blank\" rel=\"noopener\"><strong>Confira os filmes da semana na Sess\u00e3o da Tarde<\/strong><\/a><\/br>\r\n<a href=\"https:\/\/classindportal.mj.gov.br\/consulta-filmes\" target=\"_blank\" rel=\"noopener\"><strong>Consulte a classifica\u00e7\u00e3o indicativa dos filmes e novelas<\/strong><\/a><\/br><br \/>\n&lt;\/div<\/div>\n","protected":false},"excerpt":{"rendered":"<p>Vale Tudo: Marco Aur\u00e9lio e Ivan trocam socos&#8230; Em Vale Tudo, Nos \u00faltimos tempos, Heleninha (Paolla Oliveira) e Marco Aur\u00e9lio (Alexandre Nero) t\u00eam tido&#8230;<\/p>\n","protected":false},"author":1,"featured_media":79465,"comment_status":"closed","ping_status":"closed","sticky":false,"template":"","format":"standard","meta":{"_uf_show_specific_survey":0,"_uf_disable_surveys":false,"_jetpack_memberships_contains_paid_content":false,"footnotes":"","_wp_rev_ctl_limit":""},"categories":[871],"tags":[5,64,801],"class_list":["post-79464","post","type-post","status-publish","format-standard","has-post-thumbnail","hentry","category-vale-tudo","tag-globo","tag-novelas","tag-vale-tudo","wpcat-871-id"],"aioseo_notices":[],"jetpack_featured_media_url":"https:\/\/i0.wp.com\/www.tvnovelas.com.br\/tvnews\/wp-content\/uploads\/2025\/07\/11600.jpg?fit=728%2C410&ssl=1","jetpack_shortlink":"https:\/\/wp.me\/pdP2BO-kFG","jetpack_sharing_enabled":true,"_links":{"self":[{"href":"https:\/\/www.tvnovelas.com.br\/tvnews\/wp-json\/wp\/v2\/posts\/79464","targetHints":{"allow":["GET"]}}],"collection":[{"href":"https:\/\/www.tvnovelas.com.br\/tvnews\/wp-json\/wp\/v2\/posts"}],"about":[{"href":"https:\/\/www.tvnovelas.com.br\/tvnews\/wp-json\/wp\/v2\/types\/post"}],"author":[{"embeddable":true,"href":"https:\/\/www.tvnovelas.com.br\/tvnews\/wp-json\/wp\/v2\/users\/1"}],"replies":[{"embeddable":true,"href":"https:\/\/www.tvnovelas.com.br\/tvnews\/wp-json\/wp\/v2\/comments?post=79464"}],"version-history":[{"count":1,"href":"https:\/\/www.tvnovelas.com.br\/tvnews\/wp-json\/wp\/v2\/posts\/79464\/revisions"}],"predecessor-version":[{"id":79466,"href":"https:\/\/www.tvnovelas.com.br\/tvnews\/wp-json\/wp\/v2\/posts\/79464\/revisions\/79466"}],"wp:featuredmedia":[{"embeddable":true,"href":"https:\/\/www.tvnovelas.com.br\/tvnews\/wp-json\/wp\/v2\/media\/79465"}],"wp:attachment":[{"href":"https:\/\/www.tvnovelas.com.br\/tvnews\/wp-json\/wp\/v2\/media?parent=79464"}],"wp:term":[{"taxonomy":"category","embeddable":true,"href":"https:\/\/www.tvnovelas.com.br\/tvnews\/wp-json\/wp\/v2\/categories?post=79464"},{"taxonomy":"post_tag","embeddable":true,"href":"https:\/\/www.tvnovelas.com.br\/tvnews\/wp-json\/wp\/v2\/tags?post=79464"}],"curies":[{"name":"wp","href":"https:\/\/api.w.org\/{rel}","templated":true}]}}