{"id":79473,"date":"2025-07-24T09:59:47","date_gmt":"2025-07-24T12:59:47","guid":{"rendered":"https:\/\/www.tvnovelas.com.br\/tvnews\/?p=79473"},"modified":"2025-07-24T09:59:47","modified_gmt":"2025-07-24T12:59:47","slug":"as-filhas-da-senhora-garcia-paula-acusa-mar-de-roubar-perfume-de-cecilia","status":"publish","type":"post","link":"https:\/\/www.tvnovelas.com.br\/tvnews\/as-filhas-da-senhora-garcia-paula-acusa-mar-de-roubar-perfume-de-cecilia\/","title":{"rendered":"As Filhas da Senhora Garcia: Paula acusa Mar de roubar perfume de Cec\u00edlia"},"content":{"rendered":"<figure id=\"attachment_79474\" aria-describedby=\"caption-attachment-79474\" style=\"width: 728px\" class=\"wp-caption alignnone\"><img data-recalc-dims=\"1\" decoding=\"async\" class=\"wp-image-79474 size-full\" title=\"(Foto: Televisa\/SBT\/As Filhas da Senhora Garcia)\" src=\"https:\/\/i0.wp.com\/www.tvnovelas.com.br\/tvnews\/wp-content\/uploads\/2025\/07\/11602.jpg?resize=728%2C410&#038;ssl=1\" alt=\"Foto em As Filhas da Senhora Garcia: Paula acusa Mar de roubar perfume de Cec\u00edlia\" width=\"728\" height=\"410\" srcset=\"https:\/\/i0.wp.com\/www.tvnovelas.com.br\/tvnews\/wp-content\/uploads\/2025\/07\/11602.jpg?w=728&amp;ssl=1 728w, https:\/\/i0.wp.com\/www.tvnovelas.com.br\/tvnews\/wp-content\/uploads\/2025\/07\/11602.jpg?resize=250%2C141&amp;ssl=1 250w\" sizes=\"(max-width: 728px) 100vw, 728px\" \/><figcaption id=\"caption-attachment-79474\" class=\"wp-caption-text\">As Filhas da Senhora Garcia: Paula acusa Mar de roubar perfume de Cec\u00edlia<\/figcaption><\/figure>\n<p>No cap\u00edtulo de As Filhas da Senhora Garcia desta quinta, dia 24, Paula acusa Mar de ter roubado um perfume de Cec\u00edlia. Diante de Graciela, ela chama Mar de ladra e insiste que n\u00e3o vai deixar o caso passar em branco. Paula, determinada, avisa que vai contar tudo a Luis, deixando Mar constrangida e Graciela visivelmente desconfort\u00e1vel com a situa\u00e7\u00e3o.<\/p>\n<p>Graciela, por sua vea, diz a Lu\u00eds que Paula manipulou tudo para acusar Mar de ladra, embora tamb\u00e9m n\u00e3o tenha certeza se ela \u00e9 inocente.<\/p>\n<p>Confira o resumo do cap\u00edtulo de hoje:<\/p>\n<h2 style=\"color: #9929ea;\">Resumo de quinta-feira, 24 de julho<\/h2>\n<p>Valeria diz \u00e0 m\u00e3e que Arturo a encontrou com um quadro de pneumonia e a levou ao hospital, mas que n\u00e3o t\u00eam nenhum relacionamento. Paula acusa Mar de ter roubado um perfume de Cecilia. Susana diz a Of\u00e9lia que, por culpa dela, Gloria est\u00e1 em coma, e a adverte que, se algo acontecer com ela, vai denunci\u00e1-la por tentativa de assassinato.<\/p>\n<p>Paula acusa Mar de ter roubado um perfume de Cecilia, chama-a de ladra e a acusa diante de Graciela, avisando que v\u00e3o contar tudo a Luis. Luis diz a Arturo e Nicolas que o projeto deles est\u00e1 cancelado porque n\u00e3o apresentaram nenhum avan\u00e7o. Diz a Arturo que ele continua sendo um irrespons\u00e1vel. Arturo pede ao pai que lhe d\u00ea duas semanas para apresentar resultados do projeto. Luis responde que ele tem uma semana, e se n\u00e3o cumprir, o projeto passar\u00e1 para as m\u00e3os de Leonardo.<\/p>\n<p>Of\u00e9lia, chorando, diz a Amparo que todos acham que ela s\u00f3 se importa com dinheiro, mas n\u00e3o \u00e9 verdade, que desde crian\u00e7a seus pais n\u00e3o a queriam, que a humilhavam e at\u00e9 colocaram pre\u00e7o nela, e que ela quer mudar de vida, tomar o controle da pr\u00f3pria vida, e isso n\u00e3o a torna uma m\u00e1 pessoa. Amparo responde que ela tem raz\u00e3o, mas que deveria contar o passado \u00e0s filhas, assim elas a compreenderiam. Of\u00e9lia responde que ningu\u00e9m jamais saber\u00e1 do seu passado. Graciela diz a Paula que ela n\u00e3o deve tomar atribui\u00e7\u00f5es que n\u00e3o lhe cabem nem tratar mal os empregados, deixando claro que ela n\u00e3o \u00e9 a dona da casa. Graciela diz a Lu\u00eds que Paula manipulou tudo para acusar Mar de ladra, embora tamb\u00e9m n\u00e3o tenha certeza se ela \u00e9 inocente. Luis diz que Mar j\u00e1 explicou tudo a ele, e o que mais o preocupa \u00e9 a atitude de Arturo, que nem ele nem a m\u00e3e o criaram para brincar com os sentimentos das mulheres, e que levar Valeria para o quarto foi o c\u00famulo.<\/p>\n<p><!--FIM--><\/p>\n<div style=\"font-size: 120%;\"><h3>Confira tamb\u00e9m<\/h3>\r\n<a href=\"https:\/\/tvnovelas.com.br\/novelas\/\" rel=\"noopener\" target=\"_blank\"><strong>Todos os resumos de novelas<\/strong><\/a><\/br>\r\n<a href=\"https:\/\/www.tvnovelas.com.br\/tvnews\/\" rel=\"noopener\" target=\"_blank\"><strong>\u00daltimas not\u00edcias das novelas<\/strong><\/a><\/br>\r\n<a href=\"https:\/\/www.tvnovelas.com.br\/filmes\/\" target=\"_blank\" rel=\"noopener noreferrer\"><strong>Programa\u00e7\u00e3o de filmes na TV aberta<\/strong><\/a><\/br>\r\n<a href=\"https:\/\/caetenews.com.br\/semana\/filmes-da-globo-na-sessao-da-tarde-desta-semana\/\" target=\"_blank\" rel=\"noopener\"><strong>Confira os filmes da semana na Sess\u00e3o da Tarde<\/strong><\/a><\/br>\r\n<a href=\"https:\/\/classindportal.mj.gov.br\/consulta-filmes\" target=\"_blank\" rel=\"noopener\"><strong>Consulte a classifica\u00e7\u00e3o indicativa dos filmes e novelas<\/strong><\/a><\/br><\/div>\n","protected":false},"excerpt":{"rendered":"<p>As Filhas da Senhora Garcia: Paula acusa Mar de roubar&#8230; No cap\u00edtulo de As Filhas da Senhora Garcia desta quinta, dia 24, Paula acusa Mar de ter roubado&#8230;<\/p>\n","protected":false},"author":1,"featured_media":79474,"comment_status":"closed","ping_status":"closed","sticky":false,"template":"","format":"standard","meta":{"_uf_show_specific_survey":0,"_uf_disable_surveys":false,"_jetpack_memberships_contains_paid_content":false,"footnotes":"","_wp_rev_ctl_limit":""},"categories":[930],"tags":[931,5,64],"class_list":["post-79473","post","type-post","status-publish","format-standard","has-post-thumbnail","hentry","category-as-filhas-da-senhora-garcia","tag-as-filhas-da-senhora-garcia","tag-globo","tag-novelas","wpcat-930-id"],"aioseo_notices":[],"jetpack_featured_media_url":"https:\/\/i0.wp.com\/www.tvnovelas.com.br\/tvnews\/wp-content\/uploads\/2025\/07\/11602.jpg?fit=728%2C410&ssl=1","jetpack_shortlink":"https:\/\/wp.me\/pdP2BO-kFP","jetpack_sharing_enabled":true,"_links":{"self":[{"href":"https:\/\/www.tvnovelas.com.br\/tvnews\/wp-json\/wp\/v2\/posts\/79473","targetHints":{"allow":["GET"]}}],"collection":[{"href":"https:\/\/www.tvnovelas.com.br\/tvnews\/wp-json\/wp\/v2\/posts"}],"about":[{"href":"https:\/\/www.tvnovelas.com.br\/tvnews\/wp-json\/wp\/v2\/types\/post"}],"author":[{"embeddable":true,"href":"https:\/\/www.tvnovelas.com.br\/tvnews\/wp-json\/wp\/v2\/users\/1"}],"replies":[{"embeddable":true,"href":"https:\/\/www.tvnovelas.com.br\/tvnews\/wp-json\/wp\/v2\/comments?post=79473"}],"version-history":[{"count":1,"href":"https:\/\/www.tvnovelas.com.br\/tvnews\/wp-json\/wp\/v2\/posts\/79473\/revisions"}],"predecessor-version":[{"id":79475,"href":"https:\/\/www.tvnovelas.com.br\/tvnews\/wp-json\/wp\/v2\/posts\/79473\/revisions\/79475"}],"wp:featuredmedia":[{"embeddable":true,"href":"https:\/\/www.tvnovelas.com.br\/tvnews\/wp-json\/wp\/v2\/media\/79474"}],"wp:attachment":[{"href":"https:\/\/www.tvnovelas.com.br\/tvnews\/wp-json\/wp\/v2\/media?parent=79473"}],"wp:term":[{"taxonomy":"category","embeddable":true,"href":"https:\/\/www.tvnovelas.com.br\/tvnews\/wp-json\/wp\/v2\/categories?post=79473"},{"taxonomy":"post_tag","embeddable":true,"href":"https:\/\/www.tvnovelas.com.br\/tvnews\/wp-json\/wp\/v2\/tags?post=79473"}],"curies":[{"name":"wp","href":"https:\/\/api.w.org\/{rel}","templated":true}]}}