{"id":79482,"date":"2025-07-24T11:47:12","date_gmt":"2025-07-24T14:47:12","guid":{"rendered":"https:\/\/www.tvnovelas.com.br\/tvnews\/?p=79482"},"modified":"2025-07-24T11:47:12","modified_gmt":"2025-07-24T14:47:12","slug":"paulo-o-apostolo-paulo-confronta-pedro","status":"publish","type":"post","link":"https:\/\/www.tvnovelas.com.br\/tvnews\/paulo-o-apostolo-paulo-confronta-pedro\/","title":{"rendered":"Paulo, O Ap\u00f3stolo: Paulo confronta Pedro"},"content":{"rendered":"<figure id=\"attachment_79483\" aria-describedby=\"caption-attachment-79483\" style=\"width: 723px\" class=\"wp-caption alignnone\"><img data-recalc-dims=\"1\" decoding=\"async\" class=\"wp-image-79483 size-full\" title=\"(Foto TV Record\/ Paulo, O Ap\u00f3stolo)\" src=\"https:\/\/i0.wp.com\/www.tvnovelas.com.br\/tvnews\/wp-content\/uploads\/2025\/07\/11604.jpg?resize=723%2C410&#038;ssl=1\" alt=\"Foto em Paulo, O Ap\u00f3stolo: Paulo confronta Pedro\" width=\"723\" height=\"410\" srcset=\"https:\/\/i0.wp.com\/www.tvnovelas.com.br\/tvnews\/wp-content\/uploads\/2025\/07\/11604.jpg?w=723&amp;ssl=1 723w, https:\/\/i0.wp.com\/www.tvnovelas.com.br\/tvnews\/wp-content\/uploads\/2025\/07\/11604.jpg?resize=250%2C142&amp;ssl=1 250w\" sizes=\"(max-width: 723px) 100vw, 723px\" \/><figcaption id=\"caption-attachment-79483\" class=\"wp-caption-text\">Paulo, O Ap\u00f3stolo: Paulo confronta Pedro<\/figcaption><\/figure>\n<p>No cap\u00edtulo da novela Paulo, O Ap\u00f3stolo desta quinta, dia 24, Paulo confronta Pedro (Marc\u00e9u Pierrotti) sem meias-palavras, diante de todos expondo suas discord\u00e2ncias e gerando surpresa entre os ap\u00f3stolos\u2014especialmente sobre o papel dos gentios na f\u00e9 crist\u00e3.<\/p>\n<p>O embate entre Paulo e Pedro \u00e9 o destaque do cap\u00edtulo. Enquanto Pedro, que recentemente viveu uma experi\u00eancia reveladora e reconheceu a import\u00e2ncia da inclus\u00e3o dos gentios, tenta guiar a comunidade com cautela, Paulo, firme em suas convic\u00e7\u00f5es sobre a miss\u00e3o crist\u00e3, n\u00e3o se contendo e chegando a questionar Pedro publicamente sobre diferen\u00e7as teol\u00f3gicas e de lideran\u00e7a, colocando em xeque a vis\u00e3o tradicional da comunidade.<\/p>\n<p><a href=\"https:\/\/tvnovelas.com.br\/novelas\/resumos-de-paulo-o-apostolo\/\" target=\"_blank\" rel=\"noopener\">Confira os resumos dos cap\u00edtulos da semana<\/a><br \/>\n<!--FIM--><\/p>\n<div style=\"font-size: 120%;\"><h3>Confira tamb\u00e9m<\/h3>\r\n<a href=\"https:\/\/tvnovelas.com.br\/novelas\/\" rel=\"noopener\" target=\"_blank\"><strong>Todos os resumos de novelas<\/strong><\/a><\/br>\r\n<a href=\"https:\/\/www.tvnovelas.com.br\/tvnews\/\" rel=\"noopener\" target=\"_blank\"><strong>\u00daltimas not\u00edcias das novelas<\/strong><\/a><\/br>\r\n<a href=\"https:\/\/www.tvnovelas.com.br\/filmes\/\" target=\"_blank\" rel=\"noopener noreferrer\"><strong>Programa\u00e7\u00e3o de filmes na TV aberta<\/strong><\/a><\/br>\r\n<a href=\"https:\/\/caetenews.com.br\/semana\/filmes-da-globo-na-sessao-da-tarde-desta-semana\/\" target=\"_blank\" rel=\"noopener\"><strong>Confira os filmes da semana na Sess\u00e3o da Tarde<\/strong><\/a><\/br>\r\n<a href=\"https:\/\/classindportal.mj.gov.br\/consulta-filmes\" target=\"_blank\" rel=\"noopener\"><strong>Consulte a classifica\u00e7\u00e3o indicativa dos filmes e novelas<\/strong><\/a><\/br><\/div>\n","protected":false},"excerpt":{"rendered":"<p>Paulo, O Ap\u00f3stolo: Paulo confronta Pedro&#8230; No cap\u00edtulo da novela Paulo, O Ap\u00f3stolo desta quinta, dia 24, Paulo confronta Pedro (Marc\u00e9u Pierrotti) sem meias-palavras&#8230;<\/p>\n","protected":false},"author":1,"featured_media":79483,"comment_status":"closed","ping_status":"closed","sticky":false,"template":"","format":"standard","meta":{"_uf_show_specific_survey":0,"_uf_disable_surveys":false,"_jetpack_memberships_contains_paid_content":false,"footnotes":"","_wp_rev_ctl_limit":""},"categories":[925],"tags":[64,932,14],"class_list":["post-79482","post","type-post","status-publish","format-standard","has-post-thumbnail","hentry","category-paulo","tag-novelas","tag-paulo-o-apostolo","tag-record","wpcat-925-id"],"aioseo_notices":[],"jetpack_featured_media_url":"https:\/\/i0.wp.com\/www.tvnovelas.com.br\/tvnews\/wp-content\/uploads\/2025\/07\/11604.jpg?fit=723%2C410&ssl=1","jetpack_shortlink":"https:\/\/wp.me\/pdP2BO-kFY","jetpack_sharing_enabled":true,"_links":{"self":[{"href":"https:\/\/www.tvnovelas.com.br\/tvnews\/wp-json\/wp\/v2\/posts\/79482","targetHints":{"allow":["GET"]}}],"collection":[{"href":"https:\/\/www.tvnovelas.com.br\/tvnews\/wp-json\/wp\/v2\/posts"}],"about":[{"href":"https:\/\/www.tvnovelas.com.br\/tvnews\/wp-json\/wp\/v2\/types\/post"}],"author":[{"embeddable":true,"href":"https:\/\/www.tvnovelas.com.br\/tvnews\/wp-json\/wp\/v2\/users\/1"}],"replies":[{"embeddable":true,"href":"https:\/\/www.tvnovelas.com.br\/tvnews\/wp-json\/wp\/v2\/comments?post=79482"}],"version-history":[{"count":1,"href":"https:\/\/www.tvnovelas.com.br\/tvnews\/wp-json\/wp\/v2\/posts\/79482\/revisions"}],"predecessor-version":[{"id":79484,"href":"https:\/\/www.tvnovelas.com.br\/tvnews\/wp-json\/wp\/v2\/posts\/79482\/revisions\/79484"}],"wp:featuredmedia":[{"embeddable":true,"href":"https:\/\/www.tvnovelas.com.br\/tvnews\/wp-json\/wp\/v2\/media\/79483"}],"wp:attachment":[{"href":"https:\/\/www.tvnovelas.com.br\/tvnews\/wp-json\/wp\/v2\/media?parent=79482"}],"wp:term":[{"taxonomy":"category","embeddable":true,"href":"https:\/\/www.tvnovelas.com.br\/tvnews\/wp-json\/wp\/v2\/categories?post=79482"},{"taxonomy":"post_tag","embeddable":true,"href":"https:\/\/www.tvnovelas.com.br\/tvnews\/wp-json\/wp\/v2\/tags?post=79482"}],"curies":[{"name":"wp","href":"https:\/\/api.w.org\/{rel}","templated":true}]}}