{"id":79491,"date":"2025-07-24T15:16:40","date_gmt":"2025-07-24T18:16:40","guid":{"rendered":"https:\/\/www.tvnovelas.com.br\/tvnews\/?p=79491"},"modified":"2025-07-24T15:16:40","modified_gmt":"2025-07-24T18:16:40","slug":"a-caverna-encantada-elisa-diz-que-deseja-morar-com-cesar","status":"publish","type":"post","link":"https:\/\/www.tvnovelas.com.br\/tvnews\/a-caverna-encantada-elisa-diz-que-deseja-morar-com-cesar\/","title":{"rendered":"A Caverna Encantada: Elisa diz que deseja morar com C\u00e9sar"},"content":{"rendered":"<figure id=\"attachment_79492\" aria-describedby=\"caption-attachment-79492\" style=\"width: 728px\" class=\"wp-caption alignnone\"><img data-recalc-dims=\"1\" decoding=\"async\" class=\"wp-image-79492 size-full\" title=\"(Foto: SBT\/A Caverna Encantada)\" src=\"https:\/\/i0.wp.com\/www.tvnovelas.com.br\/tvnews\/wp-content\/uploads\/2025\/07\/11605.jpg?resize=728%2C411&#038;ssl=1\" alt=\"Foto em A Caverna Encantada: Elisa diz que deseja morar com C\u00e9sar\" width=\"728\" height=\"411\" srcset=\"https:\/\/i0.wp.com\/www.tvnovelas.com.br\/tvnews\/wp-content\/uploads\/2025\/07\/11605.jpg?w=728&amp;ssl=1 728w, https:\/\/i0.wp.com\/www.tvnovelas.com.br\/tvnews\/wp-content\/uploads\/2025\/07\/11605.jpg?resize=250%2C141&amp;ssl=1 250w\" sizes=\"(max-width: 728px) 100vw, 728px\" \/><figcaption id=\"caption-attachment-79492\" class=\"wp-caption-text\">A Caverna Encantada: Elisa diz que deseja morar com C\u00e9sar<\/figcaption><\/figure>\n<p>No cap\u00edtulo de A Caverna Encantada desta quinta. dia 24, Norma aparece no pet shop, ouve Elisa e C\u00e9sar falando sobre morar juntos e fica espantada.<\/p>\n<p>Enquanto isso, Cristina revela a Betina que sente saudade de Thomas e que isso atrapalha o sonho de cantora dela. Felipe e Rui gravam Andr\u00e9 e Isadora se abra\u00e7ando e mostram a imagem a Pedro.<\/p>\n<p>E mais: Gabriel e Pilar planejam os detalhes do casamento e discutem se v\u00e3o convidar Norma. Thomas desiste de viajar at\u00e9 a cidade dos tios.<\/p>\n<p>Confira o resumo do cap\u00edtulo de hoje:<\/p>\n<h2 style=\"color: #320a6b;\">Resumo de quinta-feira, 24 de julho<\/h2>\n<p>Elisa diz a C\u00e9sar que deseja morar com ele. Cristina revela a Betina que sente saudade de Thomas e que isso atrapalha o sonho de cantora dela. Thomas desiste de viajar at\u00e9 a cidade dos tios. Gabriel e Pilar planejam os detalhes do casamento e discutem se v\u00e3o convidar Norma. Felipe e Rui gravam Andr\u00e9 e Isadora se abra\u00e7ando e mostram a imagem a Pedro. Norma aparece no pet shop, ouve Elisa e C\u00e9sar falando sobre morar juntos e fica espantada.<\/p>\n<p><!--FIM--><\/p>\n<div style=\"font-size: 120%;\"><h3>Confira tamb\u00e9m<\/h3>\r\n<a href=\"https:\/\/tvnovelas.com.br\/novelas\/\" rel=\"noopener\" target=\"_blank\"><strong>Todos os resumos de novelas<\/strong><\/a><\/br>\r\n<a href=\"https:\/\/www.tvnovelas.com.br\/tvnews\/\" rel=\"noopener\" target=\"_blank\"><strong>\u00daltimas not\u00edcias das novelas<\/strong><\/a><\/br>\r\n<a href=\"https:\/\/www.tvnovelas.com.br\/filmes\/\" target=\"_blank\" rel=\"noopener noreferrer\"><strong>Programa\u00e7\u00e3o de filmes na TV aberta<\/strong><\/a><\/br>\r\n<a href=\"https:\/\/caetenews.com.br\/semana\/filmes-da-globo-na-sessao-da-tarde-desta-semana\/\" target=\"_blank\" rel=\"noopener\"><strong>Confira os filmes da semana na Sess\u00e3o da Tarde<\/strong><\/a><\/br>\r\n<a href=\"https:\/\/classindportal.mj.gov.br\/consulta-filmes\" target=\"_blank\" rel=\"noopener\"><strong>Consulte a classifica\u00e7\u00e3o indicativa dos filmes e novelas<\/strong><\/a><\/br><\/div>\n","protected":false},"excerpt":{"rendered":"<p>A Caverna Encantada: Elisa diz que deseja morar com C\u00e9sar&#8230;. No cap\u00edtulo de A Caverna Encantada desta quinta. dia 24, Norma aparece no pet shop,,,<\/p>\n","protected":false},"author":1,"featured_media":79492,"comment_status":"closed","ping_status":"closed","sticky":false,"template":"","format":"standard","meta":{"_uf_show_specific_survey":0,"_uf_disable_surveys":false,"_jetpack_memberships_contains_paid_content":false,"footnotes":"","_wp_rev_ctl_limit":""},"categories":[766],"tags":[767,64,13],"class_list":["post-79491","post","type-post","status-publish","format-standard","has-post-thumbnail","hentry","category-a-caverna-encantada","tag-a-caverna-encantada","tag-novelas","tag-sbt","wpcat-766-id"],"aioseo_notices":[],"jetpack_featured_media_url":"https:\/\/i0.wp.com\/www.tvnovelas.com.br\/tvnews\/wp-content\/uploads\/2025\/07\/11605.jpg?fit=728%2C411&ssl=1","jetpack_shortlink":"https:\/\/wp.me\/pdP2BO-kG7","jetpack_sharing_enabled":true,"_links":{"self":[{"href":"https:\/\/www.tvnovelas.com.br\/tvnews\/wp-json\/wp\/v2\/posts\/79491","targetHints":{"allow":["GET"]}}],"collection":[{"href":"https:\/\/www.tvnovelas.com.br\/tvnews\/wp-json\/wp\/v2\/posts"}],"about":[{"href":"https:\/\/www.tvnovelas.com.br\/tvnews\/wp-json\/wp\/v2\/types\/post"}],"author":[{"embeddable":true,"href":"https:\/\/www.tvnovelas.com.br\/tvnews\/wp-json\/wp\/v2\/users\/1"}],"replies":[{"embeddable":true,"href":"https:\/\/www.tvnovelas.com.br\/tvnews\/wp-json\/wp\/v2\/comments?post=79491"}],"version-history":[{"count":2,"href":"https:\/\/www.tvnovelas.com.br\/tvnews\/wp-json\/wp\/v2\/posts\/79491\/revisions"}],"predecessor-version":[{"id":79494,"href":"https:\/\/www.tvnovelas.com.br\/tvnews\/wp-json\/wp\/v2\/posts\/79491\/revisions\/79494"}],"wp:featuredmedia":[{"embeddable":true,"href":"https:\/\/www.tvnovelas.com.br\/tvnews\/wp-json\/wp\/v2\/media\/79492"}],"wp:attachment":[{"href":"https:\/\/www.tvnovelas.com.br\/tvnews\/wp-json\/wp\/v2\/media?parent=79491"}],"wp:term":[{"taxonomy":"category","embeddable":true,"href":"https:\/\/www.tvnovelas.com.br\/tvnews\/wp-json\/wp\/v2\/categories?post=79491"},{"taxonomy":"post_tag","embeddable":true,"href":"https:\/\/www.tvnovelas.com.br\/tvnews\/wp-json\/wp\/v2\/tags?post=79491"}],"curies":[{"name":"wp","href":"https:\/\/api.w.org\/{rel}","templated":true}]}}