{"id":79505,"date":"2025-07-24T21:43:56","date_gmt":"2025-07-25T00:43:56","guid":{"rendered":"https:\/\/www.tvnovelas.com.br\/tvnews\/?p=79505"},"modified":"2025-07-25T14:43:54","modified_gmt":"2025-07-25T17:43:54","slug":"o-que-se-passa-em-vale-tudo-na-semana-28-7-a-02-8","status":"publish","type":"post","link":"https:\/\/www.tvnovelas.com.br\/tvnews\/o-que-se-passa-em-vale-tudo-na-semana-28-7-a-02-8\/","title":{"rendered":"O que se passa em Vale Tudo na semana 28\/7 a 02\/8"},"content":{"rendered":"<figure id=\"attachment_79574\" aria-describedby=\"caption-attachment-79574\" style=\"width: 728px\" class=\"wp-caption alignnone\"><img data-recalc-dims=\"1\" decoding=\"async\" class=\"wp-image-79574 size-full\" title=\"(Foto: TV Globo\/Vale Tudo)\" src=\"https:\/\/i0.wp.com\/www.tvnovelas.com.br\/tvnews\/wp-content\/uploads\/2025\/07\/11607vt.jpg?resize=728%2C410&#038;ssl=1\" alt=\"Foto em Vale Tudo na semana 28\/7 a 02\/8\" width=\"728\" height=\"410\" srcset=\"https:\/\/i0.wp.com\/www.tvnovelas.com.br\/tvnews\/wp-content\/uploads\/2025\/07\/11607vt.jpg?w=728&amp;ssl=1 728w, https:\/\/i0.wp.com\/www.tvnovelas.com.br\/tvnews\/wp-content\/uploads\/2025\/07\/11607vt.jpg?resize=250%2C141&amp;ssl=1 250w\" sizes=\"(max-width: 728px) 100vw, 728px\" \/><figcaption id=\"caption-attachment-79574\" class=\"wp-caption-text\">Vale Tudo na semana 28\/7 a 02\/8<\/figcaption><\/figure>\n<p><strong style=\"color: #3e5f44;\">Nos pr\u00f3ximos cap\u00edtulos de Vale Tudo, <\/strong>Ivan decide se separar de Heleninha e se mudar para seu antigo apartamento; Heleninha foge de casa para beber e arruma confus\u00e3o em um bar; Ivan conta a Luciano que Raquel comprou a empresa que fornece alimenta\u00e7\u00e3o para os voos da TCA; Ivan conta a Raquel que seu casamento com Heleninha acabou&#8230;<\/p>\n<h2 style=\"color: #3e5f44;\">Resumo de segunda-feira, 28 de julho<\/h2>\n<p>Olavo e C\u00e9sar escapam da pol\u00edcia com a ajuda de Maria de F\u00e1tima. Raquel, Poliana e Celina comemoram um novo passo em seu neg\u00f3cio. Consu\u00ealo comenta com Alde\u00edde sobre o mist\u00e9rio de Andr\u00e9 com a identidade da nova namorada. Ivan confessa a Bartolomeu que foi um erro se casar com Heleninha. Ivan decide se separar de Heleninha e se mudar para seu antigo apartamento. Heleninha flagra Raquel na casa de Ivan.<\/p>\n<h2 style=\"color: #3e5f44;\">Resumo de ter\u00e7a-feira, 29 de julho<\/h2>\n<p>Heleninha desconfia de que o encontro de Raquel e Ivan foi intencional. Odete n\u00e3o gosta da atitude de Ivan, ao saber da separa\u00e7\u00e3o da filha. Tiago sai magoado da casa de Ivan. Odete faz quest\u00e3o de lembrar Ivan de uma das cl\u00e1usulas do contrato de casamento. Heleninha foge de casa para beber e arruma confus\u00e3o em um bar. Odete, Ivan, Tiago, Afonso e Celina ficam abalados ao ver o estado de Heleninha.<\/p>\n<h2 style=\"color: #3e5f44;\">Resumo de quarta-feira, 30 de julho<\/h2>\n<p>Jarbas conta a Consu\u00ealo sobre Heleninha. Odete planeja a forma de saber se Ivan est\u00e1 traindo Heleninha com Raquel. C\u00e9sar sente inveja do carro que Walter ganha de Odete. Odete sonda Luciano sobre as supostas rela\u00e7\u00f5es extraconjugais de Ivan. Maria de F\u00e1tima e Solange trocam provoca\u00e7\u00f5es ao se encontrarem na TCA. Marco Aur\u00e9lio convoca Ivan para representar a TCA em uma confer\u00eancia e, coincidentemente, Bartolomeu sugere que Raquel v\u00e1 ao mesmo evento. Heleninha fica com raiva quando encontra ch\u00e1 nas suas garrafas de u\u00edsque. Luciano segue Ivan. Raquel encontra Ivan na confer\u00eancia, e Luciano fotografa os dois.<\/p>\n<h2 style=\"color: #3e5f44;\">Resumo de quinta-feira, 31 de julho<\/h2>\n<p>Heleninha pede a Odete para n\u00e3o prejudicar Ivan na TCA por causa da separa\u00e7\u00e3o. Ivan convida Raquel para jantar. Luciano disfar\u00e7a ao ser flagrado por Ivan. Vasco e Lucimar se encontram. Ivan conta a Luciano que Raquel comprou a empresa que fornece alimenta\u00e7\u00e3o para os voos da TCA. Bartolomeu aconselha Raquel a contratar um gerente de compras. Odete fica sabendo por Luciano que Raquel est\u00e1 fornecendo comida de bordo para a TCA. Vasco inaugura o bar de karaok\u00ea. Celina desmaia ao saber que Odete pensa em investigar quem contou a Raquel sobre a empresa de alimenta\u00e7\u00e3o de bordo. Odete acusa Ivan de ter favorecido Raquel com informa\u00e7\u00f5es privilegiadas, e amea\u00e7a processar o executivo.<\/p>\n<h2 style=\"color: #3e5f44;\">Resumo de sexta-feira, 1\u00ba de agosto<\/h2>\n<p>Ivan resiste \u00e0 chantagem de Odete. Raquel sugere a Ivan para os dois esperarem a situa\u00e7\u00e3o com Heleninha se acalmar para ficarem juntos. Pascoal aceita trabalhar \u00e0 noite no bar de Vasco. Solange sente vontade de ser m\u00e3e e sugere que Sardinha seja seu doador. Odete tenta subornar Fernanda para deixar Tiago, e Eunice confronta Odete. Renato nota a rela\u00e7\u00e3o estremecida entre Solange e Sardinha. Ivan confessa a Heleninha que ainda gosta da Raquel.<\/p>\n<h2 style=\"color: #3e5f44;\">Resumo de s\u00e1bado, 02 de agosto<\/h2>\n<p>Heleninha fica arrasada diante de Ivan. Tiago avisa a Marco Aur\u00e9lio que decidiu cursar Economia para se tornar independente financeiramente da fam\u00edlia. Marco Aur\u00e9lio se incomoda com a admira\u00e7\u00e3o de M\u00e1rio S\u00e9rgio por Leila. Renato se surpreende ao saber do interesse de Solange em ser m\u00e3e por meio de produ\u00e7\u00e3o independente. Ivan conta a Raquel que seu casamento com Heleninha acabou. Afonso avisa a Odete e Celina que est\u00e1 preocupado com Heleninha. Sardinha flagra F\u00e1tima e C\u00e9sar juntos no apart hotel. Odete comenta com Walter que Ivan precisa voltar para Heleninha. Odete procura Raquel.<br \/>\n<!--FIM--><br \/>\n<strong>Sobre a novela<\/strong><\/p>\n<p><a href=\"https:\/\/wp.me\/pfspD2-U7\" target=\"_blank\" rel=\"noopener\">Vale Tudo: Conflitos de princ\u00edpios e valores (Sinopse)<\/a><\/p>\n<p><a href=\"https:\/\/wp.me\/pfspD2-oI\" target=\"_blank\" rel=\"noopener\">Vale Tudo: Invers\u00e3o de valores no final dos anos 1980<\/a> (Sinopse)<\/p>\n<div style=\"font-size: 120%;\"><h3>Confira tamb\u00e9m<\/h3>\r\n<a href=\"https:\/\/tvnovelas.com.br\/novelas\/\" rel=\"noopener\" target=\"_blank\"><strong>Todos os resumos de novelas<\/strong><\/a><\/br>\r\n<a href=\"https:\/\/www.tvnovelas.com.br\/tvnews\/\" rel=\"noopener\" target=\"_blank\"><strong>\u00daltimas not\u00edcias das novelas<\/strong><\/a><\/br>\r\n<a href=\"https:\/\/www.tvnovelas.com.br\/filmes\/\" target=\"_blank\" rel=\"noopener noreferrer\"><strong>Programa\u00e7\u00e3o de filmes na TV aberta<\/strong><\/a><\/br>\r\n<a href=\"https:\/\/caetenews.com.br\/semana\/filmes-da-globo-na-sessao-da-tarde-desta-semana\/\" target=\"_blank\" rel=\"noopener\"><strong>Confira os filmes da semana na Sess\u00e3o da Tarde<\/strong><\/a><\/br>\r\n<a href=\"https:\/\/classindportal.mj.gov.br\/consulta-filmes\" target=\"_blank\" rel=\"noopener\"><strong>Consulte a classifica\u00e7\u00e3o indicativa dos filmes e novelas<\/strong><\/a><\/br><br \/>\n&lt;\/div<\/div>\n","protected":false},"excerpt":{"rendered":"<p>O que se passa em Vale Tudo na semana 28\/7 a 02\/8&#8230; Nos pr\u00f3ximos cap\u00edtulos de Vale Tudo, <\/strong>Ivan decide se separar de Heleninha e se mudar&#8230;<\/p>\n","protected":false},"author":1,"featured_media":0,"comment_status":"closed","ping_status":"closed","sticky":false,"template":"","format":"standard","meta":{"_uf_show_specific_survey":0,"_uf_disable_surveys":false,"_jetpack_memberships_contains_paid_content":false,"footnotes":"","_wp_rev_ctl_limit":""},"categories":[871],"tags":[5,64,801],"class_list":["post-79505","post","type-post","status-publish","format-standard","hentry","category-vale-tudo","tag-globo","tag-novelas","tag-vale-tudo","wpcat-871-id"],"aioseo_notices":[],"jetpack_featured_media_url":"","jetpack_shortlink":"https:\/\/wp.me\/pdP2BO-kGl","jetpack_sharing_enabled":true,"_links":{"self":[{"href":"https:\/\/www.tvnovelas.com.br\/tvnews\/wp-json\/wp\/v2\/posts\/79505","targetHints":{"allow":["GET"]}}],"collection":[{"href":"https:\/\/www.tvnovelas.com.br\/tvnews\/wp-json\/wp\/v2\/posts"}],"about":[{"href":"https:\/\/www.tvnovelas.com.br\/tvnews\/wp-json\/wp\/v2\/types\/post"}],"author":[{"embeddable":true,"href":"https:\/\/www.tvnovelas.com.br\/tvnews\/wp-json\/wp\/v2\/users\/1"}],"replies":[{"embeddable":true,"href":"https:\/\/www.tvnovelas.com.br\/tvnews\/wp-json\/wp\/v2\/comments?post=79505"}],"version-history":[{"count":3,"href":"https:\/\/www.tvnovelas.com.br\/tvnews\/wp-json\/wp\/v2\/posts\/79505\/revisions"}],"predecessor-version":[{"id":79575,"href":"https:\/\/www.tvnovelas.com.br\/tvnews\/wp-json\/wp\/v2\/posts\/79505\/revisions\/79575"}],"wp:attachment":[{"href":"https:\/\/www.tvnovelas.com.br\/tvnews\/wp-json\/wp\/v2\/media?parent=79505"}],"wp:term":[{"taxonomy":"category","embeddable":true,"href":"https:\/\/www.tvnovelas.com.br\/tvnews\/wp-json\/wp\/v2\/categories?post=79505"},{"taxonomy":"post_tag","embeddable":true,"href":"https:\/\/www.tvnovelas.com.br\/tvnews\/wp-json\/wp\/v2\/tags?post=79505"}],"curies":[{"name":"wp","href":"https:\/\/api.w.org\/{rel}","templated":true}]}}