{"id":79545,"date":"2025-07-25T08:29:36","date_gmt":"2025-07-25T11:29:36","guid":{"rendered":"https:\/\/www.tvnovelas.com.br\/tvnews\/?p=79545"},"modified":"2025-07-25T08:29:36","modified_gmt":"2025-07-25T11:29:36","slug":"vale-tudo-fatima-arma-para-roubar-obra-de-heleninha","status":"publish","type":"post","link":"https:\/\/www.tvnovelas.com.br\/tvnews\/vale-tudo-fatima-arma-para-roubar-obra-de-heleninha\/","title":{"rendered":"Vale Tudo: F\u00e1tima arma para roubar obra de Heleninha"},"content":{"rendered":"<figure id=\"attachment_79546\" aria-describedby=\"caption-attachment-79546\" style=\"width: 728px\" class=\"wp-caption alignnone\"><img data-recalc-dims=\"1\" decoding=\"async\" class=\"wp-image-79546 size-full\" title=\"(Foto: TV Globo\/Vale Tudo)\" src=\"https:\/\/i0.wp.com\/www.tvnovelas.com.br\/tvnews\/wp-content\/uploads\/2025\/07\/11610.jpg?resize=728%2C410&#038;ssl=1\" alt=\"Foto em Vale Tudo: F\u00e1tima arma para roubar obra de Heleninha\" width=\"728\" height=\"410\" srcset=\"https:\/\/i0.wp.com\/www.tvnovelas.com.br\/tvnews\/wp-content\/uploads\/2025\/07\/11610.jpg?w=728&amp;ssl=1 728w, https:\/\/i0.wp.com\/www.tvnovelas.com.br\/tvnews\/wp-content\/uploads\/2025\/07\/11610.jpg?resize=250%2C141&amp;ssl=1 250w\" sizes=\"(max-width: 728px) 100vw, 728px\" \/><figcaption id=\"caption-attachment-79546\" class=\"wp-caption-text\">Vale Tudo: F\u00e1tima arma para roubar obra de Heleninha<\/figcaption><\/figure>\n<p>Em Vale Tudo, F\u00e1tima (Bella Campos) n\u00e3o est\u00e1 muito contente com a fam\u00edlia do marido, principalmente depois de que Celina (Malu Galli) encrencou com a carreira de influenciadora da mo\u00e7a, ap\u00f3s ela expor a mans\u00e3o da madame em uma rede social. Acontece que, a vil\u00e3 ir\u00e1 propor um assalto na propriedade da rica\u00e7a.<\/p>\n<p>E n\u00e3o ter\u00e1 Celina como alvo, mas sim Heleninha (Paolla Oliveira). Os astros v\u00e3o se alinhar perfeitamente para o plano criminoso de F\u00e1tima, pois C\u00e9sar (Cau\u00e3 Reymond) e Olavo (Ricardo Teodoro) v\u00e3o procur\u00e1-la para fazer uma proposta.<\/p>\n<p>\u201cUma s\u00e9rie de conte\u00fado adulto, mas assim&#8230; um neg\u00f3cio prime\u201d, explicar\u00e1 Olavo.<\/p>\n<p>A dupla de salafr\u00e1rios vai pedir R$ 60 mil a F\u00e1tima para ela ser a principal investidora na produ\u00e7\u00e3o de filmes pornogr\u00e1ficos. Logicamente, ela recusar\u00e1, mas apresentar\u00e1 uma contraproposta.<\/p>\n<p>\u201cMas eu sei um jeito de voc\u00eas conseguirem esse dinheiro\u201d, come\u00e7ar\u00e1 ela. &#8220;Vamos roubar um quadro da Heleninha.<\/p>\n<p>\u201cRoubar um quadro? T\u00e1 de brincadeira, F\u00e1tima?\u201d, dir\u00e1 C\u00e9sar.<\/p>\n<p>\u201cEscuta, C\u00e9sar&#8230; um quadro da Heleninha vale pelo menos uns 70, 80 mil reais. Esse a\u00ed foi o \u00fanico que n\u00e3o vendeu e t\u00e1 com a moldura quebrada&#8230; V\u00e3o pegar o quadro l\u00e1 na casa da Celina amanh\u00e3 no final do dia. Eu j\u00e1 sei qual \u00e9 o nome da empresa, tudo. Voc\u00eas s\u00f3 t\u00eam que chegar antes.\u201d<br \/>\n<!--FIM--><br \/>\n<strong>Sobre a novela<\/strong><\/p>\n<p><a href=\"https:\/\/wp.me\/pfspD2-U7\" target=\"_blank\" rel=\"noopener\">Vale Tudo: Conflitos de princ\u00edpios e valores (Sinopse)<\/a><\/p>\n<p><a href=\"https:\/\/wp.me\/pfspD2-oI\" target=\"_blank\" rel=\"noopener\">Vale Tudo: Invers\u00e3o de valores no final dos anos 1980<\/a> (Sinopse)<\/p>\n<div style=\"font-size: 120%;\"><h3>Confira tamb\u00e9m<\/h3>\r\n<a href=\"https:\/\/tvnovelas.com.br\/novelas\/\" rel=\"noopener\" target=\"_blank\"><strong>Todos os resumos de novelas<\/strong><\/a><\/br>\r\n<a href=\"https:\/\/www.tvnovelas.com.br\/tvnews\/\" rel=\"noopener\" target=\"_blank\"><strong>\u00daltimas not\u00edcias das novelas<\/strong><\/a><\/br>\r\n<a href=\"https:\/\/www.tvnovelas.com.br\/filmes\/\" target=\"_blank\" rel=\"noopener noreferrer\"><strong>Programa\u00e7\u00e3o de filmes na TV aberta<\/strong><\/a><\/br>\r\n<a href=\"https:\/\/caetenews.com.br\/semana\/filmes-da-globo-na-sessao-da-tarde-desta-semana\/\" target=\"_blank\" rel=\"noopener\"><strong>Confira os filmes da semana na Sess\u00e3o da Tarde<\/strong><\/a><\/br>\r\n<a href=\"https:\/\/classindportal.mj.gov.br\/consulta-filmes\" target=\"_blank\" rel=\"noopener\"><strong>Consulte a classifica\u00e7\u00e3o indicativa dos filmes e novelas<\/strong><\/a><\/br><br \/>\n&lt;\/div<\/div>\n","protected":false},"excerpt":{"rendered":"<p>Vale Tudo: F\u00e1tima arma para roubar obra de Heleninha&#8230; Em Vale Tudo, F\u00e1tima (Bella Campos) n\u00e3o est\u00e1 muito contente com a fam\u00edlia do marido&#8230;<\/p>\n","protected":false},"author":1,"featured_media":79546,"comment_status":"closed","ping_status":"closed","sticky":false,"template":"","format":"standard","meta":{"_uf_show_specific_survey":0,"_uf_disable_surveys":false,"_jetpack_memberships_contains_paid_content":false,"footnotes":"","_wp_rev_ctl_limit":""},"categories":[871],"tags":[5,64,801],"class_list":["post-79545","post","type-post","status-publish","format-standard","has-post-thumbnail","hentry","category-vale-tudo","tag-globo","tag-novelas","tag-vale-tudo","wpcat-871-id"],"aioseo_notices":[],"jetpack_featured_media_url":"https:\/\/i0.wp.com\/www.tvnovelas.com.br\/tvnews\/wp-content\/uploads\/2025\/07\/11610.jpg?fit=728%2C410&ssl=1","jetpack_shortlink":"https:\/\/wp.me\/pdP2BO-kGZ","jetpack_sharing_enabled":true,"_links":{"self":[{"href":"https:\/\/www.tvnovelas.com.br\/tvnews\/wp-json\/wp\/v2\/posts\/79545","targetHints":{"allow":["GET"]}}],"collection":[{"href":"https:\/\/www.tvnovelas.com.br\/tvnews\/wp-json\/wp\/v2\/posts"}],"about":[{"href":"https:\/\/www.tvnovelas.com.br\/tvnews\/wp-json\/wp\/v2\/types\/post"}],"author":[{"embeddable":true,"href":"https:\/\/www.tvnovelas.com.br\/tvnews\/wp-json\/wp\/v2\/users\/1"}],"replies":[{"embeddable":true,"href":"https:\/\/www.tvnovelas.com.br\/tvnews\/wp-json\/wp\/v2\/comments?post=79545"}],"version-history":[{"count":1,"href":"https:\/\/www.tvnovelas.com.br\/tvnews\/wp-json\/wp\/v2\/posts\/79545\/revisions"}],"predecessor-version":[{"id":79547,"href":"https:\/\/www.tvnovelas.com.br\/tvnews\/wp-json\/wp\/v2\/posts\/79545\/revisions\/79547"}],"wp:featuredmedia":[{"embeddable":true,"href":"https:\/\/www.tvnovelas.com.br\/tvnews\/wp-json\/wp\/v2\/media\/79546"}],"wp:attachment":[{"href":"https:\/\/www.tvnovelas.com.br\/tvnews\/wp-json\/wp\/v2\/media?parent=79545"}],"wp:term":[{"taxonomy":"category","embeddable":true,"href":"https:\/\/www.tvnovelas.com.br\/tvnews\/wp-json\/wp\/v2\/categories?post=79545"},{"taxonomy":"post_tag","embeddable":true,"href":"https:\/\/www.tvnovelas.com.br\/tvnews\/wp-json\/wp\/v2\/tags?post=79545"}],"curies":[{"name":"wp","href":"https:\/\/api.w.org\/{rel}","templated":true}]}}