{"id":79555,"date":"2025-07-25T09:46:45","date_gmt":"2025-07-25T12:46:45","guid":{"rendered":"https:\/\/www.tvnovelas.com.br\/tvnews\/?p=79555"},"modified":"2025-07-25T09:46:45","modified_gmt":"2025-07-25T12:46:45","slug":"cafe-com-aroma-de-mulher-sebastiao-ameaca-denunciar-o-irmao","status":"publish","type":"post","link":"https:\/\/www.tvnovelas.com.br\/tvnews\/cafe-com-aroma-de-mulher-sebastiao-ameaca-denunciar-o-irmao\/","title":{"rendered":"Caf\u00e9 Com Aroma de Mulher: Sebasti\u00e3o amea\u00e7a denunciar o irm\u00e3o"},"content":{"rendered":"<figure id=\"attachment_78706\" aria-describedby=\"caption-attachment-78706\" style=\"width: 728px\" class=\"wp-caption alignnone\"><img data-recalc-dims=\"1\" decoding=\"async\" class=\"wp-image-78706 size-full\" title=\"(Foto: Band\/Caf\u00e9 Com Aroma de Mulher)\" src=\"https:\/\/i0.wp.com\/www.tvnovelas.com.br\/tvnews\/wp-content\/uploads\/2025\/07\/11523.jpg?resize=728%2C410&#038;ssl=1\" alt=\"Caf\u00e9 Com Aroma de Mulher: Sebasti\u00e3o amea\u00e7a denunciar o irm\u00e3o\" width=\"728\" height=\"410\" srcset=\"https:\/\/i0.wp.com\/www.tvnovelas.com.br\/tvnews\/wp-content\/uploads\/2025\/07\/11523.jpg?w=728&amp;ssl=1 728w, https:\/\/i0.wp.com\/www.tvnovelas.com.br\/tvnews\/wp-content\/uploads\/2025\/07\/11523.jpg?resize=250%2C141&amp;ssl=1 250w\" sizes=\"(max-width: 728px) 100vw, 728px\" \/><figcaption id=\"caption-attachment-78706\" class=\"wp-caption-text\">Caf\u00e9 Com Aroma de Mulher: Sebasti\u00e3o amea\u00e7a denunciar o irm\u00e3o<\/figcaption><\/figure>\n<p>No cap\u00edtulo de Caf\u00e9 com Aroma de Mulher desta sexta, dia 25, Ivan confessa diferen\u00e7a nos balan\u00e7os, mas Julia insiste em defend\u00ea-lo. Sebasti\u00e3o deseja denunciar o irm\u00e3o por causa dos desvios financeiros, mas acaba sendo agredido. Julia interv\u00e9m e o impede de registrar a queixa contra o irm\u00e3o.<\/p>\n<p>Confira o resumo do cap\u00edtulo de hoje:<\/p>\n<h2 style=\"color: #9929ea;\">Resumo de sexta-feira, 25 de julho<\/h2>\n<p>L\u00facia desconfia do furto de livros em casa. Ivan confessa diferen\u00e7a nos balan\u00e7os, mas Julia insiste em defend\u00ea-lo. Marcela vende suas a\u00e7\u00f5es. Sebasti\u00e3o deseja denunciar o irm\u00e3o, mas \u00e9 agredido e Julia o impede de seguir com a queixa. Aur\u00e9lio toma conhecimento de que Gaivota teve um filho com Sebasti\u00e3o. Ivan convida o c\u00f4njuge de M\u00e1rcia para o tributo a seu pai e se esfor\u00e7a para limpar sua imagem.<br \/>\n<!--FIM--><br \/>\n<strong>Sobre a novela<\/strong><br \/>\n<a href=\"https:\/\/wp.me\/pfspD2-UX\" target=\"_blank\" rel=\"noopener\">&#8216;Caf\u00e9 Com Aroma de Mulher&#8217;: Um amor proibido (Sinopse e personagens)<\/a><\/p>\n<div style=\"font-size: 120%;\"><h3>Confira tamb\u00e9m<\/h3>\r\n<a href=\"https:\/\/tvnovelas.com.br\/novelas\/\" rel=\"noopener\" target=\"_blank\"><strong>Todos os resumos de novelas<\/strong><\/a><\/br>\r\n<a href=\"https:\/\/www.tvnovelas.com.br\/tvnews\/\" rel=\"noopener\" target=\"_blank\"><strong>\u00daltimas not\u00edcias das novelas<\/strong><\/a><\/br>\r\n<a href=\"https:\/\/www.tvnovelas.com.br\/filmes\/\" target=\"_blank\" rel=\"noopener noreferrer\"><strong>Programa\u00e7\u00e3o de filmes na TV aberta<\/strong><\/a><\/br>\r\n<a href=\"https:\/\/caetenews.com.br\/semana\/filmes-da-globo-na-sessao-da-tarde-desta-semana\/\" target=\"_blank\" rel=\"noopener\"><strong>Confira os filmes da semana na Sess\u00e3o da Tarde<\/strong><\/a><\/br>\r\n<a href=\"https:\/\/classindportal.mj.gov.br\/consulta-filmes\" target=\"_blank\" rel=\"noopener\"><strong>Consulte a classifica\u00e7\u00e3o indicativa dos filmes e novelas<\/strong><\/a><\/br><\/div>\n","protected":false},"excerpt":{"rendered":"<p>Caf\u00e9 Com Aroma de Mulher: Sebasti\u00e3o amea\u00e7a denunciar o irm\u00e3o&#8230; No cap\u00edtulo de Caf\u00e9 com Aroma de Mulher desta sexta, dia 25, Ivan confessa diferen\u00e7a&#8230;<\/p>\n","protected":false},"author":1,"featured_media":78706,"comment_status":"closed","ping_status":"closed","sticky":false,"template":"","format":"standard","meta":{"_uf_show_specific_survey":0,"_uf_disable_surveys":false,"_jetpack_memberships_contains_paid_content":false,"footnotes":"","_wp_rev_ctl_limit":""},"categories":[918],"tags":[43,919,64],"class_list":["post-79555","post","type-post","status-publish","format-standard","has-post-thumbnail","hentry","category-cafe-com-aroma-de-mulher","tag-band","tag-cafe-com-aroma-de-mulher","tag-novelas","wpcat-918-id"],"aioseo_notices":[],"jetpack_featured_media_url":"https:\/\/i0.wp.com\/www.tvnovelas.com.br\/tvnews\/wp-content\/uploads\/2025\/07\/11523.jpg?fit=728%2C410&ssl=1","jetpack_shortlink":"https:\/\/wp.me\/pdP2BO-kH9","jetpack_sharing_enabled":true,"_links":{"self":[{"href":"https:\/\/www.tvnovelas.com.br\/tvnews\/wp-json\/wp\/v2\/posts\/79555","targetHints":{"allow":["GET"]}}],"collection":[{"href":"https:\/\/www.tvnovelas.com.br\/tvnews\/wp-json\/wp\/v2\/posts"}],"about":[{"href":"https:\/\/www.tvnovelas.com.br\/tvnews\/wp-json\/wp\/v2\/types\/post"}],"author":[{"embeddable":true,"href":"https:\/\/www.tvnovelas.com.br\/tvnews\/wp-json\/wp\/v2\/users\/1"}],"replies":[{"embeddable":true,"href":"https:\/\/www.tvnovelas.com.br\/tvnews\/wp-json\/wp\/v2\/comments?post=79555"}],"version-history":[{"count":2,"href":"https:\/\/www.tvnovelas.com.br\/tvnews\/wp-json\/wp\/v2\/posts\/79555\/revisions"}],"predecessor-version":[{"id":79557,"href":"https:\/\/www.tvnovelas.com.br\/tvnews\/wp-json\/wp\/v2\/posts\/79555\/revisions\/79557"}],"wp:featuredmedia":[{"embeddable":true,"href":"https:\/\/www.tvnovelas.com.br\/tvnews\/wp-json\/wp\/v2\/media\/78706"}],"wp:attachment":[{"href":"https:\/\/www.tvnovelas.com.br\/tvnews\/wp-json\/wp\/v2\/media?parent=79555"}],"wp:term":[{"taxonomy":"category","embeddable":true,"href":"https:\/\/www.tvnovelas.com.br\/tvnews\/wp-json\/wp\/v2\/categories?post=79555"},{"taxonomy":"post_tag","embeddable":true,"href":"https:\/\/www.tvnovelas.com.br\/tvnews\/wp-json\/wp\/v2\/tags?post=79555"}],"curies":[{"name":"wp","href":"https:\/\/api.w.org\/{rel}","templated":true}]}}