{"id":79614,"date":"2025-07-26T09:36:18","date_gmt":"2025-07-26T12:36:18","guid":{"rendered":"https:\/\/www.tvnovelas.com.br\/tvnews\/?p=79614"},"modified":"2025-07-26T09:36:51","modified_gmt":"2025-07-26T12:36:51","slug":"dona-de-mim-samuel-diz-a-leo-que-eles-nao-poderao-ficar-juntos","status":"publish","type":"post","link":"https:\/\/www.tvnovelas.com.br\/tvnews\/dona-de-mim-samuel-diz-a-leo-que-eles-nao-poderao-ficar-juntos\/","title":{"rendered":"Dona de Mim: Samuel diz a Leo que eles n\u00e3o poder\u00e3o ficar juntos"},"content":{"rendered":"<figure id=\"attachment_79615\" aria-describedby=\"caption-attachment-79615\" style=\"width: 728px\" class=\"wp-caption alignnone\"><img data-recalc-dims=\"1\" decoding=\"async\" class=\"wp-image-79615 size-full\" title=\"(Foto: TV Globo\/Dona de Mim)\" src=\"https:\/\/i0.wp.com\/www.tvnovelas.com.br\/tvnews\/wp-content\/uploads\/2025\/07\/11616.jpg?resize=728%2C410&#038;ssl=1\" alt=\"Foto em Dona de Mim: Samuel diz a Leo que eles n\u00e3o poder\u00e3o ficar juntos\" width=\"728\" height=\"410\" srcset=\"https:\/\/i0.wp.com\/www.tvnovelas.com.br\/tvnews\/wp-content\/uploads\/2025\/07\/11616.jpg?w=728&amp;ssl=1 728w, https:\/\/i0.wp.com\/www.tvnovelas.com.br\/tvnews\/wp-content\/uploads\/2025\/07\/11616.jpg?resize=250%2C141&amp;ssl=1 250w\" sizes=\"(max-width: 728px) 100vw, 728px\" \/><figcaption id=\"caption-attachment-79615\" class=\"wp-caption-text\">Dona de Mim: Samuel diz a Leo que eles n\u00e3o poder\u00e3o ficar juntos<\/figcaption><\/figure>\n<p>Em Dona de Mim, Samuel (Juan Paiva) demorou para tomar coragem e se declarar para Leona (Clara Moneke) e, quando finalmente consegue, recebe a not\u00edcia de que Katinha (Lenita Oliver) estaria gr\u00e1vida. E, mesmo apaixonado por Leo, Samuel n\u00e3o conseguir\u00e1 evitar um novo beijo, mas avisar\u00e1 a ela que ir\u00e1 ficar ao lado da mulher que acredita estar esperando um filho seu.<\/p>\n<p>Leo e Samuel estar\u00e3o tristes por conta da preocupa\u00e7\u00e3o de ambos com a situa\u00e7\u00e3o de Sofia (Elis Cabral) e o pai biol\u00f3gico, Vanderson (Armando Babaioff). E se apoiar\u00e3o com um beijo.<\/p>\n<p>\u201cAcredito que a gente vai sair dessa: seu pai, a Sof, voc\u00ea, eu. Juntos\u201d, diz Leo.<\/p>\n<p>\u201cQuando voc\u00ea fala assim, parece que o mundo faz sentido. Que eu posso ter f\u00e9\u201d, responde Samuel.<\/p>\n<p>Os dois, ent\u00e3o, ir\u00e1 se beijar. Mas, logo depois, Samuel se arrepender\u00e1, pois estar\u00e1 decidido a tentar formar uma fam\u00edlia com Katinha.<\/p>\n<p>\u201cDesculpa, Leo. Estou pedindo desculpa pelo que eu vou te dizer agora. O dia hoje est\u00e1 confuso, n\u00e3o estou no meu melhor, mas&#8230; preciso te dizer que eu combinei com a Katinha de tentar ficar junto pelo nosso beb\u00ea. Pelo menos tentar.\u201d<\/p>\n<p>E, Leo, ciente da hist\u00f3ria de Samuel, abandonado pela fam\u00edlia ainda crian\u00e7a, ir\u00e1 compreender os motivos dele, apesar da tristeza.<\/p>\n<p>\u201cEu sei o peso que um trauma pode ter, Samuel. N\u00e3o vou te julgar. S\u00f3 sinto muito.\u201d<br \/>\n<!--FIM--><br \/>\n<strong>Sobre a novela<\/strong><br \/>\n<a href=\"https:\/\/wp.me\/pfspD2-UO\" target=\"_blank\" rel=\"noopener\">Dona de Mim: A trama da novela<\/a><br \/>\n<a href=\"https:\/\/wp.me\/pfspD2-UG\" target=\"_blank\" rel=\"noopener\">Dona de Mim: A fam\u00edlia Boaz e seu imp\u00e9rio de lingerie<\/a><\/p>\n<div style=\"font-size: 120%;\"><h3>Confira tamb\u00e9m<\/h3>\r\n<a href=\"https:\/\/tvnovelas.com.br\/novelas\/\" rel=\"noopener\" target=\"_blank\"><strong>Todos os resumos de novelas<\/strong><\/a><\/br>\r\n<a href=\"https:\/\/www.tvnovelas.com.br\/tvnews\/\" rel=\"noopener\" target=\"_blank\"><strong>\u00daltimas not\u00edcias das novelas<\/strong><\/a><\/br>\r\n<a href=\"https:\/\/www.tvnovelas.com.br\/filmes\/\" target=\"_blank\" rel=\"noopener noreferrer\"><strong>Programa\u00e7\u00e3o de filmes na TV aberta<\/strong><\/a><\/br>\r\n<a href=\"https:\/\/caetenews.com.br\/semana\/filmes-da-globo-na-sessao-da-tarde-desta-semana\/\" target=\"_blank\" rel=\"noopener\"><strong>Confira os filmes da semana na Sess\u00e3o da Tarde<\/strong><\/a><\/br>\r\n<a href=\"https:\/\/classindportal.mj.gov.br\/consulta-filmes\" target=\"_blank\" rel=\"noopener\"><strong>Consulte a classifica\u00e7\u00e3o indicativa dos filmes e novelas<\/strong><\/a><\/br><\/div>\n","protected":false},"excerpt":{"rendered":"<p>Dona de Mim: Samuel diz a Leo que eles n\u00e3o poder\u00e3o ficar juntos&#8230; Em Dona de Mim, Samuel (Juan Paiva) demorou para tomar coragem e se declarar para&#8230;<\/p>\n","protected":false},"author":1,"featured_media":79615,"comment_status":"closed","ping_status":"closed","sticky":false,"template":"","format":"standard","meta":{"_uf_show_specific_survey":0,"_uf_disable_surveys":false,"_jetpack_memberships_contains_paid_content":false,"footnotes":"","_wp_rev_ctl_limit":""},"categories":[884],"tags":[883,5,64],"class_list":["post-79614","post","type-post","status-publish","format-standard","has-post-thumbnail","hentry","category-dona-de-mim","tag-dona-de-mim","tag-globo","tag-novelas","wpcat-884-id"],"aioseo_notices":[],"jetpack_featured_media_url":"https:\/\/i0.wp.com\/www.tvnovelas.com.br\/tvnews\/wp-content\/uploads\/2025\/07\/11616.jpg?fit=728%2C410&ssl=1","jetpack_shortlink":"https:\/\/wp.me\/pdP2BO-kI6","jetpack_sharing_enabled":true,"_links":{"self":[{"href":"https:\/\/www.tvnovelas.com.br\/tvnews\/wp-json\/wp\/v2\/posts\/79614","targetHints":{"allow":["GET"]}}],"collection":[{"href":"https:\/\/www.tvnovelas.com.br\/tvnews\/wp-json\/wp\/v2\/posts"}],"about":[{"href":"https:\/\/www.tvnovelas.com.br\/tvnews\/wp-json\/wp\/v2\/types\/post"}],"author":[{"embeddable":true,"href":"https:\/\/www.tvnovelas.com.br\/tvnews\/wp-json\/wp\/v2\/users\/1"}],"replies":[{"embeddable":true,"href":"https:\/\/www.tvnovelas.com.br\/tvnews\/wp-json\/wp\/v2\/comments?post=79614"}],"version-history":[{"count":2,"href":"https:\/\/www.tvnovelas.com.br\/tvnews\/wp-json\/wp\/v2\/posts\/79614\/revisions"}],"predecessor-version":[{"id":79617,"href":"https:\/\/www.tvnovelas.com.br\/tvnews\/wp-json\/wp\/v2\/posts\/79614\/revisions\/79617"}],"wp:featuredmedia":[{"embeddable":true,"href":"https:\/\/www.tvnovelas.com.br\/tvnews\/wp-json\/wp\/v2\/media\/79615"}],"wp:attachment":[{"href":"https:\/\/www.tvnovelas.com.br\/tvnews\/wp-json\/wp\/v2\/media?parent=79614"}],"wp:term":[{"taxonomy":"category","embeddable":true,"href":"https:\/\/www.tvnovelas.com.br\/tvnews\/wp-json\/wp\/v2\/categories?post=79614"},{"taxonomy":"post_tag","embeddable":true,"href":"https:\/\/www.tvnovelas.com.br\/tvnews\/wp-json\/wp\/v2\/tags?post=79614"}],"curies":[{"name":"wp","href":"https:\/\/api.w.org\/{rel}","templated":true}]}}