{"id":79619,"date":"2025-07-26T10:12:16","date_gmt":"2025-07-26T13:12:16","guid":{"rendered":"https:\/\/www.tvnovelas.com.br\/tvnews\/?p=79619"},"modified":"2025-07-26T10:12:16","modified_gmt":"2025-07-26T13:12:16","slug":"vale-tudo-fatima-age-rapido-para-salvar-cesar-e-olavo-da-policia","status":"publish","type":"post","link":"https:\/\/www.tvnovelas.com.br\/tvnews\/vale-tudo-fatima-age-rapido-para-salvar-cesar-e-olavo-da-policia\/","title":{"rendered":"Vale Tudo: F\u00e1tima age r\u00e1pido para salvar C\u00e9sar e Olavo da pol\u00edcia"},"content":{"rendered":"<figure id=\"attachment_79620\" aria-describedby=\"caption-attachment-79620\" style=\"width: 728px\" class=\"wp-caption alignnone\"><img data-recalc-dims=\"1\" decoding=\"async\" class=\"wp-image-79620 size-full\" title=\"(Foto: TV Globo\/Vale Tudo)\" src=\"https:\/\/i0.wp.com\/www.tvnovelas.com.br\/tvnews\/wp-content\/uploads\/2025\/07\/11617.jpg?resize=728%2C410&#038;ssl=1\" alt=\"Foto em Vale Tudo: F\u00e1tima age r\u00e1pido para salvar C\u00e9sar e Olavo da pol\u00edcia\" width=\"728\" height=\"410\" srcset=\"https:\/\/i0.wp.com\/www.tvnovelas.com.br\/tvnews\/wp-content\/uploads\/2025\/07\/11617.jpg?w=728&amp;ssl=1 728w, https:\/\/i0.wp.com\/www.tvnovelas.com.br\/tvnews\/wp-content\/uploads\/2025\/07\/11617.jpg?resize=250%2C141&amp;ssl=1 250w\" sizes=\"(max-width: 728px) 100vw, 728px\" \/><figcaption id=\"caption-attachment-79620\" class=\"wp-caption-text\">Vale Tudo: F\u00e1tima age r\u00e1pido para salvar C\u00e9sar e Olavo da pol\u00edcia<\/figcaption><\/figure>\n<p>Em Vale Tudo, C\u00e9sar (Cau\u00e3 Reymond) e Olavo (Ricardo Teodoro) precisavam de dinheiro para dar in\u00edcio \u00e0 produ\u00e7\u00e3o de filmes adultos que querem tocar. Ent\u00e3o, conseguiram o capital seguindo uma ideia perigosa de F\u00e1tima (Bella Campos): roubar um dos quadros de Heleninha (Paolla Oliveira). Com sorte, a dupla conseguiu entrar na mans\u00e3o fingindo ser da empresa que iria transportar a obra. Mas, agora, a situa\u00e7\u00e3o vai apertar para os dois.<\/p>\n<p>Antes de sair para pegar uma praia, F\u00e1tima ir\u00e1 consolar Heleninha, que, mais uma vez, vai estar arrasada por ter tido uma reca\u00edda com o \u00e1lcool e brigado com Ivan. No papo, a pintora comentar\u00e1 que a investiga\u00e7\u00e3o sobre o roubo do quadro teve um avan\u00e7o.<\/p>\n<p>F\u00e1tima tentar\u00e1 fingir tranquilidade, enquanto pede mais informa\u00e7\u00f5es \u00e0 cunhada sem dar bandeira.<\/p>\n<p>\u201cImagina, a seguran\u00e7a da casa que a gente mora \u00e9 muito mais importante que praia. Esses caras s\u00e3o bandidos. Estavam aqui dentro outro dia Mas e a\u00ed? Reconheceram o cara que entrou aqui?\u201d<\/p>\n<p>\u201c\u00c9, parece que o cara tem passagem pela pol\u00edcia. Eles j\u00e1 t\u00eam at\u00e9 um endere\u00e7o\u201d, contar\u00e1 Heleninha.<\/p>\n<p>F\u00e1tima tentar\u00e1 acionar C\u00e9sar em v\u00e3o, pois o modelo e Olavo v\u00e3o estar com outras mo\u00e7as, gravando o tal filme no est\u00fadio do fot\u00f3grafo. A vil\u00e3, ent\u00e3o, ir\u00e1 l\u00e1 avisar pessoalmente, mas, assim que sair do carro, perceber\u00e1 que j\u00e1 tem agentes na entrada do edif\u00edcio. Ela ligar\u00e1 novamente para o parceiro que, desta vez, ir\u00e1 atender.<\/p>\n<p>\u201cSe liga, a pol\u00edcia t\u00e1 subindo a\u00ed agora\u201d, dir\u00e1 ela, em tom de urg\u00eancia.<\/p>\n<p>\u201cA pol\u00edcia?? T\u00e1 de brincadeira, F\u00e1tima\u201d, questionar\u00e1 ele.<\/p>\n<p>\u201cEu t\u00f4 com voz de quem t\u00e1 brincando?? A empresa de seguran\u00e7a reconheceu um de voc\u00eas dois. Eu t\u00f4 aqui embaixo e t\u00f4 vendo os caras&#8230; est\u00e3o interfonando agora\u201d, avisar\u00e1 a mo\u00e7a.<\/p>\n<p>Logo em seguida, o interfone do est\u00fadio de Olavo, de fato, ir\u00e1 tocar e o fot\u00f3grafo vai pedir para o amigo atender.<\/p>\n<p>\u201c\u00c9 melhor eu n\u00e3o atender, n\u00e3o, irm\u00e3o&#8230; porque \u00e9 a pol\u00edcia que t\u00e1 interfonando\u201d, dir\u00e1 C\u00e9sar.<br \/>\n<!--FIM--><br \/>\n<strong>Sobre a novela<\/strong><\/p>\n<p><a href=\"https:\/\/wp.me\/pfspD2-U7\" target=\"_blank\" rel=\"noopener\">Vale Tudo: Conflitos de princ\u00edpios e valores (Sinopse)<\/a><\/p>\n<p><a href=\"https:\/\/wp.me\/pfspD2-oI\" target=\"_blank\" rel=\"noopener\">Vale Tudo: Invers\u00e3o de valores no final dos anos 1980<\/a> (Sinopse)<\/p>\n<div style=\"font-size: 120%;\"><h3>Confira tamb\u00e9m<\/h3>\r\n<a href=\"https:\/\/tvnovelas.com.br\/novelas\/\" rel=\"noopener\" target=\"_blank\"><strong>Todos os resumos de novelas<\/strong><\/a><\/br>\r\n<a href=\"https:\/\/www.tvnovelas.com.br\/tvnews\/\" rel=\"noopener\" target=\"_blank\"><strong>\u00daltimas not\u00edcias das novelas<\/strong><\/a><\/br>\r\n<a href=\"https:\/\/www.tvnovelas.com.br\/filmes\/\" target=\"_blank\" rel=\"noopener noreferrer\"><strong>Programa\u00e7\u00e3o de filmes na TV aberta<\/strong><\/a><\/br>\r\n<a href=\"https:\/\/caetenews.com.br\/semana\/filmes-da-globo-na-sessao-da-tarde-desta-semana\/\" target=\"_blank\" rel=\"noopener\"><strong>Confira os filmes da semana na Sess\u00e3o da Tarde<\/strong><\/a><\/br>\r\n<a href=\"https:\/\/classindportal.mj.gov.br\/consulta-filmes\" target=\"_blank\" rel=\"noopener\"><strong>Consulte a classifica\u00e7\u00e3o indicativa dos filmes e novelas<\/strong><\/a><\/br><br \/>\n&lt;\/div<\/div>\n","protected":false},"excerpt":{"rendered":"<p>Vale Tudo: F\u00e1tima age r\u00e1pido para salvar C\u00e9sar e Olavo da pol\u00edcia&#8230;<\/p>\n","protected":false},"author":1,"featured_media":79620,"comment_status":"closed","ping_status":"closed","sticky":false,"template":"","format":"standard","meta":{"_uf_show_specific_survey":0,"_uf_disable_surveys":false,"_jetpack_memberships_contains_paid_content":false,"footnotes":"","_wp_rev_ctl_limit":""},"categories":[871],"tags":[5,64,801],"class_list":["post-79619","post","type-post","status-publish","format-standard","has-post-thumbnail","hentry","category-vale-tudo","tag-globo","tag-novelas","tag-vale-tudo","wpcat-871-id"],"aioseo_notices":[],"jetpack_featured_media_url":"https:\/\/i0.wp.com\/www.tvnovelas.com.br\/tvnews\/wp-content\/uploads\/2025\/07\/11617.jpg?fit=728%2C410&ssl=1","jetpack_shortlink":"https:\/\/wp.me\/pdP2BO-kIb","jetpack_sharing_enabled":true,"_links":{"self":[{"href":"https:\/\/www.tvnovelas.com.br\/tvnews\/wp-json\/wp\/v2\/posts\/79619","targetHints":{"allow":["GET"]}}],"collection":[{"href":"https:\/\/www.tvnovelas.com.br\/tvnews\/wp-json\/wp\/v2\/posts"}],"about":[{"href":"https:\/\/www.tvnovelas.com.br\/tvnews\/wp-json\/wp\/v2\/types\/post"}],"author":[{"embeddable":true,"href":"https:\/\/www.tvnovelas.com.br\/tvnews\/wp-json\/wp\/v2\/users\/1"}],"replies":[{"embeddable":true,"href":"https:\/\/www.tvnovelas.com.br\/tvnews\/wp-json\/wp\/v2\/comments?post=79619"}],"version-history":[{"count":1,"href":"https:\/\/www.tvnovelas.com.br\/tvnews\/wp-json\/wp\/v2\/posts\/79619\/revisions"}],"predecessor-version":[{"id":79622,"href":"https:\/\/www.tvnovelas.com.br\/tvnews\/wp-json\/wp\/v2\/posts\/79619\/revisions\/79622"}],"wp:featuredmedia":[{"embeddable":true,"href":"https:\/\/www.tvnovelas.com.br\/tvnews\/wp-json\/wp\/v2\/media\/79620"}],"wp:attachment":[{"href":"https:\/\/www.tvnovelas.com.br\/tvnews\/wp-json\/wp\/v2\/media?parent=79619"}],"wp:term":[{"taxonomy":"category","embeddable":true,"href":"https:\/\/www.tvnovelas.com.br\/tvnews\/wp-json\/wp\/v2\/categories?post=79619"},{"taxonomy":"post_tag","embeddable":true,"href":"https:\/\/www.tvnovelas.com.br\/tvnews\/wp-json\/wp\/v2\/tags?post=79619"}],"curies":[{"name":"wp","href":"https:\/\/api.w.org\/{rel}","templated":true}]}}