{"id":79636,"date":"2025-07-26T16:02:05","date_gmt":"2025-07-26T19:02:05","guid":{"rendered":"https:\/\/www.tvnovelas.com.br\/tvnews\/?p=79636"},"modified":"2025-07-26T16:03:02","modified_gmt":"2025-07-26T19:03:02","slug":"a-caverna-encantada-norma-e-goma-tem-jantar-romantico","status":"publish","type":"post","link":"https:\/\/www.tvnovelas.com.br\/tvnews\/a-caverna-encantada-norma-e-goma-tem-jantar-romantico\/","title":{"rendered":"A Caverna Encantada: Norma e Goma t\u00eam jantar rom\u00e2ntico"},"content":{"rendered":"<figure id=\"attachment_79645\" aria-describedby=\"caption-attachment-79645\" style=\"width: 728px\" class=\"wp-caption alignnone\"><img data-recalc-dims=\"1\" decoding=\"async\" class=\"wp-image-79645 size-full\" title=\"(Foto: SBT\/A Caverna Encantada) \" src=\"https:\/\/i0.wp.com\/www.tvnovelas.com.br\/tvnews\/wp-content\/uploads\/2025\/07\/11619a.jpg?resize=728%2C410&#038;ssl=1\" alt=\"Foto em A Caverna Encantada: Norma e Goma t\u00eam jantar rom\u00e2ntico\" width=\"728\" height=\"410\" srcset=\"https:\/\/i0.wp.com\/www.tvnovelas.com.br\/tvnews\/wp-content\/uploads\/2025\/07\/11619a.jpg?w=728&amp;ssl=1 728w, https:\/\/i0.wp.com\/www.tvnovelas.com.br\/tvnews\/wp-content\/uploads\/2025\/07\/11619a.jpg?resize=250%2C141&amp;ssl=1 250w\" sizes=\"(max-width: 728px) 100vw, 728px\" \/><figcaption id=\"caption-attachment-79645\" class=\"wp-caption-text\">A Caverna Encantada: Norma e Goma t\u00eam jantar rom\u00e2ntico<\/figcaption><\/figure>\n<p>No cap\u00edtulo de A Caverna Encantada desta segunda, dia 28, Goma e Norma t\u00eam um encontro rom\u00e2ntico influenciado por Elisa e C\u00e9sar.<\/p>\n<p>Depois, Caminhando com Norma na rua, Goma tenta provocar ci\u00fames em Faf\u00e1, mas ela se mostra aliviada por estar livre dele. Norma quer saber se Goma ainda sente algo por Faf\u00e1 e revela que j\u00e1 sofreu por amor e n\u00e3o quer reviver essa dor.<\/p>\n<p>Depois de levar um fora de C\u00e9sar, Norma agora est\u00e1 empolgada com sua rela\u00e7\u00e3o com Goma. Ela prop\u00f5e a ele que fa\u00e7am aulas de nata\u00e7\u00e3o juntos e manifesta o desejo de construir uma piscina no col\u00e9gio.<\/p>\n<p><a href=\"https:\/\/www.tvnovelas.com.br\/tvnews\/o-que-rola-em-a-caverna-encantada-na-semana-28-7-a-1o-8\/\" rel=\"noopener\" target=\"_blank\">Leia o resumo da semana 28\/7 a 1\u00ba de agosto<\/a><br \/>\n<!--FIM--><\/p>\n<div style=\"font-size: 120%;\"><h3>Confira tamb\u00e9m<\/h3>\r\n<a href=\"https:\/\/tvnovelas.com.br\/novelas\/\" rel=\"noopener\" target=\"_blank\"><strong>Todos os resumos de novelas<\/strong><\/a><\/br>\r\n<a href=\"https:\/\/www.tvnovelas.com.br\/tvnews\/\" rel=\"noopener\" target=\"_blank\"><strong>\u00daltimas not\u00edcias das novelas<\/strong><\/a><\/br>\r\n<a href=\"https:\/\/www.tvnovelas.com.br\/filmes\/\" target=\"_blank\" rel=\"noopener noreferrer\"><strong>Programa\u00e7\u00e3o de filmes na TV aberta<\/strong><\/a><\/br>\r\n<a href=\"https:\/\/caetenews.com.br\/semana\/filmes-da-globo-na-sessao-da-tarde-desta-semana\/\" target=\"_blank\" rel=\"noopener\"><strong>Confira os filmes da semana na Sess\u00e3o da Tarde<\/strong><\/a><\/br>\r\n<a href=\"https:\/\/classindportal.mj.gov.br\/consulta-filmes\" target=\"_blank\" rel=\"noopener\"><strong>Consulte a classifica\u00e7\u00e3o indicativa dos filmes e novelas<\/strong><\/a><\/br><\/div>\n","protected":false},"excerpt":{"rendered":"<p>A Caverna Encantada: Norma e Goma t\u00eam jantar rom\u00e2ntico&#8230; No cap\u00edtulo de A Caverna Encantada desta segunda, dia 28, Goma e Norma t\u00eam um encontro rom\u00e2ntico&#8230;<\/p>\n","protected":false},"author":1,"featured_media":79645,"comment_status":"closed","ping_status":"closed","sticky":false,"template":"","format":"standard","meta":{"_uf_show_specific_survey":0,"_uf_disable_surveys":false,"_jetpack_memberships_contains_paid_content":false,"footnotes":"","_wp_rev_ctl_limit":""},"categories":[766],"tags":[767,64,13],"class_list":["post-79636","post","type-post","status-publish","format-standard","has-post-thumbnail","hentry","category-a-caverna-encantada","tag-a-caverna-encantada","tag-novelas","tag-sbt","wpcat-766-id"],"aioseo_notices":[],"jetpack_featured_media_url":"https:\/\/i0.wp.com\/www.tvnovelas.com.br\/tvnews\/wp-content\/uploads\/2025\/07\/11619a.jpg?fit=728%2C410&ssl=1","jetpack_shortlink":"https:\/\/wp.me\/pdP2BO-kIs","jetpack_sharing_enabled":true,"_links":{"self":[{"href":"https:\/\/www.tvnovelas.com.br\/tvnews\/wp-json\/wp\/v2\/posts\/79636","targetHints":{"allow":["GET"]}}],"collection":[{"href":"https:\/\/www.tvnovelas.com.br\/tvnews\/wp-json\/wp\/v2\/posts"}],"about":[{"href":"https:\/\/www.tvnovelas.com.br\/tvnews\/wp-json\/wp\/v2\/types\/post"}],"author":[{"embeddable":true,"href":"https:\/\/www.tvnovelas.com.br\/tvnews\/wp-json\/wp\/v2\/users\/1"}],"replies":[{"embeddable":true,"href":"https:\/\/www.tvnovelas.com.br\/tvnews\/wp-json\/wp\/v2\/comments?post=79636"}],"version-history":[{"count":5,"href":"https:\/\/www.tvnovelas.com.br\/tvnews\/wp-json\/wp\/v2\/posts\/79636\/revisions"}],"predecessor-version":[{"id":79650,"href":"https:\/\/www.tvnovelas.com.br\/tvnews\/wp-json\/wp\/v2\/posts\/79636\/revisions\/79650"}],"wp:featuredmedia":[{"embeddable":true,"href":"https:\/\/www.tvnovelas.com.br\/tvnews\/wp-json\/wp\/v2\/media\/79645"}],"wp:attachment":[{"href":"https:\/\/www.tvnovelas.com.br\/tvnews\/wp-json\/wp\/v2\/media?parent=79636"}],"wp:term":[{"taxonomy":"category","embeddable":true,"href":"https:\/\/www.tvnovelas.com.br\/tvnews\/wp-json\/wp\/v2\/categories?post=79636"},{"taxonomy":"post_tag","embeddable":true,"href":"https:\/\/www.tvnovelas.com.br\/tvnews\/wp-json\/wp\/v2\/tags?post=79636"}],"curies":[{"name":"wp","href":"https:\/\/api.w.org\/{rel}","templated":true}]}}