{"id":79731,"date":"2025-07-28T14:42:23","date_gmt":"2025-07-28T17:42:23","guid":{"rendered":"https:\/\/www.tvnovelas.com.br\/tvnews\/?p=79731"},"modified":"2025-07-28T14:42:23","modified_gmt":"2025-07-28T17:42:23","slug":"vale-tudo-heleninha-entra-em-crise-vendo-ivan-arrumar-as-malas","status":"publish","type":"post","link":"https:\/\/www.tvnovelas.com.br\/tvnews\/vale-tudo-heleninha-entra-em-crise-vendo-ivan-arrumar-as-malas\/","title":{"rendered":"Vale Tudo: Heleninha entra em crise vendo Ivan arrumar as malas"},"content":{"rendered":"<figure id=\"attachment_79732\" aria-describedby=\"caption-attachment-79732\" style=\"width: 728px\" class=\"wp-caption alignnone\"><img data-recalc-dims=\"1\" decoding=\"async\" class=\"wp-image-79732 size-full\" title=\"(Foto: TV Globo\/Vale Tudo)\" src=\"https:\/\/i0.wp.com\/www.tvnovelas.com.br\/tvnews\/wp-content\/uploads\/2025\/07\/11628.jpg?resize=728%2C410&#038;ssl=1\" alt=\"Em Vale Tudo: Heleninha entra em crise vendo Ivan arrumar as malas...\" width=\"728\" height=\"410\" srcset=\"https:\/\/i0.wp.com\/www.tvnovelas.com.br\/tvnews\/wp-content\/uploads\/2025\/07\/11628.jpg?w=728&amp;ssl=1 728w, https:\/\/i0.wp.com\/www.tvnovelas.com.br\/tvnews\/wp-content\/uploads\/2025\/07\/11628.jpg?resize=250%2C141&amp;ssl=1 250w\" sizes=\"(max-width: 728px) 100vw, 728px\" \/><figcaption id=\"caption-attachment-79732\" class=\"wp-caption-text\">Vale Tudo: Heleninha entra em crise vendo Ivan arrumar as malas&#8230;<\/figcaption><\/figure>\n<p>Em Vale Tudo, Ivan (Renato G\u00f3es) chegou ao seu limite emocional com Heleninha (Paolla Oliveira). Desde que voltaram de Roma, o executivo est\u00e1 lidando com as constantes crises de ci\u00fame da esposa e reca\u00eddas com o \u00e1lcool, que est\u00e3o cada vez mais dr\u00e1sticas e frequentes. Ivan, ent\u00e3o, tomar\u00e1 uma decis\u00e3o bem s\u00e9ria em rela\u00e7\u00e3o ao matrim\u00f4nio.<\/p>\n<p>Com uma postura de amigo, ele chamar\u00e1 Heleninha para uma conversa sobre os rumos do casal.<\/p>\n<p>\u201cA nossa rela\u00e7\u00e3o n\u00e3o est\u00e1 fazendo bem nem para mim, nem pra voc\u00ea, Heleninha\u201d, come\u00e7ar\u00e1 ele.<\/p>\n<p>\u201cQuem disse isso? Voc\u00ea me faz muito bem, Ivan! Muito bem!\u201d, responder\u00e1 ela, aflita.<\/p>\n<p>J\u00e1 em um tom euf\u00f3rico, Heleninha come\u00e7ar\u00e1 a enumerar as formas em que Ivan melhorou a vida dela, mas o executivo ir\u00e1 pedir por sinceridade, dizendo que se ele fizesse t\u00e3o bem assim, ela n\u00e3o estaria tendo crises de forma t\u00e3o recorrentes.<\/p>\n<p>\u201cSer\u00e1 que voc\u00ea n\u00e3o v\u00ea que isso \u00e9 pesado demais pra qualquer um? Eu n\u00e3o consigo mais\u201d, dir\u00e1 Ivan, que come\u00e7ar\u00e1 a arrumar as malas.<\/p>\n<p>Heleninha se desesperar\u00e1, dir\u00e1 que faz o que for preciso para Ivan mudar de ideia, mas nada adiantar\u00e1, pois o executivo ser\u00e1 implac\u00e1vel na decis\u00e3o.<\/p>\n<p>\u201cEu sempre vou te amar, e vou ser seu amigo, como eu sou da Leila. Voc\u00ea pode contar comigo sempre\u201d, garantir\u00e1 Ivan.<\/p>\n<p>\u201cVoc\u00ea est\u00e1 dizendo o qu\u00ea, Ivan? Que voc\u00ea vai se separar de mim? \u00c9 isso?\u201d, questionar\u00e1 Heleninha.<\/p>\n<p>Nervosa ao ver a cena do marido arrumando a mala, Heleninha entrar\u00e1 em uma crise. Ela sair\u00e1 correndo do quarto \u00e0s pressas, atr\u00e1s de Celina (Malu Galli), e ir\u00e1 implorar \u00e0 tia para que tente convencer Ivan a ficar.<\/p>\n<p>\u201cFala com ele, por favor! Explica pra ele que eu estou s\u00f3 numa fase ruim, mas passa\u201d, pedir\u00e1 ela, afobada.<\/p>\n<p>\u201cHeleninha, meu anjo, eu n\u00e3o tenho esse poder&#8230; Se o Ivan est\u00e1 decidido, talvez seja melhor deixar ele ir\u201d, responder\u00e1 Celina.<\/p>\n<p>\u201cPara de me enganar, tia Celina! Eu sei que se o Ivan for embora, ele n\u00e3o vai mais voltar! N\u00e3o tenta me enganar! Eu n\u00e3o sou crian\u00e7a!\u201d, continuar\u00e1 a pintora.<br \/>\n<!--FIM--><br \/>\n<strong>Sobre a novela<\/strong><\/p>\n<p><a href=\"https:\/\/wp.me\/pfspD2-U7\" target=\"_blank\" rel=\"noopener\">Vale Tudo: Conflitos de princ\u00edpios e valores (Sinopse)<\/a><\/p>\n<p><a href=\"https:\/\/wp.me\/pfspD2-oI\" target=\"_blank\" rel=\"noopener\">Vale Tudo: Invers\u00e3o de valores no final dos anos 1980<\/a> (Sinopse)<\/p>\n<div style=\"font-size: 120%;\"><h3>Confira tamb\u00e9m<\/h3>\r\n<a href=\"https:\/\/tvnovelas.com.br\/novelas\/\" rel=\"noopener\" target=\"_blank\"><strong>Todos os resumos de novelas<\/strong><\/a><\/br>\r\n<a href=\"https:\/\/www.tvnovelas.com.br\/tvnews\/\" rel=\"noopener\" target=\"_blank\"><strong>\u00daltimas not\u00edcias das novelas<\/strong><\/a><\/br>\r\n<a href=\"https:\/\/www.tvnovelas.com.br\/filmes\/\" target=\"_blank\" rel=\"noopener noreferrer\"><strong>Programa\u00e7\u00e3o de filmes na TV aberta<\/strong><\/a><\/br>\r\n<a href=\"https:\/\/caetenews.com.br\/semana\/filmes-da-globo-na-sessao-da-tarde-desta-semana\/\" target=\"_blank\" rel=\"noopener\"><strong>Confira os filmes da semana na Sess\u00e3o da Tarde<\/strong><\/a><\/br>\r\n<a href=\"https:\/\/classindportal.mj.gov.br\/consulta-filmes\" target=\"_blank\" rel=\"noopener\"><strong>Consulte a classifica\u00e7\u00e3o indicativa dos filmes e novelas<\/strong><\/a><\/br><br \/>\n&lt;\/div<\/div>\n","protected":false},"excerpt":{"rendered":"<p>Vale Tudo: Heleninha entra em crise vendo Ivan arrumar as malas&#8230; Em Vale Tudo, Ivan (Renato G\u00f3es) chegou ao seu limite emocional com Heleninha&#8230;<\/p>\n","protected":false},"author":1,"featured_media":79732,"comment_status":"closed","ping_status":"closed","sticky":false,"template":"","format":"standard","meta":{"_uf_show_specific_survey":0,"_uf_disable_surveys":false,"_jetpack_memberships_contains_paid_content":false,"footnotes":"","_wp_rev_ctl_limit":""},"categories":[871],"tags":[5,64,801],"class_list":["post-79731","post","type-post","status-publish","format-standard","has-post-thumbnail","hentry","category-vale-tudo","tag-globo","tag-novelas","tag-vale-tudo","wpcat-871-id"],"aioseo_notices":[],"jetpack_featured_media_url":"https:\/\/i0.wp.com\/www.tvnovelas.com.br\/tvnews\/wp-content\/uploads\/2025\/07\/11628.jpg?fit=728%2C410&ssl=1","jetpack_shortlink":"https:\/\/wp.me\/pdP2BO-kJZ","jetpack_sharing_enabled":true,"_links":{"self":[{"href":"https:\/\/www.tvnovelas.com.br\/tvnews\/wp-json\/wp\/v2\/posts\/79731","targetHints":{"allow":["GET"]}}],"collection":[{"href":"https:\/\/www.tvnovelas.com.br\/tvnews\/wp-json\/wp\/v2\/posts"}],"about":[{"href":"https:\/\/www.tvnovelas.com.br\/tvnews\/wp-json\/wp\/v2\/types\/post"}],"author":[{"embeddable":true,"href":"https:\/\/www.tvnovelas.com.br\/tvnews\/wp-json\/wp\/v2\/users\/1"}],"replies":[{"embeddable":true,"href":"https:\/\/www.tvnovelas.com.br\/tvnews\/wp-json\/wp\/v2\/comments?post=79731"}],"version-history":[{"count":1,"href":"https:\/\/www.tvnovelas.com.br\/tvnews\/wp-json\/wp\/v2\/posts\/79731\/revisions"}],"predecessor-version":[{"id":79733,"href":"https:\/\/www.tvnovelas.com.br\/tvnews\/wp-json\/wp\/v2\/posts\/79731\/revisions\/79733"}],"wp:featuredmedia":[{"embeddable":true,"href":"https:\/\/www.tvnovelas.com.br\/tvnews\/wp-json\/wp\/v2\/media\/79732"}],"wp:attachment":[{"href":"https:\/\/www.tvnovelas.com.br\/tvnews\/wp-json\/wp\/v2\/media?parent=79731"}],"wp:term":[{"taxonomy":"category","embeddable":true,"href":"https:\/\/www.tvnovelas.com.br\/tvnews\/wp-json\/wp\/v2\/categories?post=79731"},{"taxonomy":"post_tag","embeddable":true,"href":"https:\/\/www.tvnovelas.com.br\/tvnews\/wp-json\/wp\/v2\/tags?post=79731"}],"curies":[{"name":"wp","href":"https:\/\/api.w.org\/{rel}","templated":true}]}}