{"id":79735,"date":"2025-07-28T15:17:19","date_gmt":"2025-07-28T18:17:19","guid":{"rendered":"https:\/\/www.tvnovelas.com.br\/tvnews\/?p=79735"},"modified":"2025-07-28T15:17:19","modified_gmt":"2025-07-28T18:17:19","slug":"o-que-traz-cafe-com-aroma-de-mulher-na-semana-28-7-a-1-de-agosto","status":"publish","type":"post","link":"https:\/\/www.tvnovelas.com.br\/tvnews\/o-que-traz-cafe-com-aroma-de-mulher-na-semana-28-7-a-1-de-agosto\/","title":{"rendered":"O que traz Caf\u00e9 Com Aroma de Mulher na semana 28\/7 a 1\u00b0 de agosto"},"content":{"rendered":"<div style=\"background-color: #e8ffd7; border-style: solid; border-width: 0px 0px 10px 0px; solid green; border-radius: 30px; padding: 10px; font-size: 125%; text-align: justify;\">\n.<br \/>\n<figure id=\"attachment_79736\" aria-describedby=\"caption-attachment-79736\" style=\"width: 727px\" class=\"wp-caption aligncenter\"><img data-recalc-dims=\"1\" decoding=\"async\" class=\"wp-image-79736 size-full\" title=\"(Foto: Band\/Caf\u00e9 Com Aroma de Mulher)\" src=\"https:\/\/i0.wp.com\/www.tvnovelas.com.br\/tvnews\/wp-content\/uploads\/2025\/07\/11629.jpg?resize=727%2C408&#038;ssl=1\" alt=\"Foto em O que traz Caf\u00e9 Com Aroma de Mulher na semana 28\/7 a 1\u00b0 de agosto\" width=\"727\" height=\"408\" srcset=\"https:\/\/i0.wp.com\/www.tvnovelas.com.br\/tvnews\/wp-content\/uploads\/2025\/07\/11629.jpg?w=727&amp;ssl=1 727w, https:\/\/i0.wp.com\/www.tvnovelas.com.br\/tvnews\/wp-content\/uploads\/2025\/07\/11629.jpg?resize=250%2C140&amp;ssl=1 250w\" sizes=\"(max-width: 727px) 100vw, 727px\" \/><figcaption id=\"caption-attachment-79736\" class=\"wp-caption-text\">O que traz Caf\u00e9 Com Aroma de Mulher na semana 28\/7 a 1\u00b0 de agosto<\/figcaption><\/figure><strong style=\"color: #3e5f44;\">Nos pr\u00f3ximos cap\u00edtulos de Caf\u00e9 Com Aroma de Mulher, <\/strong>Sebasti\u00e3o investiga movimenta\u00e7\u00f5es ilegais de Ivan nos neg\u00f3cios da fam\u00edlia; O document\u00e1rio idealizado por Gaivota e pelo agr\u00f4nomo emociona Sebasti\u00e3o; Sebasti\u00e3o e Gaivota se beijam e ele promete se separar de L\u00facia; L\u00facia \u00e9 repreendida pela m\u00e9dica ap\u00f3s Sofia ser diagnosticada com anemia e desnutri\u00e7\u00e3o&#8230;<\/div>\n<h2 style=\"color: #3e5f44;\">Resumo de segunda-feira, 28 de julho<\/h2>\n<p>Maracucha n\u00e3o vai ao tributo a Ot\u00e1vio. Martin contrata atores para fingir serem seus pais. Gaivota se apresenta no bar. Lucr\u00e9cia expressa a vontade de se divorciar de Ivan. Julia teme que Paula esteja sendo enganada pelo noivo. L\u00facia tenta ajudar o marido. Ivan admite culpa pelo infarto do pai. Sebasti\u00e3o confronta o irm\u00e3o mais velho e exige a demiss\u00e3o de Carlos M\u00e1rio. Julia cobra as d\u00edvidas do primog\u00eanito.<\/p>\n<h2 style=\"color: #3e5f44;\">Resumo de ter\u00e7a-feira, 29 de julho<\/h2>\n<p>Sebasti\u00e3o investiga movimenta\u00e7\u00f5es ilegais de Ivan nos neg\u00f3cios da fam\u00edlia. Julia acredita na mentira dita pelo marido de Lucr\u00e9cia referente ao empreendimento paralelo. Leonidas se distancia de Gaivota. A vi\u00fava de Ot\u00e1vio hipoteca a\u00e7\u00f5es para quitar as pend\u00eancias do herdeiro preferido. O document\u00e1rio idealizado por Gaivota e pelo agr\u00f4nomo emociona Sebasti\u00e3o. L\u00facia \u00e9 convidada para substituir Pablo Em\u00edlio na empresa. Lucr\u00e9cia confirma o rompimento conjugal entre ela e Ivan. Julia descobre a verdadeira causa do problema card\u00edaco de Ot\u00e1vio. Gaivota deseja retornar ao interior.<\/p>\n<h2 style=\"color: #3e5f44;\">Resumo de quarta-feira, 30 de julho<\/h2>\n<p>Antes da homenagem a Ot\u00e1vio, Julia se d\u00e1 conta de que seus brincos de esmeralda desapareceram. M\u00e1rcia comunica a Gaivota que Ivan e Carlos M\u00e1rio lavam dinheiro e planejaram a tentativa de sequestro do dono da Caf\u00e9 Elite. Gaivota exibe a obra audiovisual sobre o trabalho na lavoura e \u00e9 aplaudida. Ivan e Carlos M\u00e1rio demonstram interesse em fazer investimentos com Martin. Julia come\u00e7a a simpatizar com o companheiro de M\u00e1rcia.<\/p>\n<h2 style=\"color: #3e5f44;\">Resumo de quinta-feira, 31 de julho<\/h2>\n<p>Sebasti\u00e3o se mostra muito satisfeito com o trabalho de Carmela e Gaivota na fazenda. Eduardo faz chantagem com Martin para manter em segredo suas fraudes. Gaivota informa o ex-namorado sobre o envolvimento de Carlos M\u00e1rio na captura do pai dele. Sofia tem febre alta e \u00e9 levada ao hospital. Sebasti\u00e3o e Gaivota se beijam e ele promete se separar de L\u00facia, mas a not\u00edcia da interna\u00e7\u00e3o da filha interrompe a conversa.<\/p>\n<h2 style=\"color: #3e5f44;\">Resumo de sexta-feira, 1\u00b0 de agosto<\/h2>\n<p>L\u00facia \u00e9 repreendida pela m\u00e9dica ap\u00f3s Sofia ser diagnosticada com anemia e desnutri\u00e7\u00e3o. Gaivota cogita se reconciliar com Sebasti\u00e3o. A economista amea\u00e7a o marido e passa a atuar na Caf\u00e9 Elite. Bernardo decide sair do pa\u00eds. Lucr\u00e9cia confessa que se relacionou com Martin. M\u00e1rcia assume ter sido amante de Ivan.<br \/>\n<!--FIM--><br \/>\n<strong>Sobre a novela<\/strong><br \/>\n<a href=\"https:\/\/wp.me\/pfspD2-UX\" target=\"_blank\" rel=\"noopener\">&#8216;Caf\u00e9 Com Aroma de Mulher&#8217;: Um amor proibido (Sinopse e personagens)<\/a><\/p>\n<div style=\"font-size: 120%;\"><h3>Confira tamb\u00e9m<\/h3>\r\n<a href=\"https:\/\/tvnovelas.com.br\/novelas\/\" rel=\"noopener\" target=\"_blank\"><strong>Todos os resumos de novelas<\/strong><\/a><\/br>\r\n<a href=\"https:\/\/www.tvnovelas.com.br\/tvnews\/\" rel=\"noopener\" target=\"_blank\"><strong>\u00daltimas not\u00edcias das novelas<\/strong><\/a><\/br>\r\n<a href=\"https:\/\/www.tvnovelas.com.br\/filmes\/\" target=\"_blank\" rel=\"noopener noreferrer\"><strong>Programa\u00e7\u00e3o de filmes na TV aberta<\/strong><\/a><\/br>\r\n<a href=\"https:\/\/caetenews.com.br\/semana\/filmes-da-globo-na-sessao-da-tarde-desta-semana\/\" target=\"_blank\" rel=\"noopener\"><strong>Confira os filmes da semana na Sess\u00e3o da Tarde<\/strong><\/a><\/br>\r\n<a href=\"https:\/\/classindportal.mj.gov.br\/consulta-filmes\" target=\"_blank\" rel=\"noopener\"><strong>Consulte a classifica\u00e7\u00e3o indicativa dos filmes e novelas<\/strong><\/a><\/br><\/div>\n","protected":false},"excerpt":{"rendered":"<p>Caf\u00e9 Com Aroma de Mulher na semana 28\/7 a 1\u00b0 de agosto&#8230; Nos pr\u00f3ximos cap\u00edtulos de Caf\u00e9 Com Aroma de Mulher, <\/strong>Sebasti\u00e3o investiga movimenta\u00e7\u00f5es ilegais&#8230;<\/p>\n","protected":false},"author":1,"featured_media":79736,"comment_status":"closed","ping_status":"closed","sticky":false,"template":"","format":"standard","meta":{"_uf_show_specific_survey":0,"_uf_disable_surveys":false,"_jetpack_memberships_contains_paid_content":false,"footnotes":"","_wp_rev_ctl_limit":""},"categories":[918],"tags":[43,919,64],"class_list":["post-79735","post","type-post","status-publish","format-standard","has-post-thumbnail","hentry","category-cafe-com-aroma-de-mulher","tag-band","tag-cafe-com-aroma-de-mulher","tag-novelas","wpcat-918-id"],"aioseo_notices":[],"jetpack_featured_media_url":"https:\/\/i0.wp.com\/www.tvnovelas.com.br\/tvnews\/wp-content\/uploads\/2025\/07\/11629.jpg?fit=727%2C408&ssl=1","jetpack_shortlink":"https:\/\/wp.me\/pdP2BO-kK3","jetpack_sharing_enabled":true,"_links":{"self":[{"href":"https:\/\/www.tvnovelas.com.br\/tvnews\/wp-json\/wp\/v2\/posts\/79735","targetHints":{"allow":["GET"]}}],"collection":[{"href":"https:\/\/www.tvnovelas.com.br\/tvnews\/wp-json\/wp\/v2\/posts"}],"about":[{"href":"https:\/\/www.tvnovelas.com.br\/tvnews\/wp-json\/wp\/v2\/types\/post"}],"author":[{"embeddable":true,"href":"https:\/\/www.tvnovelas.com.br\/tvnews\/wp-json\/wp\/v2\/users\/1"}],"replies":[{"embeddable":true,"href":"https:\/\/www.tvnovelas.com.br\/tvnews\/wp-json\/wp\/v2\/comments?post=79735"}],"version-history":[{"count":3,"href":"https:\/\/www.tvnovelas.com.br\/tvnews\/wp-json\/wp\/v2\/posts\/79735\/revisions"}],"predecessor-version":[{"id":79739,"href":"https:\/\/www.tvnovelas.com.br\/tvnews\/wp-json\/wp\/v2\/posts\/79735\/revisions\/79739"}],"wp:featuredmedia":[{"embeddable":true,"href":"https:\/\/www.tvnovelas.com.br\/tvnews\/wp-json\/wp\/v2\/media\/79736"}],"wp:attachment":[{"href":"https:\/\/www.tvnovelas.com.br\/tvnews\/wp-json\/wp\/v2\/media?parent=79735"}],"wp:term":[{"taxonomy":"category","embeddable":true,"href":"https:\/\/www.tvnovelas.com.br\/tvnews\/wp-json\/wp\/v2\/categories?post=79735"},{"taxonomy":"post_tag","embeddable":true,"href":"https:\/\/www.tvnovelas.com.br\/tvnews\/wp-json\/wp\/v2\/tags?post=79735"}],"curies":[{"name":"wp","href":"https:\/\/api.w.org\/{rel}","templated":true}]}}